{"id":197911,"date":"2025-03-23T08:57:54","date_gmt":"2025-03-23T08:57:54","guid":{"rendered":"https:\/\/radiofenix.com.ar\/2023\/nora-siempre-nos-cuido-un-recorrido-imprescindible\/"},"modified":"2025-03-23T08:57:54","modified_gmt":"2025-03-23T08:57:54","slug":"nora-siempre-nos-cuido-un-recorrido-imprescindible","status":"publish","type":"post","link":"https:\/\/radiofenix.com.ar\/2023\/nora-siempre-nos-cuido-un-recorrido-imprescindible\/","title":{"rendered":"&quot;Nora siempre nos cuid\u00f3&quot;, un recorrido imprescindible"},"content":{"rendered":"<div><!-- Body --><\/p>\n<p>\u201cEra muy raro verla seria, <b>siempre estaba con una sonrisa, <\/b>hasta el \u00faltimo d\u00eda\u201d, rememora <b>Alejandro Amdan.<\/b> El fot\u00f3grafo es el curador de <i>Nora siempre nos cuid\u00f3<\/i>, una <b>muestra fotogr\u00e1fica<\/b> inaugurada el viernes en la reabierta sala Abraham Vigo del <b>Centro Cultural de la Cooperaci\u00f3n (Av. Corrientes 1543). <\/b>La muestra rinde homenaje al legado de <b>Nora Corti\u00f1as, cofundadora de Madres de Plaza de Mayo<\/b> y una de las figuras emblem\u00e1ticas de la lucha por la memoria y la justicia en la Argentina. <i>Norita,<\/i> para todos. Incluso para el propio Amdan, aunque cuenta que esta vez prescindi\u00f3 del diminutivo que inspiraba su cuerpo menudo y su car\u00e1cter siempre jovial para realzar la grandeza de su obra por los derechos humanos y las causas sociales justas. <b>\u201cNora era m\u00e1s fuerte y por eso siempre nos cuid\u00f3\u201d, <\/b>destaca. La muestra puede visitarse de <b>lunes a viernes de 12 a 20 y los fines de semana de 14 a 22.<\/b><\/p>\n<p>  En la muestra hay, sin embargo, <b>fotos serias.<\/b> Hay fotos de Norita enojada, incluso, recagando a puteadas al milico que le fuerza el abrazo a una compa\u00f1era. Hay fotos suyas con sus compa\u00f1eras y <b>el agua bien por encima de los tobillos <\/b>por un diluvio que coincidi\u00f3 con su <b>tradicional ronda de los jueves en Plaza de Mayo. <\/b>Hay fotos, sobre todo, de los primeros tiempos. De cuando un grupo de fot\u00f3grafos \u2013entre quienes se contaba Amdan- las segu\u00eda semana a semana en su reclamo, para luego acercarles los negativos y que ellas pudieran <b>resguardar <\/b>lo que no pod\u00eda salir en los diarios por la censura y la autocensura.<\/p>\n<p>  \u201cLa idea era poner <b>fotos que se vieron poco,<\/b> sobre todo en aquella \u00e9poca muchas no se publicaban, entonces hay muchas de estas fotos que casi no se vieron. Hay algunas nuevas, de algunos fot\u00f3grafos que son m\u00e1s j\u00f3venes, pero la mayor\u00eda somos de la \u00e9poca de los \u201880. Por eso son <b>casi todas anal\u00f3gicas y en blanco y negro\u201d, <\/b>explica el fot\u00f3grafo-curador. \u201cEn las fotos aparecen, por ejemplo, <b>Nora y Hebe juntas,<\/b> y la separaci\u00f3n de Madres fue en el \u201885, as\u00ed que son bastante viejas. Inclusive hay fotos de <b>Nora y Estela <\/b>juntas tambi\u00e9n\u201d, agrega. Y justifica: \u201cpor eso no hay fotos de ella con el pa\u00f1uelo verde, un tema que obviamente apoyamos\u201d.<\/p>\n<p>  \u201cAl principio \u00e9ramos muy pocos fot\u00f3grafos y hab\u00eda una relaci\u00f3n de madres e hijos, porque nosotros<b> ten\u00edamos casi la edad de sus hijos e hijas desaparecidas,<\/b> entonces ellas ten\u00edan un cari\u00f1o especial por nosotros y trataban de cuidarnos, por eso tambi\u00e9n la necesidad de mostrar esa \u00e9poca y lo que pasaba\u201d, comenta Amdan. \u201cEllas se preocupaban mucho por nosotros durante las rondas, e inclusive despu\u00e9s, porque iban a los medios a ver si est\u00e1bamos y en esos momentos le d\u00e1bamos las fotos que muchas veces no sal\u00edan en los medios\u201d.<\/p>\n<p>  M\u00e1s all\u00e1 de la sonrisa o el eventual gesto adusto, en todas las fotos se advierte una <b>determinaci\u00f3n <\/b>imposible de aplacar. <b>La certeza de hacer algo digno y necesario.<\/b> \u201cSalvo en los momentos de enfrentamiento, cuando ella tuvo una actitud muy combativa, en realidad siempre sonre\u00edan, y eso era lo que m\u00e1s me llamaba la atenci\u00f3n\u201d.<\/p>\n<div class=\"medium-insert-embeds\">\n<figure>\n<div class=\"medium-insert-embed\">\n<div align=\"center\">\n<figure role=\"group\" class=\"caption caption-drupal-entity\"><figcaption>(Imagen:\u00a0Pablo Lasansky)<\/figcaption><\/figure>\n<\/div><\/div>\n<\/figure>\n<\/div>\n<p>  La selecci\u00f3n de fotograf\u00edas en el CCC pone de manifiesto tambi\u00e9n<b> la necesidad de sostener la memoria, <\/b>especialmente en esta \u00e9poca plagada de discursos no ya negacionistas, sino<b> reivindicatorios de la represi\u00f3n ilegal<\/b> de la \u00faltima dictadura c\u00edvico-militar. \u201cCre\u00edamos que eso no lo \u00edbamos a volver a vivir y ahora con el gobierno actual estamos volviendo a ver cosas que inclusive no pasaban\u201d, manifiesta Amdan \u201cPor ejemplo en la represi\u00f3n actual en las \u00faltimas manifestaciones que estuvimos es <b>tanto o peor que en la \u00e9poca de la dictadura <\/b>porque en la dictadura se cuidaban de tocar a la prensa en las marchas\u201d, advierte y, tambi\u00e9n, recuerda a los colegas secuestrados y desaparecidos por el terrorismo de Estado, que entre fot\u00f3grafos y camar\u00f3grafos suma unas <b>ochenta v\u00edctimas. <\/b>\u201cPor eso son las fotos m\u00e1s viejas, para tratar de explicar a las generaciones nuevas que no saben qu\u00e9 pas\u00f3, que nadie les explic\u00f3. <b>Lo que pas\u00f3 con nuestro compa\u00f1ero Pablo Grillo es grav\u00edsimo\u201d.<\/b><\/p>\n<p>  \u201cLos derechos humanos, la libertad de prensa, todas esas cosas por las que peleamos en aquella \u00e9poca hoy est\u00e1n <b>pisoteadas <\/b>y ojal\u00e1 sirva esta inauguraci\u00f3n, a la que vino mucha gente, incluso chicos j\u00f3venes, o hasta gente grande que se sorprend\u00eda al ver algunas fotos por primera vez, o amigos y viejos como nosotros que <b>se quebraron<\/b> al ver otra vez esas im\u00e1genes y revivir esas \u00e9pocas\u201d. Ante todo eso, Norita, siempre un horizonte al que caminar, una virtud a la que aspirar. Norita. Y Nora, siempre.<\/p>\n<p><!-- Live Blog Post --><\/div>\n<p><a href=\"https:\/\/www.pagina12.com.ar\/812743-nora-siempre-nos-cuido-un-recorrido-imprescindible\">source<\/a><\/p>\n","protected":false},"excerpt":{"rendered":"<p>\u201cEra muy raro verla seria, siempre estaba con una sonrisa, hasta el \u00faltimo d\u00eda\u201d, rememora&#8230;<\/p>\n","protected":false},"author":0,"featured_media":197912,"comment_status":"open","ping_status":"open","sticky":false,"template":"","format":"standard","meta":{"footnotes":""},"categories":[4],"tags":[],"class_list":["post-197911","post","type-post","status-publish","format-standard","has-post-thumbnail","hentry","category-espectaculos"],"featured_image_urls":{"full":["https:\/\/radiofenix.com.ar\/2023\/wp-content\/uploads\/wp-header-logo.png",0,0,false],"thumbnail":["https:\/\/radiofenix.com.ar\/2023\/wp-content\/uploads\/wp-header-logo.png",1,1,false],"medium":["https:\/\/radiofenix.com.ar\/2023\/wp-content\/uploads\/wp-header-logo.png",1,1,false],"medium_large":["https:\/\/radiofenix.com.ar\/2023\/wp-content\/uploads\/wp-header-logo.png",1,1,false],"large":["https:\/\/radiofenix.com.ar\/2023\/wp-content\/uploads\/wp-header-logo.png",1,1,false],"1536x1536":["https:\/\/radiofenix.com.ar\/2023\/wp-content\/uploads\/wp-header-logo.png",1,1,false],"2048x2048":["https:\/\/radiofenix.com.ar\/2023\/wp-content\/uploads\/wp-header-logo.png",1,1,false],"newsium-slider-full":["https:\/\/radiofenix.com.ar\/2023\/wp-content\/uploads\/wp-header-logo.png",1,1,false],"newsium-featured":["https:\/\/radiofenix.com.ar\/2023\/wp-content\/uploads\/wp-header-logo.png",1,1,false],"newsium-medium":["https:\/\/radiofenix.com.ar\/2023\/wp-content\/uploads\/wp-header-logo.png",1,1,false]},"author_info":{"info":[""]},"category_info":"<a href=\"https:\/\/radiofenix.com.ar\/2023\/category\/espectaculos\/\" rel=\"category tag\">Espectaculos<\/a>","tag_info":"Espectaculos","comment_count":"0","_links":{"self":[{"href":"https:\/\/radiofenix.com.ar\/2023\/wp-json\/wp\/v2\/posts\/197911","targetHints":{"allow":["GET"]}}],"collection":[{"href":"https:\/\/radiofenix.com.ar\/2023\/wp-json\/wp\/v2\/posts"}],"about":[{"href":"https:\/\/radiofenix.com.ar\/2023\/wp-json\/wp\/v2\/types\/post"}],"replies":[{"embeddable":true,"href":"https:\/\/radiofenix.com.ar\/2023\/wp-json\/wp\/v2\/comments?post=197911"}],"version-history":[{"count":0,"href":"https:\/\/radiofenix.com.ar\/2023\/wp-json\/wp\/v2\/posts\/197911\/revisions"}],"wp:featuredmedia":[{"embeddable":true,"href":"https:\/\/radiofenix.com.ar\/2023\/wp-json\/wp\/v2\/media\/197912"}],"wp:attachment":[{"href":"https:\/\/radiofenix.com.ar\/2023\/wp-json\/wp\/v2\/media?parent=197911"}],"wp:term":[{"taxonomy":"category","embeddable":true,"href":"https:\/\/radiofenix.com.ar\/2023\/wp-json\/wp\/v2\/categories?post=197911"},{"taxonomy":"post_tag","embeddable":true,"href":"https:\/\/radiofenix.com.ar\/2023\/wp-json\/wp\/v2\/tags?post=197911"}],"curies":[{"name":"wp","href":"https:\/\/api.w.org\/{rel}","templated":true}]}}