{"id":197915,"date":"2025-03-24T08:57:36","date_gmt":"2025-03-24T08:57:36","guid":{"rendered":"https:\/\/radiofenix.com.ar\/2023\/tortura-desidia-y-servidumbre-en-comunidades-terapeuticas\/"},"modified":"2025-03-24T08:57:36","modified_gmt":"2025-03-24T08:57:36","slug":"tortura-desidia-y-servidumbre-en-comunidades-terapeuticas","status":"publish","type":"post","link":"https:\/\/radiofenix.com.ar\/2023\/tortura-desidia-y-servidumbre-en-comunidades-terapeuticas\/","title":{"rendered":"Tortura, desidia y servidumbre en comunidades terap\u00e9uticas"},"content":{"rendered":"<div><!-- Body --><\/p>\n<p><b>Veinte personas fallecieron en circunstancias dudosas<\/b> en <a href=\"https:\/\/www.pagina12.com.ar\/tags\/20561-comunidad-terapeutica\">comunidades terap\u00e9uticas<\/a> desde el a\u00f1o 2012. As\u00ed se desprende de un informe realizado por la unidad de investigaci\u00f3n de la <b>Asociaci\u00f3n de Reducci\u00f3n de Da\u00f1os de Argentina<\/b> (ARDA), que realiz\u00f3 el <b>primer relevamiento formal<\/b> sobre los casos ocurridos en establecimientos de salud mental denunciados por <b><a href=\"https:\/\/www.pagina12.com.ar\/775828-un-negocio-sin-control-bajo-la-lupa-de-la-justicia\">violar sistem\u00e1ticamente los derechos<\/a><\/b> de los usuarios. Los casos van desde <a href=\"https:\/\/www.pagina12.com.ar\/403566-clinica-no-habilitada-cuatro-personas-murieron-en-un-incendi\">muertes en incendios<\/a> a fallecimientos por <b>desidia, abandono<\/b> y hasta situaciones de <b>tortura <\/b>en celdas de castigo. Algunas fueron juzgadas, <b>otras contin\u00faan impunes<\/b>.\u00a0<\/p>\n<p>De a poco, las verdades van saliendo a la luz. Las <b>condiciones inhumanas<\/b> en las que viven los usuarios del sistema de salud mental en decenas de comunidades terap\u00e9uticas, la mayor parte en <b>irregular legalidad<\/b>, dejan de ser un secreto. No por arte de magia, sino por la <b>lucha <\/b>de los familiares de las v\u00edctimas y de los especialistas que, desde distintas \u00e1reas, se encargan de <b>investigar, denunciar y acompa\u00f1ar<\/b> a las familias.\u00a0<\/p>\n<p>Es el caso de la Unidad de Investigaciones y Protecci\u00f3n de Derechos en Salud Mental (UIP) de ARDA, integrada por el periodista e investigador\u00a0<b>Pablo Galfr\u00e9<\/b>, la abogada <b>Magal\u00ed Ledesma<\/b> y la psic\u00f3loga <b>Andrea Vicenzi<\/b>, que el a\u00f1o pasado querell\u00f3 en el hist\u00f3rico juicio por la muerte de cuatro personas en un incendio en el centro <b>Resiliencia San Fernando<\/b>, que termin\u00f3 con la <a href=\"https:\/\/www.pagina12.com.ar\/786656-condenan-a-los-responsables-del-hogar-terapeutico-donde-muri\">primera condena por \u00ab<b>reducci\u00f3n a la servidumbre<\/b>\u00bb <\/a>a responsables de una comunidad de este tipo.\u00a0<\/p>\n<p>Ahora, los nombres de\u00a0<b>Nicol\u00e1s Ortiz, Nahuel Casta\u00f1o, Rodrigo Moreno, Nicol\u00e1s Bisbal<\/b>, las cuatro v\u00edctimas de aquel incendio, aparecen incluidos entre los de los veinte fallecidos que pudo sistematizar la\u00a0UIP en el <b>primer informe<\/b> que da cuenta de las muertes catalogadas como \u00abdudosas\u00bb en las comunidades. Galfr\u00e9 se\u00f1ala ahora a <b>P\u00e1gina 12<\/b> que, dentro de esas muertes, \u00abalgunas <b>nunca fueron investigadas<\/b>, otras fueron investigadas por iniciativa nuestra y hubo <b>condenados<\/b>, y otras no fueron investigadas y por eso mismo terminaron en un\u00a0<b>incendio con muertos<\/b> que derivaron en las condenas\u00bb. <\/p>\n<p>Aquel caso es, quiz\u00e1s, el m\u00e1s resonante: la ma\u00f1ana del <b>22 de febrero de 2022<\/b> se desat\u00f3 un incendio en la sede de la comunidad terap\u00e9utica ubicada en la localidad de <b>La Lonja<\/b>, partido de Pilar, y en menos\u00a0de cinco minutos las llamas agarraron toda la casa en la que Ortiz, Casta\u00f1o, Moreno y Bisbal <b>dorm\u00edan hacinados<\/b>.\u00a0 La autopsia arroj\u00f3 que fallecieron por <b>inhalar mon\u00f3xido de carbono y \u00e1cido cianh\u00eddrico<\/b>, mientras que en el juicio se demostr\u00f3 que ellos y los otros 22 internos eran sometidos a condiciones de <b>servidumbre <\/b>mediante <b>drogas inyectables que<\/b> los dejaban<b>\u00a0<\/b>en un estado de semi inconsciencia. Los cuatro fallecidos ni siquiera pudieron llegar a\u00a0 intentar escapar del fuego. Por ese caso fueron condenados\u00a0<b>Emanuel Cambra, Eliana Wawric, Alejandra Machado y Alejandro Merenzon<\/b>, con distintas responsabilidades en la comunidad.\u00a0<\/p>\n<p>En el informe se subraya que los veinte casos recabados ocurrieron en lugares donde los due\u00f1os \u00ab<b>obligan a los usuarios a trabajar, hacer las camas, limpiar cuartos, hacer el desayuno, almuerzo y cena, limpiar toda la instituci\u00f3n y hacer tareas de mantenimiento general<\/b>\u00ab. \u00abTambi\u00e9n los obligan a hacer <b>guardias nocturnas<\/b>, a ser los vigilantes de sus propios compa\u00f1eros\u00bb, apunta la UIP, que agrega que \u00abmuchas veces son <b>obligados a trabajar en las casas de los due\u00f1os<\/b> de la comunidad\u00bb.\u00a0<\/p>\n<p>El informe tambi\u00e9n denuncia casos extremadamente violentos de <b>captaci\u00f3n de usuarios en contra de su voluntad<\/b> para ingresarlos a las comunidades. Algunos de ellos incluso terminaron en muerte, como el caso de <b>Gast\u00f3n Cunsolo<\/b>, ocurrido en julio de 2021. Seg\u00fan denuncia la UIP, \u00abtres internos de la Comunidad Reencontrarse, tambi\u00e9n de Pilar, fueron a internarlo en contra de su voluntad; <b>Gast\u00f3n se resisti\u00f3, lo asfixiaron, lo dejaron tirado en el living de la casa y se fueron sin decirle nada a su madre<\/b>\u00ab. El hombre ten\u00eda 40 a\u00f1os y no era usuario de drogas, sino que padec\u00eda de <b>esquizofrenia<\/b>. Esa causa fue <b>elevada a juicio por homicidio simple <\/b>contra los tres internos, pero sin acusar a los responsables de la comunidad.\u00a0<\/p>\n<p>Un caso que tambi\u00e9n <a href=\"https:\/\/www.pagina12.com.ar\/86173-el-horror-que-va-a-juicio\">lleg\u00f3 a juicio fue el de Saulo Rojas<\/a>, que muri\u00f3 en 2013 en la <b>Fundaci\u00f3n San Camilo<\/b>. El informe de la UIP precisa que Rojas, de 23 a\u00f1os, \u00abestaba <b>deprimido <\/b>porque hab\u00eda reca\u00eddo en el consumo, era <b>insulino dependiente<\/b> y extra\u00f1aba much\u00edsimo a su madre\u00bb. En esas condiciones fue <b>encerrado en una celda de castigo<\/b> de la instituci\u00f3n por el encargado de seguridad, <b>\u00c1ngel S\u00fa\u00f1ez<\/b>, sin sus dosis de insulina y con el cintur\u00f3n puesto, con el que finalmente <b>se ahorc\u00f3<\/b>. En el juicio, S\u00fa\u00f1ez fue sentenciado en 2022 a\u00a0<b>tres a\u00f1os de prisi\u00f3n por homicidio culposo\u00a0<\/b>en la <b><a href=\"https:\/\/www.pagina12.com.ar\/447906-condena-en-el-primer-juicio-por-una-muerte-en-una-comunidad-\">primera condena por una muerte dudosa<\/a><\/b> en una comunidad, mientras que al due\u00f1o de San Camilo, <b>Mart\u00edn Iribarne<\/b>, y el director terap\u00e9utico, <b>Alejandro Jacinto,<\/b> la Justicia de C\u00e1mara les concedi\u00f3 una <i>probation<\/i>.\u00a0<\/p>\n<p>En 2017, tras la investigaci\u00f3n de Galfr\u00e9 y la Comisi\u00f3n Provincial por la Memoria (CPM), San Camilo fue finalmente <b>clausurada<\/b>. La inspecci\u00f3n de la CPM encontr\u00f3, entre otras cosas, \u00ab<b>pacientes adultos y j\u00f3venes v\u00edctimas de pr\u00e1cticas sistem\u00e1ticas de torturas y malos tratos, personas privadas ileg\u00edtimamente de la libertad, afectaci\u00f3n del v\u00ednculo familiar, uso abusivo de psicof\u00e1rmacos, medidas de aislamiento sistem\u00e1ticas y arbitrarias<\/b>\u201d. El informe indica que en ese lugar, y s\u00f3lo once d\u00edas antes que Rojas, tambi\u00e9n muri\u00f3 <b>Felipe Mariniasky<\/b>, un hombre de 41 a\u00f1os con retraso madurativo y paresia en sus ojos. Mariniasky sufri\u00f3 un golpe que le produjo un hematoma subdural y la muerte. La UIP advierte que ese caso <b>nunca fue investigado<\/b> por la Justicia, y <b>nadie sabe si el golpe fue accidental o intencional<\/b>.\u00a0<\/p>\n<p>Otro lugar del terror fue la denominada <b\/><a href=\"https:\/\/www.pagina12.com.ar\/131070-una-comunidad-terapeutica-que-no-cura\"><b>Fundaci\u00f3n San Antonio<\/b> con procedimientos que la UIP denuncia como \u00abcalcados a los de San Camilo<\/a>\u00ab: \u00ab<b>Secuestros, sobremedicaci\u00f3n, encierro prolongado, ausencia de terapia, entre otras violaciones a los derechos humanos<\/b>\u00ab, subraya el informe. En ese lugar murieron\u00a0<b>Franco Ruiz D\u00edaz<\/b>, oficialmente como un suicidio aunque su familia niega esa hip\u00f3tesis, <b>Mat\u00edas Lamorte<\/b>, sobremedicado y tirado en un cuarto sin ventilaci\u00f3n cuando era asm\u00e1tico, y <b><a href=\"https:\/\/www.pagina12.com.ar\/147283-buscaba-curarse-y-salio-muerta\">Claudia Mart\u00ednez<\/a><\/b>, una mujer con graves problemas renales por consumo de alcohol que no fueron atendidos. <b>Ninguno de los tres casos fue juzgado<\/b>, mientras que la comunidad <a href=\"https:\/\/www.pagina12.com.ar\/346895-clausuraron-una-granja-de-rehabilitacion-luego-de-que-su-adm\">termin\u00f3 clausurada en 2021<\/a>\u00a0luego de que el <b>due\u00f1o de la instituci\u00f3n amenazara a los internos con un arma de fuego.\u00a0<\/b><\/p>\n<p>Aunque con algunas causas resonantes en las que se obtuvo justicia, como las mencionadas m\u00e1s arriba, es evidente que el <b>saldo del Estado con respecto a las comunidades queda en deuda<\/b>. No s\u00f3lo por las investigaciones que no avanzan o directamente se archivan, sino por el mero hecho de que las comunidades contin\u00faen existiendo en esas condiciones, incluyendo a <b>varias sin autorizaci\u00f3n<\/b>.\u00a0<\/p>\n<p>Galfr\u00e9 remarca en este sentido que \u00abla <b>UIP lleg\u00f3 para quedarse<\/b> y tiene que estar presente porque el Estado no est\u00e1, recibimos mucha m\u00e1s informaci\u00f3n y, por momentos, m\u00e1s denuncias que el Estado\u00bb. El periodista se\u00f1ala que, por ejemplo, la unidad se encuentra investigando una comunidad de la que ya recibieron denuncias en 2022 y \u00abreci\u00e9n ahora el Estado la est\u00e1 investigando tras las denuncias nuestras\u00bb. <b>La UIP recibe denuncias en su correo electr\u00f3nico:\u00a0<span><a href=\"\/cdn-cgi\/l\/email-protection\" class=\"__cf_email__\" data-cfemail=\"493c20392d2c273c272a20283a092e24282025672a2624\">[email\u00a0protected]<\/a><\/span>.\u00a0\u00a0<\/b><\/p>\n<p><!-- Live Blog Post --><\/div>\n<p><a href=\"https:\/\/www.pagina12.com.ar\/812925-veinte-muertes-dudosas-la-ultima-decada\">source<\/a><\/p>\n","protected":false},"excerpt":{"rendered":"<p>Veinte personas fallecieron en circunstancias dudosas en comunidades terap\u00e9uticas desde el a\u00f1o 2012. As\u00ed se&#8230;<\/p>\n","protected":false},"author":0,"featured_media":197916,"comment_status":"open","ping_status":"open","sticky":false,"template":"","format":"standard","meta":{"footnotes":""},"categories":[7],"tags":[],"class_list":["post-197915","post","type-post","status-publish","format-standard","has-post-thumbnail","hentry","category-sociedad"],"featured_image_urls":{"full":["https:\/\/radiofenix.com.ar\/2023\/wp-content\/uploads\/wp-header-logo.png",0,0,false],"thumbnail":["https:\/\/radiofenix.com.ar\/2023\/wp-content\/uploads\/wp-header-logo.png",1,1,false],"medium":["https:\/\/radiofenix.com.ar\/2023\/wp-content\/uploads\/wp-header-logo.png",1,1,false],"medium_large":["https:\/\/radiofenix.com.ar\/2023\/wp-content\/uploads\/wp-header-logo.png",1,1,false],"large":["https:\/\/radiofenix.com.ar\/2023\/wp-content\/uploads\/wp-header-logo.png",1,1,false],"1536x1536":["https:\/\/radiofenix.com.ar\/2023\/wp-content\/uploads\/wp-header-logo.png",1,1,false],"2048x2048":["https:\/\/radiofenix.com.ar\/2023\/wp-content\/uploads\/wp-header-logo.png",1,1,false],"newsium-slider-full":["https:\/\/radiofenix.com.ar\/2023\/wp-content\/uploads\/wp-header-logo.png",1,1,false],"newsium-featured":["https:\/\/radiofenix.com.ar\/2023\/wp-content\/uploads\/wp-header-logo.png",1,1,false],"newsium-medium":["https:\/\/radiofenix.com.ar\/2023\/wp-content\/uploads\/wp-header-logo.png",1,1,false]},"author_info":{"info":[""]},"category_info":"<a href=\"https:\/\/radiofenix.com.ar\/2023\/category\/sociedad\/\" rel=\"category tag\">Sociedad<\/a>","tag_info":"Sociedad","comment_count":"0","_links":{"self":[{"href":"https:\/\/radiofenix.com.ar\/2023\/wp-json\/wp\/v2\/posts\/197915","targetHints":{"allow":["GET"]}}],"collection":[{"href":"https:\/\/radiofenix.com.ar\/2023\/wp-json\/wp\/v2\/posts"}],"about":[{"href":"https:\/\/radiofenix.com.ar\/2023\/wp-json\/wp\/v2\/types\/post"}],"replies":[{"embeddable":true,"href":"https:\/\/radiofenix.com.ar\/2023\/wp-json\/wp\/v2\/comments?post=197915"}],"version-history":[{"count":0,"href":"https:\/\/radiofenix.com.ar\/2023\/wp-json\/wp\/v2\/posts\/197915\/revisions"}],"wp:featuredmedia":[{"embeddable":true,"href":"https:\/\/radiofenix.com.ar\/2023\/wp-json\/wp\/v2\/media\/197916"}],"wp:attachment":[{"href":"https:\/\/radiofenix.com.ar\/2023\/wp-json\/wp\/v2\/media?parent=197915"}],"wp:term":[{"taxonomy":"category","embeddable":true,"href":"https:\/\/radiofenix.com.ar\/2023\/wp-json\/wp\/v2\/categories?post=197915"},{"taxonomy":"post_tag","embeddable":true,"href":"https:\/\/radiofenix.com.ar\/2023\/wp-json\/wp\/v2\/tags?post=197915"}],"curies":[{"name":"wp","href":"https:\/\/api.w.org\/{rel}","templated":true}]}}