{"id":197923,"date":"2025-03-24T08:57:43","date_gmt":"2025-03-24T08:57:43","guid":{"rendered":"https:\/\/radiofenix.com.ar\/2023\/descolonizando-la-mente-palestina-un-ensayo-politico-en-medio-de-las-bombas\/"},"modified":"2025-03-24T08:57:43","modified_gmt":"2025-03-24T08:57:43","slug":"descolonizando-la-mente-palestina-un-ensayo-politico-en-medio-de-las-bombas","status":"publish","type":"post","link":"https:\/\/radiofenix.com.ar\/2023\/descolonizando-la-mente-palestina-un-ensayo-politico-en-medio-de-las-bombas\/","title":{"rendered":"&quot;Descolonizando la mente palestina&quot;: un ensayo pol\u00edtico en medio de las bombas"},"content":{"rendered":"<div><!-- Body --><\/p>\n<p>\u00abEstoy de pie sobre las ruinas de una casa en la ciudad de Gaza, oteando el horizonte\u00bb. As\u00ed empieza el libro <i><b>Descolonizando la mente palestina<\/b><\/i>, del acad\u00e9mico <b>Haidar Eid<\/b>. A pesar de esa sensaci\u00f3n de tremenda inmediatez, el trabajo que acaba de publicar la editorial catalana Verso no es una cr\u00f3nica ni un trabajo de campo. Es un ensayo pol\u00edtico urgente, una toma de posici\u00f3n rigurosa y pol\u00e9mica sobre el conflicto palestino-israel\u00ed.<\/p>\n<p>Hay otra referencia ineludible antes de analizar el contenido de este trabajo: en 2023, mientras Eid estaba escribiendo el cap\u00edtulo final de su libro, el edificio donde viv\u00eda con su esposa y sus dos hijas fue bombardeado. El profesor de Literatura Comparada de la Universidad Al-Aqsa termin\u00f3 de transmitir los \u00faltimos p\u00e1rrafos a trav\u00e9s de mensajes de audio de whatsapp, mientras hu\u00eda junto a su familia hacia la ciudad de Rafah.\u00a0<\/p>\n<p>El espanto -ante la masacre de la que son v\u00edctimas miles de civiles de la Franja de Gaza a manos del ej\u00e9rcito de Netanyahu- no enturbia la mirada de Eid, un intelectual que denuncia \u00abgenocidio y limpieza \u00e9tnica\u00bb perpetrados por el Estado de Israel y que, al mismo tiempo, critica la \u00abcrisis de representaci\u00f3n\u00bb pol\u00edtica que sufren los palestinos. Plantea que la Autoridad Nacional Palestina desempe\u00f1a el papel de \u00absargento de prisiones o jefe de presos, regulando la vida de dos millones de reclusos\u00bb.\u00a0<\/p>\n<p>Eid es sudafricano (se doctor\u00f3 en la Universidad de Johannesburgo) pero de origen palestino. De ahi que se\u00f1ale haber sufrido dos experiencias de apartheid, \u00abuno de los cuales est\u00e1 en el fondo del cubo de la basura de la historia, mientras que el otro est\u00e1 prosperando y disfrutando de la gloria de la supremac\u00eda \u00e9tnico-religiosa, con la ayuda y el apoyo de excolonialistas e imperialistas\u00bb. <\/p>\n<p>La b\u00fasqueda pol\u00edtica e intelectual de Eid se inscribe en la l\u00ednea de Aim\u00e9 C\u00e9saire, Antonio Gramsci, Ghassan Kanafani, Frantz Fanon, Rosa Luxemburgo y, fundamentalmente, Edward Said. En su l\u00f3gica emancipatoria, condena los Acuerdos de Oslo que establecieron \u00abla soluci\u00f3n de los dos Estados\u00bb, concretada formalmente pero nunca en los hechos.\u00a0<\/p>\n<p>Eid vuelve una y otra vez a la analog\u00eda con el r\u00e9gimen de apartheid que sufri\u00f3 Sud\u00e1frica, al marcar las similitudes entre Gaza\/Cisjordania y el bantust\u00e1n (as\u00ed se denominaban las \u00e1reas reservadas a la poblaci\u00f3n negra, con l\u00edderes tribales que se autopercib\u00edan \u00abgobernantes\u00bb) sudafricano. El autor, que es miembro del <b>Movimiento BDS<\/b> (Boicot, Desinversi\u00f3n y Sanciones) argumenta que, adem\u00e1s, la supuesta \u00absoluci\u00f3n de los dos Estados\u00bb no contempla ni a las millones de personas que han sido arrojadas durante d\u00e9cadas al destierro ni a los numerosos palestinos que viven en Israel como ciudadanos de tercera clase.\u00a0<\/p>\n<p>La propuesta de Eid suena -al calor de las noticias cotidianas que llegan desde Gaza- hermosamente ut\u00f3pica: se trata del restablecimiento de la identidad multicultural de Palestina, a trav\u00e9s de un gobierno inclusivo, laico y democr\u00e1tico. \u00abLa alternativa est\u00e1 clara: un Estado para todos los habitantes de la Palestina hist\u00f3rica, independientemente de su raza, etnia y religi\u00f3n; uno que no se base en la opresi\u00f3n de una comunidad sobre otra\u00bb, escribe el autor.\u00a0\u00a0<\/p>\n<p>Como se\u00f1ala el periodista y activista indio-estadounidense\u00a0<b>Vijay Prashad<\/b> en el ep\u00edlogo, <i>Descolonizando la mente palestina<\/i> \u00abpresenta un argumento que parece cada vez menos probable, pero al mismo tiempo cada vez m\u00e1s necesario\u00bb.\u00a0<\/p>\n<p><!-- Live Blog Post --><\/div>\n<p><a href=\"https:\/\/www.pagina12.com.ar\/812916-descolonizando-la-mente-palestina-un-ensayo-politico-en-medi\">source<\/a><\/p>\n","protected":false},"excerpt":{"rendered":"<p>\u00abEstoy de pie sobre las ruinas de una casa en la ciudad de Gaza, oteando&#8230;<\/p>\n","protected":false},"author":0,"featured_media":197924,"comment_status":"open","ping_status":"open","sticky":false,"template":"","format":"standard","meta":{"footnotes":""},"categories":[4],"tags":[],"class_list":["post-197923","post","type-post","status-publish","format-standard","has-post-thumbnail","hentry","category-espectaculos"],"featured_image_urls":{"full":["https:\/\/radiofenix.com.ar\/2023\/wp-content\/uploads\/wp-header-logo.png",0,0,false],"thumbnail":["https:\/\/radiofenix.com.ar\/2023\/wp-content\/uploads\/wp-header-logo.png",1,1,false],"medium":["https:\/\/radiofenix.com.ar\/2023\/wp-content\/uploads\/wp-header-logo.png",1,1,false],"medium_large":["https:\/\/radiofenix.com.ar\/2023\/wp-content\/uploads\/wp-header-logo.png",1,1,false],"large":["https:\/\/radiofenix.com.ar\/2023\/wp-content\/uploads\/wp-header-logo.png",1,1,false],"1536x1536":["https:\/\/radiofenix.com.ar\/2023\/wp-content\/uploads\/wp-header-logo.png",1,1,false],"2048x2048":["https:\/\/radiofenix.com.ar\/2023\/wp-content\/uploads\/wp-header-logo.png",1,1,false],"newsium-slider-full":["https:\/\/radiofenix.com.ar\/2023\/wp-content\/uploads\/wp-header-logo.png",1,1,false],"newsium-featured":["https:\/\/radiofenix.com.ar\/2023\/wp-content\/uploads\/wp-header-logo.png",1,1,false],"newsium-medium":["https:\/\/radiofenix.com.ar\/2023\/wp-content\/uploads\/wp-header-logo.png",1,1,false]},"author_info":{"info":[""]},"category_info":"<a href=\"https:\/\/radiofenix.com.ar\/2023\/category\/espectaculos\/\" rel=\"category tag\">Espectaculos<\/a>","tag_info":"Espectaculos","comment_count":"0","_links":{"self":[{"href":"https:\/\/radiofenix.com.ar\/2023\/wp-json\/wp\/v2\/posts\/197923","targetHints":{"allow":["GET"]}}],"collection":[{"href":"https:\/\/radiofenix.com.ar\/2023\/wp-json\/wp\/v2\/posts"}],"about":[{"href":"https:\/\/radiofenix.com.ar\/2023\/wp-json\/wp\/v2\/types\/post"}],"replies":[{"embeddable":true,"href":"https:\/\/radiofenix.com.ar\/2023\/wp-json\/wp\/v2\/comments?post=197923"}],"version-history":[{"count":0,"href":"https:\/\/radiofenix.com.ar\/2023\/wp-json\/wp\/v2\/posts\/197923\/revisions"}],"wp:featuredmedia":[{"embeddable":true,"href":"https:\/\/radiofenix.com.ar\/2023\/wp-json\/wp\/v2\/media\/197924"}],"wp:attachment":[{"href":"https:\/\/radiofenix.com.ar\/2023\/wp-json\/wp\/v2\/media?parent=197923"}],"wp:term":[{"taxonomy":"category","embeddable":true,"href":"https:\/\/radiofenix.com.ar\/2023\/wp-json\/wp\/v2\/categories?post=197923"},{"taxonomy":"post_tag","embeddable":true,"href":"https:\/\/radiofenix.com.ar\/2023\/wp-json\/wp\/v2\/tags?post=197923"}],"curies":[{"name":"wp","href":"https:\/\/api.w.org\/{rel}","templated":true}]}}