{"id":197925,"date":"2025-03-25T08:57:32","date_gmt":"2025-03-25T08:57:32","guid":{"rendered":"https:\/\/radiofenix.com.ar\/2023\/alerta-en-el-sector-textil-por-la-baja-de-aranceles\/"},"modified":"2025-03-25T08:57:32","modified_gmt":"2025-03-25T08:57:32","slug":"alerta-en-el-sector-textil-por-la-baja-de-aranceles","status":"publish","type":"post","link":"https:\/\/radiofenix.com.ar\/2023\/alerta-en-el-sector-textil-por-la-baja-de-aranceles\/","title":{"rendered":"Alerta en el sector textil por la baja de aranceles"},"content":{"rendered":"<div><!-- Body --><\/p>\n<p>El ministro de Econom\u00eda, Luis Caputo, anunci\u00f3 que<b> <b>bajar\u00e1n los aranceles a la importaci\u00f3n de indumentaria, calzado y telas<\/b><\/b>, luego de conocerse el \u00edndice de inflaci\u00f3n de febrero. La decisi\u00f3n puso en alerta al sector, que denuncia \u201chace veinte meses que nuestros precios suben por debajo del IPC\u201d. Luego de un a\u00f1o cr\u00edtico en materia de ventas como fue 2024, la baja de aranceles aporta nuevas amenazas na la producci\u00f3n y el empleo. Las empresas y sindicatos del sector, e inclusive la Uni\u00f3n Industrial Argentina (UIA) <b>rechazaron la medida<\/b>, que a\u00fan no se activ\u00f3.<\/p>\n<p>\u201cCon el objetivo de bajar los precios locales y aumentar la competencia, vamos a rebajar los impuestos a la importaci\u00f3n de ropa, calzado y telas\u201d, indic\u00f3 Caputo en su cuenta de la red social X. El decreto reducir\u00e1 los <b>aranceles de <b>ropa y calzado, que pasar\u00e1n de 35 a 20 por ciento, <\/b><\/b><b>de telas de 26 a 18 por ciento y de los distintos hilados de 18 a 12, 14 y 16 por ciento<\/b>.\u00a0<\/p>\n<p>\u201cBajaron fuerte los aranceles al producto terminado por el solo hecho de beneficiar a la gente que compra<b> ropa cara en el shopping<\/b>. Esa ropa ya se importa \u2013el 70 por ciento de la ropa es shoppings es importada, otro 25 por ciento se hace con telas importadas-. Nuestra participaci\u00f3n en este mercado es \u00ednfima: menor al 4 por ciento\u201d, sostiene <b>Marco Meloni<\/b>, empresario textil y vicepresidente de Industriales PyMEs Argentinos (IPA).<\/p>\n<p>La industria textil tampoco aporta, en estos tiempos, a subir la tasa de inflaci\u00f3n. \u201cHace veinte meses que<b> nuestros precios suben por debajo del IPC<\/b>\u201d, agrega el empresario. Sin embargo, la baja de aranceles se decidi\u00f3 como respuesta ante un nivel de la inflaci\u00f3n en estos meses por encima de lo esperado.<\/p>\n<p>El sector textil es caracter\u00edstico de la industria pyme y re\u00fane unas <b>24.000 empresas registradas<\/b> repartidas por todo el pa\u00eds. Abarca desde la obtenci\u00f3n de materias primas como el algod\u00f3n, hasta la tejedur\u00eda e hilander\u00eda (que suman unas 4.300 firmas) y el acabado y confecci\u00f3n de productos textiles e indumentaria (otras 4.000 firmas). Participan unos 540.000 trabajadores, con mayor participaci\u00f3n de empleo femenino (69 por ciento).  <\/p>\n<p>Usualmente se compara el precio de venta de la ropa en shoppings en Argentina <i>versus<\/i> otros pa\u00edses de la regi\u00f3n, y los precios de venta en el pa\u00eds resultan m\u00e1s caros, pero esto se explica menos por los costos de producci\u00f3n que por los impuestos nacionales, provinciales y municipales que paga la ropa. Un gr\u00e1fico difundida desde el sector apunta que el 50 por ciento del precio de venta final son impuestos, mientras el 2 a 3 por ciento lo explican los aranceles.\u00a0<\/p>\n<p>La baja de aranceles no s\u00f3lo beneficiar\u00e1 a la ropa cara e importada, sino que facilitar\u00e1 tambi\u00e9n la importaci\u00f3n de ropa muy barata, que se fabrica en <b>condiciones de trabajo esclavo <\/b>en otros pa\u00edses. \u201cEn\u00a0Bangladesh o India, las personas mueren hacinadas por las condiciones de producci\u00f3n, donde las terminaciones se realizan con amon\u00edaco, que est\u00e1 prohibido, en lugar de utilizar los auxiliares correspondientes\u201d, denuncia Meloni.<\/p>\n<p>Otra problem\u00e1tica es el <b>contrabando fronterizo<\/b>, que fomenta la informalidad e ilegalidad mediante marcas fraudulentas y el ingreso hormiga. \u201cEl gobierno no puede desconocer el ingreso de medias y otros productos textiles provenientes de Chile, Bolivia y\u00a0 Paraguay a  trav\u00e9s del contrabando de mercader\u00eda\u00bb, advierte el dirigente empresario.<\/p>\n<h2>M\u00e1s costos y menos ventas<\/h2>\n<p>Como en otros sectores manufactureros, con la apreciaci\u00f3n cambiaria y la suba de los precios en pesos, el costo de producir en d\u00f3lares creci\u00f3 en el rubro textil. En lugar de compensar estas desventajas, el gobierno recurre a la apertura del comercio, \u00abuna situaci\u00f3n que nos hace recordar a los a\u00f1os \u00b470 o \u00b490, que termino por llevar a las empresas a la quiebra\u00bb.<\/p>\n<p>Meloni estima que los costos en d\u00f3lares subieron un 150 por ciento, con aumentos en la log\u00edstica (la nafta y el gasoil) y los servicios p\u00fablicos regulados.<\/p>\n<p>La decisi\u00f3n de una mayor apertura a la competencia externa llega luego de pasar un a\u00f1o como 2024, marcado por la ca\u00edda masiva en las ventas y la producci\u00f3n del sector textil. En una reciente <a href=\"https:\/\/www.pagina12.com.ar\/806010-la-crisis-textil-una-radiografia-de-la-industria\">encuesta de la <b>Fundaci\u00f3n Pro Tejer<\/b><\/a> para evaluar la coyuntura, <b>el 62 por ciento de las empresas report\u00f3 ca\u00eddas interanuales en las ventas y el 67 por ciento disminuci\u00f3n de la producci\u00f3n<\/b>. \u00abEsta crisis est\u00e1 impactando en forma conjunta en todos los rubros de la cadena de valor: desde la fabricaci\u00f3n de hilados, telas, indumentaria y la comercializaci\u00f3n de m\u00e1quinas, insumos y bienes finales\u00bb, detalla el informe.<\/p>\n<p>A su vez, al preguntar a los empresarios sobre las razones que explican la ca\u00edda de la producci\u00f3n, un 80 por ciento coincide en identificar al poder adquisitivo de la poblaci\u00f3n como factor relevante.<\/p>\n<h2>Reclamo empresario<\/h2>\n<p>Luego de conocerse la decisi\u00f3n del gobierno, <b>29 asociaciones de empresarios y trabajadores del sector textil<\/b> <b>se manifestaron en contra <\/b>de la baja de los aranceles mediante una <a href=\"La%20cadena%20de%20valor%20textil,%20indumentaria%20y%20calzado%20de%20todo%20el%20pa%C3%ADs%20unida,%20empresarios%20y\" target=\"_blank\" rel=\"noopener\">carta p\u00fablica<\/a>. El texto fue breve pero la convocatoria importante, all\u00ed se\u00f1alan: \u201cLa cadena de valor textil, indumentaria y calzado de todo el pa\u00eds unida, empresarios y trabajadores, no comparten que la baja de aranceles a la importaci\u00f3n sea la soluci\u00f3n. Primero debemos bajar impuestos para los que producen en el pa\u00eds y luego, dise\u00f1ar una estrategia de integraci\u00f3n comercial, para no profundizar la ca\u00edda de la producci\u00f3n industrial y la p\u00e9rdida de empleo, y beneficiar a los consumidores\u201d.<\/p>\n<p>Tambi\u00e9n la UIA lanz\u00f3 su propio comunicado donde advierten que con la baja de aranceles \u201cla competencia frente a las importaciones de bienes finales se torna<b> <\/b>desigual y desleal\u201d, y aclaran que \u201ces preocupante que la agenda de integraci\u00f3n comercial no est\u00e9 acompa\u00f1ada de una agenda de competitividad dentro del pa\u00eds\u201d.<\/p>\n<p><!-- Live Blog Post --><\/div>\n<p><a href=\"https:\/\/www.pagina12.com.ar\/812933-alerta-en-el-sector-textil-por-la-baja-de-aranceles\">source<\/a><\/p>\n","protected":false},"excerpt":{"rendered":"<p>El ministro de Econom\u00eda, Luis Caputo, anunci\u00f3 que bajar\u00e1n los aranceles a la importaci\u00f3n de&#8230;<\/p>\n","protected":false},"author":0,"featured_media":197926,"comment_status":"open","ping_status":"open","sticky":false,"template":"","format":"standard","meta":{"footnotes":""},"categories":[5],"tags":[],"class_list":["post-197925","post","type-post","status-publish","format-standard","has-post-thumbnail","hentry","category-economia"],"featured_image_urls":{"full":["https:\/\/radiofenix.com.ar\/2023\/wp-content\/uploads\/wp-header-logo.png",0,0,false],"thumbnail":["https:\/\/radiofenix.com.ar\/2023\/wp-content\/uploads\/wp-header-logo.png",1,1,false],"medium":["https:\/\/radiofenix.com.ar\/2023\/wp-content\/uploads\/wp-header-logo.png",1,1,false],"medium_large":["https:\/\/radiofenix.com.ar\/2023\/wp-content\/uploads\/wp-header-logo.png",1,1,false],"large":["https:\/\/radiofenix.com.ar\/2023\/wp-content\/uploads\/wp-header-logo.png",1,1,false],"1536x1536":["https:\/\/radiofenix.com.ar\/2023\/wp-content\/uploads\/wp-header-logo.png",1,1,false],"2048x2048":["https:\/\/radiofenix.com.ar\/2023\/wp-content\/uploads\/wp-header-logo.png",1,1,false],"newsium-slider-full":["https:\/\/radiofenix.com.ar\/2023\/wp-content\/uploads\/wp-header-logo.png",1,1,false],"newsium-featured":["https:\/\/radiofenix.com.ar\/2023\/wp-content\/uploads\/wp-header-logo.png",1,1,false],"newsium-medium":["https:\/\/radiofenix.com.ar\/2023\/wp-content\/uploads\/wp-header-logo.png",1,1,false]},"author_info":{"info":[""]},"category_info":"<a href=\"https:\/\/radiofenix.com.ar\/2023\/category\/economia\/\" rel=\"category tag\">Economia<\/a>","tag_info":"Economia","comment_count":"0","_links":{"self":[{"href":"https:\/\/radiofenix.com.ar\/2023\/wp-json\/wp\/v2\/posts\/197925","targetHints":{"allow":["GET"]}}],"collection":[{"href":"https:\/\/radiofenix.com.ar\/2023\/wp-json\/wp\/v2\/posts"}],"about":[{"href":"https:\/\/radiofenix.com.ar\/2023\/wp-json\/wp\/v2\/types\/post"}],"replies":[{"embeddable":true,"href":"https:\/\/radiofenix.com.ar\/2023\/wp-json\/wp\/v2\/comments?post=197925"}],"version-history":[{"count":0,"href":"https:\/\/radiofenix.com.ar\/2023\/wp-json\/wp\/v2\/posts\/197925\/revisions"}],"wp:featuredmedia":[{"embeddable":true,"href":"https:\/\/radiofenix.com.ar\/2023\/wp-json\/wp\/v2\/media\/197926"}],"wp:attachment":[{"href":"https:\/\/radiofenix.com.ar\/2023\/wp-json\/wp\/v2\/media?parent=197925"}],"wp:term":[{"taxonomy":"category","embeddable":true,"href":"https:\/\/radiofenix.com.ar\/2023\/wp-json\/wp\/v2\/categories?post=197925"},{"taxonomy":"post_tag","embeddable":true,"href":"https:\/\/radiofenix.com.ar\/2023\/wp-json\/wp\/v2\/tags?post=197925"}],"curies":[{"name":"wp","href":"https:\/\/api.w.org\/{rel}","templated":true}]}}