{"id":197927,"date":"2025-03-25T08:57:34","date_gmt":"2025-03-25T08:57:34","guid":{"rendered":"https:\/\/radiofenix.com.ar\/2023\/los-casos-de-eutanasia-aumentaron-un-10-por-ciento-en-paises-bajos\/"},"modified":"2025-03-25T08:57:34","modified_gmt":"2025-03-25T08:57:34","slug":"los-casos-de-eutanasia-aumentaron-un-10-por-ciento-en-paises-bajos","status":"publish","type":"post","link":"https:\/\/radiofenix.com.ar\/2023\/los-casos-de-eutanasia-aumentaron-un-10-por-ciento-en-paises-bajos\/","title":{"rendered":"Los casos de eutanasia aumentaron un 10 por ciento en Pa\u00edses Bajos"},"content":{"rendered":"<div><!-- Body --><\/p>\n<p>Casi 10.000 personas pusieron fin a su vida con un proceso de eutanasia durante 2024 en Pa\u00edses Bajos, <b>un 10 % m\u00e1s que en el a\u00f1o anterior, <\/b>y en su mayor\u00eda los casos se debieron a <b>enfermedades f\u00edsicas comunes como el c\u00e1ncer<\/b>, aunque tambi\u00e9n se registraron 219 casos por <b>trastornos mentales graves<\/b>.<\/p>\n<p>Seg\u00fan el informe publicado este lunes por los Comit\u00e9s Regionales de Evaluaci\u00f3n de la Eutanasia (RTE), se registraron <b>un total de 9.958 casos a lo largo de 2024<\/b>, lo que supone <b>un 5,8 % de los fallecimientos totales<\/b> que tuvieron lugar en Pa\u00edses Bajos el a\u00f1o pasado, y <b>un 10 % m\u00e1s<\/b> de muertes por eutanasia en comparaci\u00f3n con 2023.<\/p>\n<p>La gran mayor\u00eda de los casos, un 86,29 %, tuvo como causa enfermedades f\u00edsicas comunes como el c\u00e1ncer, del sistema nervioso, pulmonares o cardiovasculares. Mientras, 427 de los casos de eutanasia fueron pacientes con alg\u00fan tipo de demencia y, en 219, el sufrimiento estaba causado (en su mayor\u00eda) por una o m\u00e1s enfermedades mentales.<\/p>\n<p>A los RTE tambi\u00e9n se les notificaron 397 eutanasias de personas con varias enfermedades relacionadas con la vejez, y 232 se encontraban bajo la categor\u00eda de \u201cotras enfermedades\u201d.<\/p>\n<p>Tambi\u00e9n hubo <b>un menor que eligi\u00f3 la eutanasia el a\u00f1o pasado<\/b>: un chico de unos 16 a\u00f1os que ten\u00eda <b>autismo<\/b>, <b>ansiedad <\/b>y <b>sentimientos depresivos<\/b>, y su caso fue investigado por el comit\u00e9, que concluy\u00f3 que, efectivamente, sufr\u00eda sin esperanza y que su solicitud de eutanasia fue evaluada con el cuidado necesario.<\/p>\n<p>Adem\u00e1s, tambi\u00e9n hubo <b>54 casos de eutanasia en pareja,<\/b> en la que dos personas decidieron poner fin a su vida juntas. Generalmente, estos eran casos de parejas que hab\u00edan pasado la mayor parte de su vida en una relaci\u00f3n, pero el a\u00f1o pasado, por primera vez, otras personas consideradas \u201cparientes cercanos\u201d tambi\u00e9n eligieron esta forma. <\/p>\n<p>Las <b>eutanasias en pareja fueron noticia <\/b>en Pa\u00edses Bajos el a\u00f1o pasado, despu\u00e9s de que <b>el exprimer ministro neerland\u00e9s Dries van Agt y su mujer, ambos de 93 a\u00f1os, eligieran poner fin a su vida al mismo tiempo. <\/b><\/p>\n<p>Del total,<b> seis casos est\u00e1n sujetos a investigaci\u00f3n<\/b> porque se cree que el m\u00e9dico no cumpli\u00f3 con los requisitos de cuidado al realizar la eutanasia. En dos de ellos, el profesional no consult\u00f3 apropiadamente con otro m\u00e9dico independiente (condici\u00f3n necesaria para autorizar una eutanasia), y en otras tres, no se siguieron las directrices al realizar una eutanasia complicada por alguna raz\u00f3n.<\/p>\n<p>Uno de los casos cuestionables est\u00e1 relacionado con el <b>cuidado extremo<\/b> que un m\u00e9dico debe tener cuando <b>la solicitud de eutanasia se basa en un sufrimiento causado por una enfermedad mental<\/b>. Una mujer ten\u00eda un trastorno que le hac\u00eda ver excremento en todas partes y limpiar obsesivamente todo, pero, cuando se fractur\u00f3 una v\u00e9rtebra y ya no pod\u00eda limpiar, su estado mental empeor\u00f3 de forma severa, hasta considerarlo \u201cinsoportable\u201d. <\/p>\n<p>Seg\u00fan los expertos que revisaron el caso, el m\u00e9dico ten\u00eda que haber consultado a un psiquiatra independiente para determinar si su sufrimiento era realmente incurable o hab\u00eda otras opciones de tratamiento. El resultado de estas investigaciones se conocer\u00e1 m\u00e1s adelante.\u00a0<\/p>\n<p><!-- Live Blog Post --><\/div>\n<p><a href=\"https:\/\/www.pagina12.com.ar\/813099-los-casos-de-eutanasia-aumentaron-un-10-por-ciento-en-paises\">source<\/a><\/p>\n","protected":false},"excerpt":{"rendered":"<p>Casi 10.000 personas pusieron fin a su vida con un proceso de eutanasia durante 2024&#8230;<\/p>\n","protected":false},"author":0,"featured_media":197928,"comment_status":"open","ping_status":"open","sticky":false,"template":"","format":"standard","meta":{"footnotes":""},"categories":[7],"tags":[],"class_list":["post-197927","post","type-post","status-publish","format-standard","has-post-thumbnail","hentry","category-sociedad"],"featured_image_urls":{"full":["https:\/\/radiofenix.com.ar\/2023\/wp-content\/uploads\/wp-header-logo.png",0,0,false],"thumbnail":["https:\/\/radiofenix.com.ar\/2023\/wp-content\/uploads\/wp-header-logo.png",1,1,false],"medium":["https:\/\/radiofenix.com.ar\/2023\/wp-content\/uploads\/wp-header-logo.png",1,1,false],"medium_large":["https:\/\/radiofenix.com.ar\/2023\/wp-content\/uploads\/wp-header-logo.png",1,1,false],"large":["https:\/\/radiofenix.com.ar\/2023\/wp-content\/uploads\/wp-header-logo.png",1,1,false],"1536x1536":["https:\/\/radiofenix.com.ar\/2023\/wp-content\/uploads\/wp-header-logo.png",1,1,false],"2048x2048":["https:\/\/radiofenix.com.ar\/2023\/wp-content\/uploads\/wp-header-logo.png",1,1,false],"newsium-slider-full":["https:\/\/radiofenix.com.ar\/2023\/wp-content\/uploads\/wp-header-logo.png",1,1,false],"newsium-featured":["https:\/\/radiofenix.com.ar\/2023\/wp-content\/uploads\/wp-header-logo.png",1,1,false],"newsium-medium":["https:\/\/radiofenix.com.ar\/2023\/wp-content\/uploads\/wp-header-logo.png",1,1,false]},"author_info":{"info":[""]},"category_info":"<a href=\"https:\/\/radiofenix.com.ar\/2023\/category\/sociedad\/\" rel=\"category tag\">Sociedad<\/a>","tag_info":"Sociedad","comment_count":"0","_links":{"self":[{"href":"https:\/\/radiofenix.com.ar\/2023\/wp-json\/wp\/v2\/posts\/197927","targetHints":{"allow":["GET"]}}],"collection":[{"href":"https:\/\/radiofenix.com.ar\/2023\/wp-json\/wp\/v2\/posts"}],"about":[{"href":"https:\/\/radiofenix.com.ar\/2023\/wp-json\/wp\/v2\/types\/post"}],"replies":[{"embeddable":true,"href":"https:\/\/radiofenix.com.ar\/2023\/wp-json\/wp\/v2\/comments?post=197927"}],"version-history":[{"count":0,"href":"https:\/\/radiofenix.com.ar\/2023\/wp-json\/wp\/v2\/posts\/197927\/revisions"}],"wp:featuredmedia":[{"embeddable":true,"href":"https:\/\/radiofenix.com.ar\/2023\/wp-json\/wp\/v2\/media\/197928"}],"wp:attachment":[{"href":"https:\/\/radiofenix.com.ar\/2023\/wp-json\/wp\/v2\/media?parent=197927"}],"wp:term":[{"taxonomy":"category","embeddable":true,"href":"https:\/\/radiofenix.com.ar\/2023\/wp-json\/wp\/v2\/categories?post=197927"},{"taxonomy":"post_tag","embeddable":true,"href":"https:\/\/radiofenix.com.ar\/2023\/wp-json\/wp\/v2\/tags?post=197927"}],"curies":[{"name":"wp","href":"https:\/\/api.w.org\/{rel}","templated":true}]}}