{"id":197931,"date":"2025-03-25T08:57:39","date_gmt":"2025-03-25T08:57:39","guid":{"rendered":"https:\/\/radiofenix.com.ar\/2023\/estados-unidos-y-rusia-reanudan-negociaciones-para-un-alto-el-fuego-parcial-en-ucrania\/"},"modified":"2025-03-25T08:57:39","modified_gmt":"2025-03-25T08:57:39","slug":"estados-unidos-y-rusia-reanudan-negociaciones-para-un-alto-el-fuego-parcial-en-ucrania","status":"publish","type":"post","link":"https:\/\/radiofenix.com.ar\/2023\/estados-unidos-y-rusia-reanudan-negociaciones-para-un-alto-el-fuego-parcial-en-ucrania\/","title":{"rendered":"Estados Unidos y Rusia reanudan negociaciones para un alto el fuego parcial en Ucrania"},"content":{"rendered":"<div><!-- Body --><\/p>\n<p>Representantes de <b>Estados Unidos<\/b> y <b>Rusia <\/b>iniciaron este lunes en <b>Riad<\/b>, Arabia Saudita, una <b>nueva ronda de <\/b><a href=\"https:\/\/www.pagina12.com.ar\/811692-putin-acuerda-con-trump-un-alto-el-fuego-parcial-y-pide-cort\"><b>negociaciones<\/b> <\/a>para alcanzar un <b><a href=\"https:\/\/www.pagina12.com.ar\/810827-ee-uu-y-rusia-se-mostraron-optimistas-para-lograr-una-tregua\">alto el fuego<\/a><\/b>\u00a0en la guerra en <b><a href=\"https:\/\/www.pagina12.com.ar\/812221-zelenski-confirmo-el-interes-de-estados-unidos-en-la-planta-\">Ucrania<\/a><\/b>. Previo al encuentro, producido un d\u00eda despu\u00e9s de las conversaciones entre <a href=\"https:\/\/www.pagina12.com.ar\/811952-trump-hablo-con-zelenski-y-se-ofrecio-a-gestionar-las-planta\">Washington y Kiev<\/a>, el Kremlin aclar\u00f3 que <b>no tiene previsto firmar ning\u00fan documento<\/b> en esta etapa, sino m\u00e1s bien \u00ab<b>conocer las demandas<\/b>\u00bb de los estadounidenses.<\/p>\n<p>Los equipos de ambas naciones se reunieron a <b>puerta cerrada<\/b> en el hotel Ritz-Carlton de Riad, con la posible <b>reactivaci\u00f3n<\/b> del acuerdo de alto el fuego de 2022 en el <b>mar Negro<\/b> como uno de los temas centrales. Las negociaciones se extendieron por <b>m\u00e1s de diez horas<\/b>.<\/p>\n<p>El equipo estadounidense estuvo integrado por <b>Andrew Peek<\/b>, alto funcionario del Consejo de Seguridad Nacional de la Casa Blanca, y <b>Michael Anton<\/b>, del Departamento de Estado. Por parte de Rusia, el diplom\u00e1tico <b>Grigori Karasin<\/b>, quien encabeza la delegaci\u00f3n, se mostr\u00f3 <b>optimista <\/b>durante el segundo receso, aunque <b>evit\u00f3 revelar detalles<\/b> sobre los temas discutidos. Junto a \u00e9l, particip\u00f3 <b>Sergu\u00e9i Beseda<\/b>, asesor del director del Servicio Federal de Seguridad ruso (FSB).<\/p>\n<p>Por su parte, el equipo ucraniano, encabezado por el ministro de Defensa, <b>Rustem Um\u00e9rov<\/b>, quien el domingo <b>mantuvo conversaciones<\/b> con representantes de Estados Unidos, inform\u00f3 que espera sostener una <b>segunda reuni\u00f3n <\/b>con Washington este lunes, lo que sugiere <b>posibles avances<\/b> en el di\u00e1logo.<\/p>\n<div class=\"iframely-embed medium-embedded-content\" data-html=\"Jmx0O2Jsb2NrcXVvdGUgY2xhc3M9InR3aXR0ZXItdHdlZXQiIGRhdGEtZG50PSJ0cnVlIiBhbGlnbj0iY2VudGVyIiZndDsmbHQ7cCBsYW5nPSJlbiIgZGlyPSJsdHIiJmd0O1dlIGhhdmUgY29uY2x1ZGVkIG91ciBtZWV0aW5nIHdpdGggdGhlIEFtZXJpY2FuIHRlYW0uJmx0O2JyJmd0O1RoZSBkaXNjdXNzaW9uIHdhcyBwcm9kdWN0aXZlIGFuZCBmb2N1c2VkIOKAlCB3ZSBhZGRyZXNzZWQga2V5IHBvaW50cyBpbmNsdWRpbmcgZW5lcmd5LiZsdDticiZndDsmbHQ7YnImZ3Q7UHJlc2lkZW50IFZvbG9keW15ciBaZWxlbnNreXnigJlzIGdvYWwgaXMgdG8gc2VjdXJlIGEganVzdCBhbmQgbGFzdGluZyBwZWFjZSBmb3Igb3VyIGNvdW50cnkgYW5kIG91ciBwZW9wbGUg4oCUIGFuZCwgYnkgZXh0ZW5zaW9uLCBmb3IgYWxsIG9m4oCmJmx0Oy9wJmd0OyZhbXA7bWRhc2g7IFJ1c3RlbSBVbWVyb3YgKEBydXN0ZW1fdW1lcm92KSAmbHQ7YSBocmVmPSJodHRwczovL3R3aXR0ZXIuY29tL3J1c3RlbV91bWVyb3Yvc3RhdHVzLzE5MDM5MDgyNjEwMTY4NzA5ODA\/cmVmX3NyYz10d3NyYyU1RXRmdyImZ3Q7TWFyY2ggMjMsIDIwMjUmbHQ7L2EmZ3Q7Jmx0Oy9ibG9ja3F1b3RlJmd0OwombHQ7c2NyaXB0IGFzeW5jIHNyYz0iaHR0cHM6Ly9wbGF0Zm9ybS50d2l0dGVyLmNvbS93aWRnZXRzLmpzIiBjaGFyc2V0PSJ1dGYtOCImZ3Q7Jmx0Oy9zY3JpcHQmZ3Q7CgombHQ7ZGl2IGNsYXNzPSJtZWRpdW0taW5zZXJ0LWVtYmVkcy1tZXRhIiZndDsmbHQ7c2NyaXB0IHR5cGU9InRleHQvanNvbiImZ3Q7eyJ1cmwiOiJodHRwczovL3R3aXR0ZXIuY29tL3J1c3RlbV91bWVyb3Yvc3RhdHVzLzE5MDM5MDgyNjEwMTY4NzA5ODAiLCJ0eXBlIjoicmljaCIsInZlcnNpb24iOiIxLjAiLCJ0aXRsZSI6IlJ1c3RlbSBVbWVyb3Ygb24gVHdpdHRlciAvIFgiLCJhdXRob3IiOiJSdXN0ZW0gVW1lcm92IiwiYXV0aG9yX3VybCI6Imh0dHBzOi8vdHdpdHRlci5jb20vcnVzdGVtX3VtZXJvdiIsInByb3ZpZGVyX25hbWUiOiJUd2l0dGVyIiwiZGVzY3JpcHRpb24iOiJXZSBoYXZlIGNvbmNsdWRlZCBvdXIgbWVldGluZyB3aXRoIHRoZSBBbWVyaWNhbiB0ZWFtLlRoZSBkaXNjdXNzaW9uIHdhcyBwcm9kdWN0aXZlIGFuZCBmb2N1c2VkIOKAlCB3ZSBhZGRyZXNzZWQga2V5IHBvaW50cyBpbmNsdWRpbmcgZW5lcmd5LlByZXNpZGVudCBWb2xvZHlteXIgWmVsZW5za3l54oCZcyBnb2FsIGlzIHRvIHNlY3VyZSBhIGp1c3QgYW5kIGxhc3RpbmcgcGVhY2UgZm9yIG91ciBjb3VudHJ5IGFuZCBvdXIgcGVvcGxlIOKAlCBhbmQsIGJ5IGV4dGVuc2lvbiwgZm9yIGFsbCBvZuKApuKAlCBSdXN0ZW0gVW1lcm92IChAcnVzdGVtX3VtZXJvdikgTWFyY2ggMjMsIDIwMjVcblxuXG4iLCJjYWNoZV9hZ2UiOjg2NDAwLCJvcHRpb25zIjp7Il90aGVtZSI6eyJ2YWx1ZSI6IiIsInZhbHVlcyI6eyJkYXJrIjoiVXNlIGRhcmsgdGhlbWUifX0sIl9tYXh3aWR0aCI6eyJ2YWx1ZSI6IiIsImxhYmVsIjoiQWRqdXN0IHdpZHRoIiwicGxhY2Vob2xkZXIiOiIyMjAtNTUwLCBpbiBweCJ9fX0mbHQ7L3NjcmlwdCZndDsmbHQ7L2RpdiZndDs=\">\n                <a data-iframely-url=\"\" href=\"https:\/\/twitter.com\/rustem_umerov\/status\/1903908261016870980\">https:\/\/twitter.com\/rustem_umerov\/status\/1903908261016870980<\/a>\n              <\/div>\n<h2>El Mar Negro<\/h2>\n<p>El Kremlin asegur\u00f3 que su prioridad en las negociaciones es <b>garantizar la seguridad de la navegaci\u00f3n en el corredor mar\u00edtimo<\/b>. En este contexto, se eval\u00faa la posible reanudaci\u00f3n de la <b>Iniciativa del Mar Negro<\/b>, un acuerdo que en su momento permiti\u00f3 la <b>exportaci\u00f3n <\/b>de millones de toneladas de grano y otros productos alimenticios desde los puertos ucranianos.<\/p>\n<p><b>Rusia se retir\u00f3 del acuerdo del mar Negro<\/b> en 2023 despu\u00e9s de acusar a las potencias occidentales de <b>no cumplir sus compromisos<\/b> de suavizar las sanciones a las exportaciones rusas de productos agr\u00edcolas y fertilizantes.<\/p>\n<p>\u00abLa cuesti\u00f3n de la Iniciativa del Mar Negro y todos los aspectos relacionados con su renovaci\u00f3n est\u00e1n en la agenda de hoy\u00bb, declar\u00f3 el portavoz del Kremlin, <b>Dmitri Peskov<\/b>. Adem\u00e1s, afirm\u00f3 que esta fue una propuesta del presidente estadounidense, <b>Donald Trump<\/b> a la cual Mosc\u00fa accedi\u00f3, lo que sirvi\u00f3 de base para que la delegaci\u00f3n rusa viajara a Riad.<\/p>\n<p>El presidente ruso, <b>Vladimir Putin<\/b>, <b>rechaz\u00f3 la propuesta conjunta<\/b> de Estados Unidos y Ucrania para una <b>pausa total e inmediata<\/b> de 30 d\u00edas en el conflicto. En su lugar, Mosc\u00fa plante\u00f3 un cese de ataques \u00fanicamente contra <b>instalaciones energ\u00e9ticas<\/b>.<\/p>\n<h2><span>Concesiones<\/span><\/h2>\n<p>Las negociaciones en Riad se desarrollan en un contexto de <b>acercamiento <\/b>entre Rusia y Estados Unidos bajo la administraci\u00f3n de Trump, lo que ha llevado a un fortalecimiento de los lazos bilaterales. Peskov enfatiz\u00f3 que \u00abno se debe subestimar el potencial de una <b>cooperaci\u00f3n mutuamente beneficiosa<\/b> en varias \u00e1reas\u00bb, dejando abierta la posibilidad de avances diplom\u00e1ticos en el futuro.<\/p>\n<p>Por su parte, el enviado especial de Estados Unidos para la guerra, <b>Steve Witkoff<\/b>, se mostr\u00f3 <b>optimista <\/b>y expres\u00f3 su expectativa de lograr \u00abun <b>progreso real<\/b> en Arabia Saudita\u00bb, en particular en lo relacionado con el Mar Negro. En una entrevista con <i>Fox News<\/i>, Witkoff mencion\u00f3 la posibilidad de un \u00abalto el fuego para los barcos entre ambos pa\u00edses\u00bb, lo que podr\u00eda servir como base para un cese de hostilidades m\u00e1s amplio.<\/p>\n<p>Adem\u00e1s, reiter\u00f3 los argumentos del Kremlin respecto a los <b>refer\u00e9ndums <\/b>realizados en las regiones ucranianas de <b>Jers\u00f3n<\/b>, <b>Zaporiyia<\/b>, <b>Lugansk <\/b>y <b>Donetsk<\/b>, donde Mosc\u00fa asegura haber recibido <b>un amplio respaldo de la poblaci\u00f3n local<\/b> para incorporarlas a Rusia.<\/p>\n<p><!-- Live Blog Post --><\/div>\n<p><script async src=\"\/\/platform.twitter.com\/widgets.js\" charset=\"utf-8\"><\/script><br \/><a href=\"https:\/\/www.pagina12.com.ar\/813134-estados-unidos-y-rusia-reanudan-negociaciones-para-un-alto-e\">source<\/a><\/p>\n","protected":false},"excerpt":{"rendered":"<p>Representantes de Estados Unidos y Rusia iniciaron este lunes en Riad, Arabia Saudita, una nueva&#8230;<\/p>\n","protected":false},"author":0,"featured_media":197932,"comment_status":"open","ping_status":"open","sticky":false,"template":"","format":"standard","meta":{"footnotes":""},"categories":[60],"tags":[],"class_list":["post-197931","post","type-post","status-publish","format-standard","has-post-thumbnail","hentry","category-internacional"],"featured_image_urls":{"full":["https:\/\/radiofenix.com.ar\/2023\/wp-content\/uploads\/wp-header-logo.png",0,0,false],"thumbnail":["https:\/\/radiofenix.com.ar\/2023\/wp-content\/uploads\/wp-header-logo.png",1,1,false],"medium":["https:\/\/radiofenix.com.ar\/2023\/wp-content\/uploads\/wp-header-logo.png",1,1,false],"medium_large":["https:\/\/radiofenix.com.ar\/2023\/wp-content\/uploads\/wp-header-logo.png",1,1,false],"large":["https:\/\/radiofenix.com.ar\/2023\/wp-content\/uploads\/wp-header-logo.png",1,1,false],"1536x1536":["https:\/\/radiofenix.com.ar\/2023\/wp-content\/uploads\/wp-header-logo.png",1,1,false],"2048x2048":["https:\/\/radiofenix.com.ar\/2023\/wp-content\/uploads\/wp-header-logo.png",1,1,false],"newsium-slider-full":["https:\/\/radiofenix.com.ar\/2023\/wp-content\/uploads\/wp-header-logo.png",1,1,false],"newsium-featured":["https:\/\/radiofenix.com.ar\/2023\/wp-content\/uploads\/wp-header-logo.png",1,1,false],"newsium-medium":["https:\/\/radiofenix.com.ar\/2023\/wp-content\/uploads\/wp-header-logo.png",1,1,false]},"author_info":{"info":[""]},"category_info":"<a href=\"https:\/\/radiofenix.com.ar\/2023\/category\/internacional\/\" rel=\"category tag\">Internacional<\/a>","tag_info":"Internacional","comment_count":"0","_links":{"self":[{"href":"https:\/\/radiofenix.com.ar\/2023\/wp-json\/wp\/v2\/posts\/197931","targetHints":{"allow":["GET"]}}],"collection":[{"href":"https:\/\/radiofenix.com.ar\/2023\/wp-json\/wp\/v2\/posts"}],"about":[{"href":"https:\/\/radiofenix.com.ar\/2023\/wp-json\/wp\/v2\/types\/post"}],"replies":[{"embeddable":true,"href":"https:\/\/radiofenix.com.ar\/2023\/wp-json\/wp\/v2\/comments?post=197931"}],"version-history":[{"count":0,"href":"https:\/\/radiofenix.com.ar\/2023\/wp-json\/wp\/v2\/posts\/197931\/revisions"}],"wp:featuredmedia":[{"embeddable":true,"href":"https:\/\/radiofenix.com.ar\/2023\/wp-json\/wp\/v2\/media\/197932"}],"wp:attachment":[{"href":"https:\/\/radiofenix.com.ar\/2023\/wp-json\/wp\/v2\/media?parent=197931"}],"wp:term":[{"taxonomy":"category","embeddable":true,"href":"https:\/\/radiofenix.com.ar\/2023\/wp-json\/wp\/v2\/categories?post=197931"},{"taxonomy":"post_tag","embeddable":true,"href":"https:\/\/radiofenix.com.ar\/2023\/wp-json\/wp\/v2\/tags?post=197931"}],"curies":[{"name":"wp","href":"https:\/\/api.w.org\/{rel}","templated":true}]}}