{"id":197933,"date":"2025-03-25T08:57:42","date_gmt":"2025-03-25T08:57:42","guid":{"rendered":"https:\/\/radiofenix.com.ar\/2023\/crimenes-de-lesa-humanidad-desde-2006-fueron-condenadas-1-197-personas\/"},"modified":"2025-03-25T08:57:42","modified_gmt":"2025-03-25T08:57:42","slug":"crimenes-de-lesa-humanidad-desde-2006-fueron-condenadas-1-197-personas","status":"publish","type":"post","link":"https:\/\/radiofenix.com.ar\/2023\/crimenes-de-lesa-humanidad-desde-2006-fueron-condenadas-1-197-personas\/","title":{"rendered":"Cr\u00edmenes de lesa humanidad: desde 2006, fueron condenadas 1.197 personas"},"content":{"rendered":"<div id=\"\">\n<p>Actualmente, <strong>se est\u00e1n llevando a cabo 14 juicios y, de acuerdo con lo informado<\/strong>, 63 causas de las diferentes jurisdicciones federales se encuentran elevadas a juicio para tratarse en un debate. En tanto, en la fase de instrucci\u00f3n tramitan 258 causas.<\/p>\n<p>En ese contexto, suman 502 las personas imputadas por cr\u00edmenes de lesa humanidad y, a la fecha de cierre de los datos, 27 fueron indagadas y esperan la resoluci\u00f3n de su situaci\u00f3n procesal.<\/p>\n<div contenteditable=\"false\" class=\"embed_cont type_imagen\" id=\"1203640-Libre-1692854240_wrap\">\n<p>Lesa Humanidad.jpg <span onclick=\"parent.parent.TinyMCETdcuerpo.preview_embed('1203640-Libre-1692854240')\" class=\"embed_colapse less\" id=\"1203640-Libre-1692854240_colapse\"\/>  <span onclick=\"parent.parent.TinyMCETdcuerpo.delete_embed('1203640-Libre-1692854240')\" class=\"embed_delete less\" id=\"1203640-Libre-1692854240_delete\"\/><\/p>\n<div id=\"1203640-Libre-1692854240_content\" class=\"embed_content\"><img loading=\"lazy\" decoding=\"async\" src=\"https:\/\/media.minutouno.com\/p\/4a0284ebd50fd6acc2d5c8a8aeb802eb\/adjuntos\/150\/imagenes\/039\/372\/0039372243\/lesa-humanidadjpg.jpg\" alt=\"\" title=\"\" width=\"726\" height=\"460\" id=\"1203640-Libre-1692854240_embed\"\/><\/div>\n<\/p><\/div>\n<p>En la fase de instrucci\u00f3n <strong>hay actualmente 401 personas procesadas, fueron sobrese\u00eddas 118 y otras 158 cuentan con falta de m\u00e9rito<\/strong>, seg\u00fan consign\u00f3 <em>fiscales.gob.ar<\/em>.<\/p>\n<p>Respecto de la situaci\u00f3n de las personas imputadas, <strong>615 se encuentran detenidas, 1.489 est\u00e1n libres y 33 est\u00e1n pr\u00f3fugas.<\/strong><\/p>\n<p>La estad\u00edstica sobre la evoluci\u00f3n anual de estas variables refleja que a partir de 2016 la cifra de las personas en libertad empieza a superar -y se aleja a\u00f1o a a\u00f1o- a la de las personas sujetas a una medida de coerci\u00f3n.<\/p>\n<p>De las 615 personas privadas de su libertad, <strong>498 gozan del beneficio del arresto domiciliario, 61 transitan su detenci\u00f3n en unidades penitenciarias y otras 56 se encuentran alojadas en la Unidad Penitenciaria N\u00b034 del Servicio Penitenciario Federal,<\/strong> situada en el interior de la guarnici\u00f3n militar de Campo de Mayo.<\/p>\n<div contenteditable=\"false\" class=\"embed_cont type_freetext\" rel=\"freetext\" id=\"embed98_wrap\">\n<p>Embed <span onclick=\"parent.parent.TinyMCETdcuerpo.preview_embed('embed98')\" class=\"embed_colapse less\" id=\"embed98_colapse\"\/>  <span onclick=\"parent.parent.TinyMCETdcuerpo.delete_embed('embed98')\" class=\"embed_delete less\" id=\"embed98_delete\"\/><\/p>\n<div id=\"embed98_content\" class=\"embed_content\">\n<div id=\"embed98_embed\">\n<figure class=\"figure\"><a href=\"https:\/\/t.me\/minutounocom\" target=\"_blank\" rel=\"noopener\"><img decoding=\"async\" src=\"https:\/\/media.minutouno.com\/adjuntos\/150\/banners\/039\/099\/0039099175.jpg\" class=\"figure-img img-fluid\" style=\"width:100%;height:auto;\"\/><\/a><\/figure>\n<\/p><\/div>\n<\/div><\/div>\n<\/p><\/div>\n<p><a href=\"https:\/\/www.minutouno.com\/politica\/crimenes-lesa-humanidad-2006-fueron-condenadas-1197-personas-n6126734\">source<\/a><\/p>\n","protected":false},"excerpt":{"rendered":"<p>Actualmente, se est\u00e1n llevando a cabo 14 juicios y, de acuerdo con lo informado, 63&#8230;<\/p>\n","protected":false},"author":0,"featured_media":197934,"comment_status":"open","ping_status":"open","sticky":false,"template":"","format":"standard","meta":{"footnotes":""},"categories":[2],"tags":[],"class_list":["post-197933","post","type-post","status-publish","format-standard","has-post-thumbnail","hentry","category-politica"],"featured_image_urls":{"full":["https:\/\/radiofenix.com.ar\/2023\/wp-content\/uploads\/wp-header-logo.png",0,0,false],"thumbnail":["https:\/\/radiofenix.com.ar\/2023\/wp-content\/uploads\/wp-header-logo.png",1,1,false],"medium":["https:\/\/radiofenix.com.ar\/2023\/wp-content\/uploads\/wp-header-logo.png",1,1,false],"medium_large":["https:\/\/radiofenix.com.ar\/2023\/wp-content\/uploads\/wp-header-logo.png",1,1,false],"large":["https:\/\/radiofenix.com.ar\/2023\/wp-content\/uploads\/wp-header-logo.png",1,1,false],"1536x1536":["https:\/\/radiofenix.com.ar\/2023\/wp-content\/uploads\/wp-header-logo.png",1,1,false],"2048x2048":["https:\/\/radiofenix.com.ar\/2023\/wp-content\/uploads\/wp-header-logo.png",1,1,false],"newsium-slider-full":["https:\/\/radiofenix.com.ar\/2023\/wp-content\/uploads\/wp-header-logo.png",1,1,false],"newsium-featured":["https:\/\/radiofenix.com.ar\/2023\/wp-content\/uploads\/wp-header-logo.png",1,1,false],"newsium-medium":["https:\/\/radiofenix.com.ar\/2023\/wp-content\/uploads\/wp-header-logo.png",1,1,false]},"author_info":{"info":[""]},"category_info":"<a href=\"https:\/\/radiofenix.com.ar\/2023\/category\/politica\/\" rel=\"category tag\">Pol\u00edtica<\/a>","tag_info":"Pol\u00edtica","comment_count":"0","_links":{"self":[{"href":"https:\/\/radiofenix.com.ar\/2023\/wp-json\/wp\/v2\/posts\/197933","targetHints":{"allow":["GET"]}}],"collection":[{"href":"https:\/\/radiofenix.com.ar\/2023\/wp-json\/wp\/v2\/posts"}],"about":[{"href":"https:\/\/radiofenix.com.ar\/2023\/wp-json\/wp\/v2\/types\/post"}],"replies":[{"embeddable":true,"href":"https:\/\/radiofenix.com.ar\/2023\/wp-json\/wp\/v2\/comments?post=197933"}],"version-history":[{"count":0,"href":"https:\/\/radiofenix.com.ar\/2023\/wp-json\/wp\/v2\/posts\/197933\/revisions"}],"wp:featuredmedia":[{"embeddable":true,"href":"https:\/\/radiofenix.com.ar\/2023\/wp-json\/wp\/v2\/media\/197934"}],"wp:attachment":[{"href":"https:\/\/radiofenix.com.ar\/2023\/wp-json\/wp\/v2\/media?parent=197933"}],"wp:term":[{"taxonomy":"category","embeddable":true,"href":"https:\/\/radiofenix.com.ar\/2023\/wp-json\/wp\/v2\/categories?post=197933"},{"taxonomy":"post_tag","embeddable":true,"href":"https:\/\/radiofenix.com.ar\/2023\/wp-json\/wp\/v2\/tags?post=197933"}],"curies":[{"name":"wp","href":"https:\/\/api.w.org\/{rel}","templated":true}]}}