{"id":197939,"date":"2025-03-26T08:58:00","date_gmt":"2025-03-26T08:58:00","guid":{"rendered":"https:\/\/radiofenix.com.ar\/2023\/detuvieron-al-custodio-de-maradona-por-supuesto-falso-testimonio\/"},"modified":"2025-03-26T08:58:00","modified_gmt":"2025-03-26T08:58:00","slug":"detuvieron-al-custodio-de-maradona-por-supuesto-falso-testimonio","status":"publish","type":"post","link":"https:\/\/radiofenix.com.ar\/2023\/detuvieron-al-custodio-de-maradona-por-supuesto-falso-testimonio\/","title":{"rendered":"Detuvieron al custodio de Maradona por supuesto falso testimonio"},"content":{"rendered":"<div><!-- Body --><\/p>\n<p><b>Julio Coria<\/b>, el jefe de seguridad de Diego Maradona, declar\u00f3 este martes en el Tribunal Oral N\u00b03 de San Isidro y <b>qued\u00f3 detenido porque tanto fiscales y abogados como algunos jueces se\u00f1alaron que dio<\/b>\u00a0al menos <b>dos contradicciones fundamentales<\/b> en su declaraci\u00f3n. Se abrir\u00e1 una investigaci\u00f3n por falso testimonio.<\/p>\n<p>La primera fue negar\u00a0<b>su v\u00ednculo con el neurocirujano Leopoldo Luque\u00a0<\/b>y que hubieran hablado tanto durante ni despu\u00e9s de la internaci\u00f3n domiciliaria del astro del f\u00fatbol. Sin embargo, se expusieron numerosas pruebas y chats entre ambos que comprueban que entre ambos hab\u00eda una conversaci\u00f3n fluida en diferentes per\u00edodos: se invitaban a comer asados y Coria llamaba a Luque \u00abamigo\u00bb. El fiscal\u00a0<b>Patricio Ferrari<\/b>\u00a0le pidi\u00f3 que confirmara si era \u00e9l el de los chats amistosos, y Coria dijo \u00absinceramente, no me acordaba\u00bb.<\/p>\n<p>La segunda contradicci\u00f3n tiene que ver con el rol de la psiquiatra\u00a0<b>Agustina Cosachov<\/b>\u00a0en el momento de la reanimaci\u00f3n de Maradona. Este martes Coria afirm\u00f3 que ella &#8211;una de las principales acusadas&#8211; se altern\u00f3 con la enfermera para hacer RCP, pero en sus declaraciones de 2020 y 2021, Coria no mencion\u00f3 la participaci\u00f3n de Cosachov. \u00abAhora s\u00ed recuerdo que Cosachov le hizo RCP. <b>En ese momento no me habr\u00e9 acordado<\/b>\u00ab, se defendi\u00f3. El fiscal le repregunt\u00f3 porqu\u00e9 no hab\u00eda mencionado esto y el testigo respondi\u00f3: \u00ab<b>No lo dije la primera vez porque no me lo habr\u00e1n preguntado o lo habr\u00e9 olviado <\/b>en ese momento\u00bb.<\/p>\n<p>Fernando Burlando, abogado de Dalma y Gianinna, y los fiscales Ferrari y\u00a0<b>Cosme Iribarren<\/b>, peticionaron la aprehensi\u00f3n por delito en flagrancia, dado que en un juicio es obligaci\u00f3n decir la verdad. La detenci\u00f3n fue votada por la mayor\u00eda con los votos de las juezas\u00a0<b>Ver\u00f3nica Di Tommaso y Julieta Makintach<\/b>, mientras que la apertura de la investigaci\u00f3n por falso testimonio fue determinada por unanimidad, tambi\u00e9n con el voto del juez\u00a0<b>Maximiliano Savarino\u00a0<\/b>que no consideraba que hubiese riesgo de fuga.<\/p>\n<h2>La casa<\/h2>\n<p>Andrea Flavia Penelope Jordan (51), la encargada de negociar el alquiler en el country San Andr\u00e9s donde muri\u00f3 Maradona, confirm\u00f3 que el futbolista habr\u00eda estado al tanto de la elecci\u00f3n de la casa. \u00abAl propietario de la casa le dije que <b>Diego ven\u00eda de una internaci\u00f3n<\/b>, que <strong>necesitaba estar con su familia<\/strong> <b>y necesitaba una casa m\u00e1s cerca<\/b>\u00ab, cont\u00f3 y agreg\u00f3: \u00ab<strong>El d\u00eda 10 firm\u00e9 con Jana<\/strong> y me dijo lo mismo. Escuch\u00e9 que ella y Vanesa (Morla) dec\u00edan que se iban a turnar para cuidar a Diego. De hecho hicieron una lista de las personas autorizadas para entrar al barrio\u00bb.<\/p>\n<p>Jordan present\u00f3 la lista de los autorizados para ingresar: <strong>Jana Maradona, Vanesa Morla, Maximiliano Pomargo, Mat\u00edas Morla, Dalma Maradona, Gianinna Maradona, Ver\u00f3nica Ojeda, Leopoldo Luque, Agustina Cosachov, las hermanas de Diego Maradona, Claudia Maradona y personal de Swiss Medical.<\/strong><\/p>\n<p>La agente inmobiliaria sostuvo que para el alquiler,\u00a0<strong>\u00abel \u00faltimo llamado fue con Maximiliano Pomargo (acompa\u00f1ante terap\u00e9utico de Diego). Me hab\u00eda dicho que estaba con Diego y Gianinna. No vi el rostro exacto\u00bb.\u00a0<\/strong>Esta declaraci\u00f3n difiere levemente de la de 2021 cuando dijo que la \u00faltima videollamada, donde mostr\u00f3 la casa, \u00abfue con Diego\u00bb. Tras un momento de tensi\u00f3n, el juez Savarino le advirti\u00f3 que estaba bajo juramento.\u00a0<strong\/><\/p>\n<p>Burlando solicit\u00f3 exhibir la declaraci\u00f3n inicial de Jordan y ella aclar\u00f3 que cuando dijo \u00abDiego\u00bb se refer\u00eda al \u00abclan Maradona\u00bb, es decir a su c\u00edrculo \u00edntimo en el que consideraba a \u00abVanesa Morla, Maximiliano Pomargo, Roc\u00edo Oliva y en alguna ocasi\u00f3n Ver\u00f3nica Ojeda\u00bb. \u00ab<strong>Me parece que es un ataque. Yo me olvido, tengo 55 a\u00f1os y yo le doy mi apreciaci\u00f3n que hice las cosas lo mejor posible\u00bb,<\/strong> consider\u00f3 Jordan y se disculp\u00f3 diciendo: <strong>\u201cMe expres\u00e9 mal. No s\u00e9 a qu\u00e9 parte le conviene<\/strong>\u00ab.<\/p>\n<p>Adem\u00e1s, explic\u00f3 por qu\u00e9 los vidrios de su dormitorio estaban tapados: \u00abNo me consta d\u00f3nde dorm\u00eda Diego, pero todas sus cosas las pusieron en la planta baja, en el playroom. <strong>Era un mani\u00e1tico de la luz <\/strong>y en todas las casas ped\u00edan que le taparan los vidrios y que no entrara nada de luz en su cuarto\u00bb.<\/p>\n<p>Luego le lleg\u00f3 el turno de declarar al due\u00f1o de la casa, <b>Santiago Giorello<\/b>\u00a0que denunci\u00f3 que no se cumplieron con las condiciones planteadas al momento de firmar el contrato: <b>le aseguraron que habr\u00eda una ambulancia permanentemente, pero no fue as\u00ed<\/b>.<\/p>\n<p>Tambi\u00e9n dijo haber hecho \u00abhincapi\u00e9 en que en la planta baja (donde se mont\u00f3 la habitaci\u00f3n de Diego) no hab\u00eda ducha\u00bb y haber indicado que la habitaci\u00f3n con ba\u00f1o en suite se encontraba en el primer piso. Jordan hab\u00eda declarado antes que le hab\u00edan pedido una casa con suite en planta baja. Giorello era el encargado de articular con el Consejo del barrio privado y el personal de custodia que los vecinos no vean invadida su privacidad y garantizar que Maradona tenga el \u00abpretendido descanso\u00bb.<\/p>\n<h2>M\u00e9dicos de cabecera<\/h2>\n<p>La \u00faltima en declarar fue Jana Maradona, la primer familiar en declarar y quien firm\u00f3 el contrato de alquiler. <b>A<\/b><strong>segur\u00f3 que tanto Luque como Cosacovh se presentaron ante ella como \u00absus m\u00e9dicos de cabecera\u00bb<\/strong> y que <b>les sugirieron que Maradona sea internado de manera domiciliaria<\/b>.\u00a0<\/p>\n<p>\u00abDespu\u00e9s de la operaci\u00f3n estuvo algunos d\u00edas en terapia intensiva y lo controlaban los m\u00e9dicos de la cl\u00ednica. En un momento, nos piden una reuni\u00f3n para entender qu\u00e9 \u00edbamos a hacer despu\u00e9s. <b>Nos ofrecen dos caminos: una internaci\u00f3n en una cl\u00ednica de rehabilitaci\u00f3n que iba a estar 24 hs controlado por m\u00e9dicos, o una domiciliaria\u00bb<\/b>, cont\u00f3 la hija del futbolista, que agreg\u00f3 que <b>Luque se opuso a que sea llevado a una cl\u00ednica de rehabilitaci\u00f3n<\/b>.<\/p>\n<p>En l\u00ednea con lo que declar\u00f3 Giorello y testigos previos &#8211;como\u00a0Juan Carlos Pinto, especialista en emergencias m\u00e9dicas,\u00a0en la audiencia anterior&#8211;, Jana explic\u00f3 que en una reuni\u00f3n virtual <b>el equipo de Swiss Medical asegur\u00f3 que \u00abestaban preparados, que iban a tener m\u00e1quinas, pero yo en la casa no vi demasiado de aparatos m\u00e9dicos. No vi nada. Nunca vi una ambulancia<\/b>\u00ab.<\/p>\n<p>Adem\u00e1s, cuando muri\u00f3 su padre &#8211;el mi\u00e9rcoles 25 de noviembre de 2020&#8211; nadie del equipo le avis\u00f3. Ella estaba en camino a visitarlo y \u00aben el medio del camino, el pap\u00e1 de una amiga me mand\u00f3 un mensaje y me dio el p\u00e9same\u00bb.<\/p>\n<h2>El proceso judicial<\/h2>\n<p>Por la muerte de Maradona est\u00e1n imputados por el delito de<b> homicidio simple con dolo eventual<\/b> en este primer debate, la psiquiatra <b>Cosachov<\/b>, el neurocirujano <b>Luque<\/b>, el psic\u00f3logo <b>Carlos D\u00edaz<\/b>, el enfermero <b>Ricardo Omar Almir\u00f3n<\/b>, su jefe <b>Mariano Perroni<\/b>, la m\u00e9dica coordinadora de Swiss Medical <b>Nancy Forlini <\/b>y el m\u00e9dico cl\u00ednico <b>Pedro Pablo Di Spagna.\u00a0<\/b>La enfermera <b>Gisela Madrid<\/b> ir\u00e1 un juicio por jurados populares en una segunda instancia, a partir de julio.<\/p>\n<p>Tanto la declaraci\u00f3n de Jordan como de Giornello servir\u00e1n para finalizar la etapa de acusaci\u00f3n vinculada a la propiedad y si era apta o no para una internaci\u00f3n domiciliaria. La pr\u00f3xima audiencia ser\u00e1 el jueves, donde continuar\u00e1n las declaraciones de testigos.<\/p>\n<p><i>Informe: Natalia R\u00f3tolo.<\/i><\/p>\n<p><!-- Live Blog Post --><\/div>\n<p><a href=\"https:\/\/www.pagina12.com.ar\/813463-detuvieron-al-custodio-de-maradona-por-supuesto-falso-testim\">source<\/a><\/p>\n","protected":false},"excerpt":{"rendered":"<p>Julio Coria, el jefe de seguridad de Diego Maradona, declar\u00f3 este martes en el Tribunal&#8230;<\/p>\n","protected":false},"author":0,"featured_media":197940,"comment_status":"open","ping_status":"open","sticky":false,"template":"","format":"standard","meta":{"footnotes":""},"categories":[7],"tags":[],"class_list":["post-197939","post","type-post","status-publish","format-standard","has-post-thumbnail","hentry","category-sociedad"],"featured_image_urls":{"full":["https:\/\/radiofenix.com.ar\/2023\/wp-content\/uploads\/wp-header-logo.png",0,0,false],"thumbnail":["https:\/\/radiofenix.com.ar\/2023\/wp-content\/uploads\/wp-header-logo.png",1,1,false],"medium":["https:\/\/radiofenix.com.ar\/2023\/wp-content\/uploads\/wp-header-logo.png",1,1,false],"medium_large":["https:\/\/radiofenix.com.ar\/2023\/wp-content\/uploads\/wp-header-logo.png",1,1,false],"large":["https:\/\/radiofenix.com.ar\/2023\/wp-content\/uploads\/wp-header-logo.png",1,1,false],"1536x1536":["https:\/\/radiofenix.com.ar\/2023\/wp-content\/uploads\/wp-header-logo.png",1,1,false],"2048x2048":["https:\/\/radiofenix.com.ar\/2023\/wp-content\/uploads\/wp-header-logo.png",1,1,false],"newsium-slider-full":["https:\/\/radiofenix.com.ar\/2023\/wp-content\/uploads\/wp-header-logo.png",1,1,false],"newsium-featured":["https:\/\/radiofenix.com.ar\/2023\/wp-content\/uploads\/wp-header-logo.png",1,1,false],"newsium-medium":["https:\/\/radiofenix.com.ar\/2023\/wp-content\/uploads\/wp-header-logo.png",1,1,false]},"author_info":{"info":[""]},"category_info":"<a href=\"https:\/\/radiofenix.com.ar\/2023\/category\/sociedad\/\" rel=\"category tag\">Sociedad<\/a>","tag_info":"Sociedad","comment_count":"0","_links":{"self":[{"href":"https:\/\/radiofenix.com.ar\/2023\/wp-json\/wp\/v2\/posts\/197939","targetHints":{"allow":["GET"]}}],"collection":[{"href":"https:\/\/radiofenix.com.ar\/2023\/wp-json\/wp\/v2\/posts"}],"about":[{"href":"https:\/\/radiofenix.com.ar\/2023\/wp-json\/wp\/v2\/types\/post"}],"replies":[{"embeddable":true,"href":"https:\/\/radiofenix.com.ar\/2023\/wp-json\/wp\/v2\/comments?post=197939"}],"version-history":[{"count":0,"href":"https:\/\/radiofenix.com.ar\/2023\/wp-json\/wp\/v2\/posts\/197939\/revisions"}],"wp:featuredmedia":[{"embeddable":true,"href":"https:\/\/radiofenix.com.ar\/2023\/wp-json\/wp\/v2\/media\/197940"}],"wp:attachment":[{"href":"https:\/\/radiofenix.com.ar\/2023\/wp-json\/wp\/v2\/media?parent=197939"}],"wp:term":[{"taxonomy":"category","embeddable":true,"href":"https:\/\/radiofenix.com.ar\/2023\/wp-json\/wp\/v2\/categories?post=197939"},{"taxonomy":"post_tag","embeddable":true,"href":"https:\/\/radiofenix.com.ar\/2023\/wp-json\/wp\/v2\/tags?post=197939"}],"curies":[{"name":"wp","href":"https:\/\/api.w.org\/{rel}","templated":true}]}}