{"id":197971,"date":"2025-03-28T08:57:53","date_gmt":"2025-03-28T08:57:53","guid":{"rendered":"https:\/\/radiofenix.com.ar\/2023\/manuel-adorni-dice-que-a-la-gente-no-le-molesta-que-un-senador-gane-9-000-000\/"},"modified":"2025-03-28T08:57:53","modified_gmt":"2025-03-28T08:57:53","slug":"manuel-adorni-dice-que-a-la-gente-no-le-molesta-que-un-senador-gane-9-000-000","status":"publish","type":"post","link":"https:\/\/radiofenix.com.ar\/2023\/manuel-adorni-dice-que-a-la-gente-no-le-molesta-que-un-senador-gane-9-000-000\/","title":{"rendered":"Manuel Adorni dice que a la gente &quot;no le molesta que un senador gane $9.000.000&quot;"},"content":{"rendered":"<div id=\"\">\n<p>Es que Viale le consult\u00f3 a Adorni <strong>si a los argentinos no les molestaba que un senador cobrara $9.000.000 de salario<\/strong>.<\/p>\n<p><span class=\"saysCMSEmphasis\" id=\"saysCMSEmphasisvdsf4ccrkb\">\u00abEn realidad, a la gente no le molesta los 9 millones que gana un senador. Adem\u00e1s de esa distancia (con el sueldo de un trabajador), es que la gente aborrece que uno te levante la manito de costado para aprobarse un aumento, o que sean tirapiedras legislativos, que se sienta a rechazarte todo\u00bb<\/span>, consider\u00f3 el funcionario.<\/p>\n<p>Incluso ante la sorpresa del periodista, Adorni insisti\u00f3: \u00abA la gente le molesta que sean unos impresentables, no los 9 millones. Te quej\u00e1s porque son unos impresentables\u00bb.<\/p>\n<h2>La imagen del Gobierno cae por cuarto mes consecutivo<\/h2>\n<p>El<strong> \u00cdndice de Confianza en el Gobierno (ICG) <\/strong>que mide la<strong> Universidad Torcuato Di Tella <\/strong>volvi\u00f3 a mostrar una ca\u00edda en la opini\u00f3n p\u00fablica respecto de la labor que desarrolla la gesti\u00f3n del presidente <strong>Javier Milei.<\/strong><\/p>\n<p>De la encuesta surge que<strong> el IGG de marzo fue de 2,42 puntos<\/strong>, con una disminuci\u00f3n de 5,4% respecto del mes anterior.<\/p>\n<p>Pese a esto, <strong>el actual nivel de confianza en el Gobierno es 4,5% mayor respecto a la medici\u00f3n de marzo de 2017,<\/strong> durante el segundo a\u00f1o de la presidencia de Mauricio Macri, y 35,7% mayor al de la medici\u00f3n de marzo de 2021, durante la administraci\u00f3n de Alberto Fern\u00e1ndez.<\/p>\n<div contenteditable=\"false\" class=\"embed_cont type_freetext\" rel=\"freetext\" id=\"embed52_wrap\">\n<p> Embed <span onclick=\"parent.parent.TinyMCETdcuerpo.preview_embed('embed52')\" class=\"embed_colapse less\" id=\"embed52_colapse\"\/>  <span onclick=\"parent.parent.TinyMCETdcuerpo.delete_embed('embed52')\" class=\"embed_delete less\" id=\"embed52_delete\"\/><\/p>\n<div id=\"embed52_content\" class=\"embed_content\">\n<div id=\"embed52_embed\">\n<figure class=\"figure\"><a href=\"https:\/\/t.me\/minutounocom\" target=\"_blank\" rel=\"noopener\"><img decoding=\"async\" src=\"https:\/\/media.minutouno.com\/adjuntos\/150\/banners\/039\/099\/0039099175.jpg\" class=\"figure-img img-fluid\" style=\"width:100%;height:auto;\"\/><\/a><\/figure>\n<\/p><\/div>\n<\/div><\/div>\n<\/p><\/div>\n<p><a href=\"https:\/\/www.minutouno.com\/politica\/manuel-adorni-dice-que-la-gente-no-le-molesta-que-un-senador-gane-9000000-n6127853\">source<\/a><\/p>\n","protected":false},"excerpt":{"rendered":"<p>Es que Viale le consult\u00f3 a Adorni si a los argentinos no les molestaba que&#8230;<\/p>\n","protected":false},"author":0,"featured_media":197972,"comment_status":"open","ping_status":"open","sticky":false,"template":"","format":"standard","meta":{"footnotes":""},"categories":[2],"tags":[],"class_list":["post-197971","post","type-post","status-publish","format-standard","has-post-thumbnail","hentry","category-politica"],"featured_image_urls":{"full":["https:\/\/radiofenix.com.ar\/2023\/wp-content\/uploads\/wp-header-logo.png",0,0,false],"thumbnail":["https:\/\/radiofenix.com.ar\/2023\/wp-content\/uploads\/wp-header-logo.png",1,1,false],"medium":["https:\/\/radiofenix.com.ar\/2023\/wp-content\/uploads\/wp-header-logo.png",1,1,false],"medium_large":["https:\/\/radiofenix.com.ar\/2023\/wp-content\/uploads\/wp-header-logo.png",1,1,false],"large":["https:\/\/radiofenix.com.ar\/2023\/wp-content\/uploads\/wp-header-logo.png",1,1,false],"1536x1536":["https:\/\/radiofenix.com.ar\/2023\/wp-content\/uploads\/wp-header-logo.png",1,1,false],"2048x2048":["https:\/\/radiofenix.com.ar\/2023\/wp-content\/uploads\/wp-header-logo.png",1,1,false],"newsium-slider-full":["https:\/\/radiofenix.com.ar\/2023\/wp-content\/uploads\/wp-header-logo.png",1,1,false],"newsium-featured":["https:\/\/radiofenix.com.ar\/2023\/wp-content\/uploads\/wp-header-logo.png",1,1,false],"newsium-medium":["https:\/\/radiofenix.com.ar\/2023\/wp-content\/uploads\/wp-header-logo.png",1,1,false]},"author_info":{"info":[""]},"category_info":"<a href=\"https:\/\/radiofenix.com.ar\/2023\/category\/politica\/\" rel=\"category tag\">Pol\u00edtica<\/a>","tag_info":"Pol\u00edtica","comment_count":"0","_links":{"self":[{"href":"https:\/\/radiofenix.com.ar\/2023\/wp-json\/wp\/v2\/posts\/197971","targetHints":{"allow":["GET"]}}],"collection":[{"href":"https:\/\/radiofenix.com.ar\/2023\/wp-json\/wp\/v2\/posts"}],"about":[{"href":"https:\/\/radiofenix.com.ar\/2023\/wp-json\/wp\/v2\/types\/post"}],"replies":[{"embeddable":true,"href":"https:\/\/radiofenix.com.ar\/2023\/wp-json\/wp\/v2\/comments?post=197971"}],"version-history":[{"count":0,"href":"https:\/\/radiofenix.com.ar\/2023\/wp-json\/wp\/v2\/posts\/197971\/revisions"}],"wp:featuredmedia":[{"embeddable":true,"href":"https:\/\/radiofenix.com.ar\/2023\/wp-json\/wp\/v2\/media\/197972"}],"wp:attachment":[{"href":"https:\/\/radiofenix.com.ar\/2023\/wp-json\/wp\/v2\/media?parent=197971"}],"wp:term":[{"taxonomy":"category","embeddable":true,"href":"https:\/\/radiofenix.com.ar\/2023\/wp-json\/wp\/v2\/categories?post=197971"},{"taxonomy":"post_tag","embeddable":true,"href":"https:\/\/radiofenix.com.ar\/2023\/wp-json\/wp\/v2\/tags?post=197971"}],"curies":[{"name":"wp","href":"https:\/\/api.w.org\/{rel}","templated":true}]}}