{"id":197984,"date":"2025-03-29T08:57:55","date_gmt":"2025-03-29T08:57:55","guid":{"rendered":"https:\/\/radiofenix.com.ar\/2023\/el-dt-de-brasil-con-las-valijas-listas-tras-la-goleada\/"},"modified":"2025-03-29T08:57:55","modified_gmt":"2025-03-29T08:57:55","slug":"el-dt-de-brasil-con-las-valijas-listas-tras-la-goleada","status":"publish","type":"post","link":"https:\/\/radiofenix.com.ar\/2023\/el-dt-de-brasil-con-las-valijas-listas-tras-la-goleada\/","title":{"rendered":"El DT de Brasil, con las valijas listas tras la goleada"},"content":{"rendered":"<div><!-- Body --><\/p>\n<p><b>El DT de la Selecci\u00f3n de Brasil, Dorival J\u00fanior, fue despedido este viernes<\/b>, d\u00edas despu\u00e9s de la goleada sufrida en Argentina, seg\u00fan informaron medios de ese pa\u00eds. Y no fue el \u00fanico: <b>mismo camino seguir\u00e1 el director de selecciones nacional, Rodrigo Caetano.<\/b><\/p>\n<p>De acuerdo al peri\u00f3dico <i>O Globo<\/i>, la Confederaci\u00f3n Brasile\u00f1a de F\u00fatbol le pagar\u00e1 por completo el salario al entrenador -ten\u00eda contrato hasta fines de 2026, despu\u00e9s del Mundial- y tambi\u00e9n afrontar\u00e1 un monto extra por despido, cl\u00e1usula que figuraba en el v\u00ednculo entre ambas partes.<\/p>\n<p>Dorival, de 62 a\u00f1os y amplia trayectoria en el f\u00fatbol de su pa\u00eds, <b>agarr\u00f3 al equipo en marzo del a\u00f1o pasado y al poco tiempo sufri\u00f3 su primera decepci\u00f3n<\/b>, siendo eliminado de la Copa Am\u00e9rica en cuartos de final por Uruguay. En Eliminatorias pudo levantar el rendimiento (previo a \u00e9l la marca era de dos triunfos, un empate y tres ca\u00eddas) pero no lo suficiente. En total, su r\u00e9cord es de <b>cinco victorias, cinco empates y dos derrotas<\/b> en partidos por los puntos.<\/p>\n<p>El principal apuntado para hacerse cargo del equipo es <b>el portugu\u00e9s Jorge Jesus, recordado por ser campe\u00f3n de la Libertadores 2019 con Flamengo.<\/b> De 70 a\u00f1os, actualmente est\u00e1 en Al-Hilal de Arabia Saudita, pasos previos por Benfica de Portugal y Fenerbahce de Turqu\u00eda.<\/p>\n<p>Mientras tanto, desde Espa\u00f1a habl\u00f3 <b>Carlo Ancelotti, DT del Real Madrid<\/b> y obsesi\u00f3n de la dirigencia brasile\u00f1a desde hace varios a\u00f1os. Pero el italiano dej\u00f3 en claro que no hay chances de que se haga cargo de la Selecci\u00f3n: \u00abEl contrato habla claro. No tengo nada que a\u00f1adir a esto. Tengo cari\u00f1o a Brasil, a sus jugadores y a la afici\u00f3n, pero tengo contrato aqu\u00ed con el Real Madrid\u00bb.<\/p>\n<p><!-- Live Blog Post --><\/div>\n<p><a href=\"https:\/\/www.pagina12.com.ar\/814173-el-dt-de-brasil-con-las-valijas-listas-tras-la-goleada\">source<\/a><\/p>\n","protected":false},"excerpt":{"rendered":"<p>El DT de la Selecci\u00f3n de Brasil, Dorival J\u00fanior, fue despedido este viernes, d\u00edas despu\u00e9s&#8230;<\/p>\n","protected":false},"author":0,"featured_media":197985,"comment_status":"open","ping_status":"open","sticky":false,"template":"","format":"standard","meta":{"footnotes":""},"categories":[3],"tags":[],"class_list":["post-197984","post","type-post","status-publish","format-standard","has-post-thumbnail","hentry","category-deportes"],"featured_image_urls":{"full":["https:\/\/radiofenix.com.ar\/2023\/wp-content\/uploads\/wp-header-logo.png",0,0,false],"thumbnail":["https:\/\/radiofenix.com.ar\/2023\/wp-content\/uploads\/wp-header-logo.png",1,1,false],"medium":["https:\/\/radiofenix.com.ar\/2023\/wp-content\/uploads\/wp-header-logo.png",1,1,false],"medium_large":["https:\/\/radiofenix.com.ar\/2023\/wp-content\/uploads\/wp-header-logo.png",1,1,false],"large":["https:\/\/radiofenix.com.ar\/2023\/wp-content\/uploads\/wp-header-logo.png",1,1,false],"1536x1536":["https:\/\/radiofenix.com.ar\/2023\/wp-content\/uploads\/wp-header-logo.png",1,1,false],"2048x2048":["https:\/\/radiofenix.com.ar\/2023\/wp-content\/uploads\/wp-header-logo.png",1,1,false],"newsium-slider-full":["https:\/\/radiofenix.com.ar\/2023\/wp-content\/uploads\/wp-header-logo.png",1,1,false],"newsium-featured":["https:\/\/radiofenix.com.ar\/2023\/wp-content\/uploads\/wp-header-logo.png",1,1,false],"newsium-medium":["https:\/\/radiofenix.com.ar\/2023\/wp-content\/uploads\/wp-header-logo.png",1,1,false]},"author_info":{"info":[""]},"category_info":"<a href=\"https:\/\/radiofenix.com.ar\/2023\/category\/deportes\/\" rel=\"category tag\">Deportes<\/a>","tag_info":"Deportes","comment_count":"0","_links":{"self":[{"href":"https:\/\/radiofenix.com.ar\/2023\/wp-json\/wp\/v2\/posts\/197984","targetHints":{"allow":["GET"]}}],"collection":[{"href":"https:\/\/radiofenix.com.ar\/2023\/wp-json\/wp\/v2\/posts"}],"about":[{"href":"https:\/\/radiofenix.com.ar\/2023\/wp-json\/wp\/v2\/types\/post"}],"replies":[{"embeddable":true,"href":"https:\/\/radiofenix.com.ar\/2023\/wp-json\/wp\/v2\/comments?post=197984"}],"version-history":[{"count":0,"href":"https:\/\/radiofenix.com.ar\/2023\/wp-json\/wp\/v2\/posts\/197984\/revisions"}],"wp:featuredmedia":[{"embeddable":true,"href":"https:\/\/radiofenix.com.ar\/2023\/wp-json\/wp\/v2\/media\/197985"}],"wp:attachment":[{"href":"https:\/\/radiofenix.com.ar\/2023\/wp-json\/wp\/v2\/media?parent=197984"}],"wp:term":[{"taxonomy":"category","embeddable":true,"href":"https:\/\/radiofenix.com.ar\/2023\/wp-json\/wp\/v2\/categories?post=197984"},{"taxonomy":"post_tag","embeddable":true,"href":"https:\/\/radiofenix.com.ar\/2023\/wp-json\/wp\/v2\/tags?post=197984"}],"curies":[{"name":"wp","href":"https:\/\/api.w.org\/{rel}","templated":true}]}}