{"id":197992,"date":"2025-03-30T08:57:47","date_gmt":"2025-03-30T08:57:47","guid":{"rendered":"https:\/\/radiofenix.com.ar\/2023\/efemerides-de-hoy-que-paso-un-30-de-marzo\/"},"modified":"2025-03-30T08:57:47","modified_gmt":"2025-03-30T08:57:47","slug":"efemerides-de-hoy-que-paso-un-30-de-marzo","status":"publish","type":"post","link":"https:\/\/radiofenix.com.ar\/2023\/efemerides-de-hoy-que-paso-un-30-de-marzo\/","title":{"rendered":"Efem\u00e9rides de hoy: qu\u00e9 pas\u00f3 un 30 de marzo\u00a0"},"content":{"rendered":"<div><!-- Body --><\/p>\n<p>En las <b>efem\u00e9rides del 30 de marzo <\/b>sobresalen estos hechos que ocurrieron un d\u00eda como hoy en la Argentina y el mundo:<\/p>\n<h2>1937.<br \/>\nNace Warren Beatty<\/h2>\n<p><b>Nace Warren Beatty<\/b>. Hermano de Shirley MacLaine, se convirti\u00f3 en una figura central de Hollywood en los 60 a partir de <i>Bonny and Clyde<\/i>. En los 70 se lo vio en pel\u00edculas como <i>The Parallax View<\/i> y <i>Shampoo<\/i>. <b>Logr\u00f3 una haza\u00f1a al ser nominado por la misma pel\u00edcula como actor, guionista, director y productor; y lo hizo dos veces: con <i>El cielo puede esperar<\/i> y con <i>Reds<\/i>, por la cual se llev\u00f3 la estatuilla como director<\/b>. M\u00e1s tarde se lo vio en <i>Dick Tracy<\/i>, <i>Bugsy <\/i>y <a href=\"https:\/\/www.pagina12.com.ar\/1999\/suple\/radar\/99-08\/99-08-29\/nota4.htm\"><i>Bulworth<\/i><\/a>. Famoso por una larga lista de relaciones con actrices de Hollywood, qued\u00f3 en entredicho en 2017 en el bochorno del anuncio del Oscar a mejor pel\u00edcula, <a href=\"https:\/\/www.pagina12.com.ar\/92071-como-evitar-otro-papelon-para-el-oscar\">cuando dijo que hab\u00eda ganado <i>La Land<\/i> y la ganadora era <i>Moonlight<\/i><\/a>.<\/p>\n<p><iframe style=\"border: 0px; position: absolute; top: 0px; left: 0px; height: 100%;\" allowfullscreen=\"\" frameborder=\"0\" src=\"https:\/\/www.youtube.com\/embed\/1ats-PgJLtg\"><\/iframe><\/p>\n<h2>1945.<br \/>\nEl nacimiento de Eric Clapton<\/h2>\n<p><b>Eric Clapton<\/b> <b>nace en Ripley<\/b>. Uno de los m\u00e1s grandes guitarristas de la historia del rock, el m\u00fasico ingl\u00e9s integr\u00f3 <b>The Yardbirds y Cream antes de descollar como solista<\/b>. En los \u00faltimos tiempos <a href=\"https:\/\/www.pagina12.com.ar\/397442-coronavirus-eric-clapton-sigue-con-su-predica-negacionista\">dio la nota como un cruzado antivacunas<\/a>.<\/p>\n<p><iframe style=\"border: 0px; position: absolute; top: 0px; left: 0px; height: 100%;\" allowfullscreen=\"\" frameborder=\"0\" src=\"https:\/\/www.youtube.com\/embed\/pKwQlm-wldA\"><\/iframe><\/p>\n<h2>1964.<br \/>\nNace C\u00e9line Dion<\/h2>\n<p>En Quebec nace una de las grandes voces de la m\u00fasica popular de las \u00faltimas d\u00e9cadas: <a href=\"https:\/\/www.pagina12.com.ar\/696913-el-dramatico-estado-de-salud-de-celine-dion-perdio-el-contro\"><b>C\u00e9line Dion<\/b><\/a>. Con 20 a\u00f1os reci\u00e9n cumplidos conquist\u00f3 el Festival de la Canci\u00f3n de Eurovisi\u00f3n de 1988, en el que represent\u00f3 a Suiza. El estrellato fue total en la d\u00e9cada del 90, y <b>su punto culminante fue \u00abMy Heart Will Go On\u00bb, la canci\u00f3n de <i>Titanic<\/i><\/b>. Ha vendido 200 millones de discos en todo el mundo. <a href=\"https:\/\/www.pagina12.com.ar\/748603-celine-dion-la-verdad-detras-de-su-enfermedad-en-i-am-celine\">Actualmente batalla contra el s\u00edndrome de la persona r\u00edgida<\/a>.<\/p>\n<p><iframe style=\"border: 0px; position: absolute; top: 0px; left: 0px; height: 100%;\" allowfullscreen=\"\" frameborder=\"0\" src=\"https:\/\/www.youtube.com\/embed\/VXLWfXmlXPc\"><\/iframe><\/p>\n<h2>1967.<br \/>\nLa tapa de <i>Sgt. Pepper&#8217;s<\/i>&#8230;de los Beatles<\/h2>\n<p><b>Los Beatles llegan al estudio del fot\u00f3grafo Michael Cooper en Londres<\/b>. Se visten con uniformes militares de la era victoriana y <b>posan delante de un decorado dise\u00f1ado por Peter Blake, que incluye im\u00e1genes de decenas de celebridades<\/b>. Es un cortejo f\u00fanebre y los Beatles asisten a su propio entierro. <b>La foto ser\u00e1 la portada de su nuevo \u00e1lbum y se convertir\u00e1 en una de las instant\u00e1neas iconogr\u00e1ficas del siglo XX<\/b>, con infinidad de imitaciones. La banda se saca la foto para la portada de <a href=\"https:\/\/www.pagina12.com.ar\/diario\/suplementos\/espectaculos\/2-6517-2007-06-01.html\"><i>Sgt. Pepper\u00b4s Lonely Hearts Club Band<\/i><\/a>.<\/p>\n<p><iframe style=\"border: 0px; position: absolute; top: 0px; left: 0px; height: 100%;\" allowfullscreen=\"\" frameborder=\"0\" src=\"https:\/\/www.youtube.com\/embed\/EGlo9LzmOME\"><\/iframe><\/p>\n<h2>1968.<br \/>\nLa creaci\u00f3n de la CGT de los Argentinos<\/h2>\n<p><b>Se formaliza una escisi\u00f3n en la Confederaci\u00f3n General del Trabajo<\/b>. El ala m\u00e1s combativa a la dictadura del general Juan Carlos Ongan\u00eda forma la CGT de los Argentinos. <b>Liderada por el gr\u00e1fico <\/b><a href=\"https:\/\/www.pagina12.com.ar\/diario\/elpais\/1-305786-2016-08-02.html\"><b>Raimundo Ongaro<\/b><\/a><b>, se expres\u00f3 en un peri\u00f3dico dirigido por Rodolfo Walsh <\/b>y lanz\u00f3 un programa de acci\u00f3n el 1\u00ba de mayo de 1968.<\/p>\n<p><iframe style=\"border: 0px; position: absolute; top: 0px; left: 0px; height: 100%;\" allowfullscreen=\"\" frameborder=\"0\" src=\"https:\/\/www.youtube.com\/embed\/LPAG47OQE6U\"><\/iframe><\/p>\n<h2>1981.<br \/>\nEl atentado contra Reagan<\/h2>\n<p><b>Ronald Reagan sobrevive a un intento de asesinato<\/b>. El presidente de los Estados Unidos, que hab\u00eda asumido en enero, <b>sale de un hotel en Washington cuando comienzan los balazos de John Hickley, un hombre de 25 a\u00f1os<\/b>. Los agentes del servicio secreto cubren al mandatario, que sin embargo <b>es herido en un pulm\u00f3n<\/b>. Tambi\u00e9n <b>son heridos un polic\u00eda, un miembro de la custodia y el secretario de Prensa, James Brady, que recibe un balazo en la cabeza<\/b>. <a href=\"https:\/\/www.pagina12.com.ar\/diario\/suplementos\/radar\/5-2644-2005-11-20.html\">Reagan se convierte en el primer presidente estadounidense que sobrevive a un intento por matarlo<\/a>. Hinckley, arrestado en el momento, estaba obsesionado con Jodie Foster desde que la vio en <i>Taxi Driver<\/i> (pel\u00edcula en la que el personaje de Robert De Niro planea atentar contra un pol\u00edtico) y dijo que con su acci\u00f3n quer\u00eda impresionar a la actriz, a quien hab\u00eda enviado cartas. <b>Brady qued\u00f3 discapacitado de por vida y abog\u00f3 por el control de las armas en manos de particulares. Cuando muri\u00f3, en 2014, se consider\u00f3 que fue v\u00edctima de asesinato<\/b>. El aspirante a magnicida fue liberado en 2016, al considerarse que ya no era una amenaza para nadie. No puede consumir alcohol, ni usar armas ni acercarse a las familias de Reagan, Brady y Foster.<\/p>\n<p><iframe style=\"border: 0px; position: absolute; top: 0px; left: 0px; height: 100%;\" allowfullscreen=\"\" frameborder=\"0\" src=\"https:\/\/www.youtube.com\/embed\/SzKiNCGyv1E\"><\/iframe><\/p>\n<h2>1982.<br \/>\nLa marcha contra la dictadura en Plaza de Mayo<\/h2>\n<p><b>La dictadura afronta una manifestaci\u00f3n popular sin antecedentes en seis a\u00f1os de r\u00e9gimen militar<\/b>. Miles de personas marchan a Plaza de Mayo bajo la consigna de <a href=\"https:\/\/www.pagina12.com.ar\/diario\/elpais\/1-190883-2012-04-01.html\">\u201cPan, Paz y Trabajo\u201d<\/a>, y con r\u00e9plicas en distintos puntos del pa\u00eds.<b> La dictadura, ahora encabezada por el general Leopoldo Galtieri, reprime de manera brutal la marcha convocada por la CGT<\/b>. Hay m\u00e1s de mil detenidos y en Mendoza se registra un muerto: Jos\u00e9 Benedicto Ortiz. Es el momento de mayor repulsa popular contra los militares, acorralados por la crisis econ\u00f3mica y la p\u00e9sima imagen internacional que acarre\u00f3 la violaci\u00f3n masiva y sistem\u00e1tica de los derechos humanos.<b> Tres d\u00edas m\u00e1s tarde se producir\u00e1 el desembarco en las islas Malvinas<\/b>.<\/p>\n<p><iframe style=\"border: 0px; position: absolute; top: 0px; left: 0px; height: 100%;\" allowfullscreen=\"\" frameborder=\"0\" src=\"https:\/\/www.youtube.com\/embed\/Y5QcNO5cqrs\"><\/iframe><\/p>\n<h2>1985.<br \/>\nEl caso Degollados<\/h2>\n<p><b>Tres militantes del Partido Comunista chileno son asesinados por Carabineros durante la dictadura de Augusto Pinochet<\/b>. A Jos\u00e9 Manuel Parada, Manuel Guerrero Ceballos y Santiago Nattino se los llevan entre el 28 y el 29 de marzo, los torturan y el 30 a la madrugada los deg\u00fcellan. Los cuerpos son dejados en un matorral y descubiertos ese mismo d\u00eda. El llamado <a href=\"https:\/\/www.pagina12.com.ar\/diario\/elmundo\/4-143480-2010-04-08.html\">caso Degollados<\/a> conmociona al pa\u00eds. <b>La investigaci\u00f3n judicial se vuelve inevitable y causa un terremoto pol\u00edtico<\/b>. C\u00e9sar Mendoza, m\u00e1xima autoridad de Carabineros y miembro de la Junta Militar desde el golpe de 1973, debe dejar su cargo. <b>En 1995 se condena a prisi\u00f3n perpetua a cinco integrantes de la polic\u00eda y otros once efectivos reciben penas menores<\/b>. Hoy hay solamente un condenado en prisi\u00f3n.<\/p>\n<p><iframe style=\"border: 0px; position: absolute; top: 0px; left: 0px; height: 100%;\" allowfullscreen=\"\" frameborder=\"0\" src=\"https:\/\/www.youtube.com\/embed\/VYlyjqqJAUU\"><\/iframe><\/p>\n<h2>1996.<br \/>\nEl mot\u00edn de Sierra Chica<\/h2>\n<p><b>Mot\u00edn en la c\u00e1rcel de Sierra Chica<\/b>. Un intento fallido de fuga deriva en la toma del penal, que se extiende hasta el 7 de abril. <b>Un grupo conocido como \u00abLos 12 Ap\u00f3stoles\u00bb se hace del control y toma a 13 guardiac\u00e1rceles como rehenes, m\u00e1s una jueza y el secretario de su juzgado, que ingresaron para hablar con ellos<\/b>. Mueren nueve reclusos por la interna entre los presos: <a href=\"https:\/\/www.pagina12.com.ar\/2000\/00-02\/00-02-15\/pag14.htm\">con la carne de los muertos se cocinaron empanadas<\/a>; adem\u00e1s, <a href=\"https:\/\/www.pagina12.com.ar\/2000\/00-03\/00-03-07\/pag15b.htm\">cremaron los cad\u00e1veres<\/a>. Tambi\u00e9n se afirma que jugaron al f\u00fatbol con la cabeza de un preso. Varias c\u00e1rceles de la provincia de Buenos Aires entraron al mismo tiempo en estado de protesta, <b>en una situaci\u00f3n que abarc\u00f3 a 10 mil detenidos<\/b>. <a href=\"https:\/\/www.pagina12.com.ar\/2000\/00-04\/00-04-15\/pag13.htm\">Hubo seis condenas a perpetua en el juicio realizado en 2000<\/a>.<\/p>\n<p><iframe style=\"border: 0px; position: absolute; top: 0px; left: 0px; height: 100%;\" allowfullscreen=\"\" frameborder=\"0\" src=\"https:\/\/www.youtube.com\/embed\/r1JvgptSGMk\"><\/iframe><\/p>\n<p>Adem\u00e1s, es el <b>D\u00eda Mundial del Trastorno Bipolar<\/b> y el <b>D\u00eda Internacional de las Trabajadoras del Hogar<\/b>.<\/p>\n<p><!-- Live Blog Post --><\/div>\n<p><a href=\"https:\/\/www.pagina12.com.ar\/814452-efemerides-de-hoy-que-paso-un-30-de-marzo\">source<\/a><\/p>\n","protected":false},"excerpt":{"rendered":"<p>En las efem\u00e9rides del 30 de marzo sobresalen estos hechos que ocurrieron un d\u00eda como&#8230;<\/p>\n","protected":false},"author":0,"featured_media":197993,"comment_status":"open","ping_status":"open","sticky":false,"template":"","format":"standard","meta":{"footnotes":""},"categories":[7],"tags":[],"class_list":["post-197992","post","type-post","status-publish","format-standard","has-post-thumbnail","hentry","category-sociedad"],"featured_image_urls":{"full":["https:\/\/radiofenix.com.ar\/2023\/wp-content\/uploads\/wp-header-logo.png",0,0,false],"thumbnail":["https:\/\/radiofenix.com.ar\/2023\/wp-content\/uploads\/wp-header-logo.png",1,1,false],"medium":["https:\/\/radiofenix.com.ar\/2023\/wp-content\/uploads\/wp-header-logo.png",1,1,false],"medium_large":["https:\/\/radiofenix.com.ar\/2023\/wp-content\/uploads\/wp-header-logo.png",1,1,false],"large":["https:\/\/radiofenix.com.ar\/2023\/wp-content\/uploads\/wp-header-logo.png",1,1,false],"1536x1536":["https:\/\/radiofenix.com.ar\/2023\/wp-content\/uploads\/wp-header-logo.png",1,1,false],"2048x2048":["https:\/\/radiofenix.com.ar\/2023\/wp-content\/uploads\/wp-header-logo.png",1,1,false],"newsium-slider-full":["https:\/\/radiofenix.com.ar\/2023\/wp-content\/uploads\/wp-header-logo.png",1,1,false],"newsium-featured":["https:\/\/radiofenix.com.ar\/2023\/wp-content\/uploads\/wp-header-logo.png",1,1,false],"newsium-medium":["https:\/\/radiofenix.com.ar\/2023\/wp-content\/uploads\/wp-header-logo.png",1,1,false]},"author_info":{"info":[""]},"category_info":"<a href=\"https:\/\/radiofenix.com.ar\/2023\/category\/sociedad\/\" rel=\"category tag\">Sociedad<\/a>","tag_info":"Sociedad","comment_count":"0","_links":{"self":[{"href":"https:\/\/radiofenix.com.ar\/2023\/wp-json\/wp\/v2\/posts\/197992","targetHints":{"allow":["GET"]}}],"collection":[{"href":"https:\/\/radiofenix.com.ar\/2023\/wp-json\/wp\/v2\/posts"}],"about":[{"href":"https:\/\/radiofenix.com.ar\/2023\/wp-json\/wp\/v2\/types\/post"}],"replies":[{"embeddable":true,"href":"https:\/\/radiofenix.com.ar\/2023\/wp-json\/wp\/v2\/comments?post=197992"}],"version-history":[{"count":0,"href":"https:\/\/radiofenix.com.ar\/2023\/wp-json\/wp\/v2\/posts\/197992\/revisions"}],"wp:featuredmedia":[{"embeddable":true,"href":"https:\/\/radiofenix.com.ar\/2023\/wp-json\/wp\/v2\/media\/197993"}],"wp:attachment":[{"href":"https:\/\/radiofenix.com.ar\/2023\/wp-json\/wp\/v2\/media?parent=197992"}],"wp:term":[{"taxonomy":"category","embeddable":true,"href":"https:\/\/radiofenix.com.ar\/2023\/wp-json\/wp\/v2\/categories?post=197992"},{"taxonomy":"post_tag","embeddable":true,"href":"https:\/\/radiofenix.com.ar\/2023\/wp-json\/wp\/v2\/tags?post=197992"}],"curies":[{"name":"wp","href":"https:\/\/api.w.org\/{rel}","templated":true}]}}