{"id":197996,"date":"2025-03-30T08:57:53","date_gmt":"2025-03-30T08:57:53","guid":{"rendered":"https:\/\/radiofenix.com.ar\/2023\/el-vicepresidente-de-ee-uu-acusa-a-dinamarca-de-haber-descuidado-groenlandia\/"},"modified":"2025-03-30T08:57:53","modified_gmt":"2025-03-30T08:57:53","slug":"el-vicepresidente-de-ee-uu-acusa-a-dinamarca-de-haber-descuidado-groenlandia","status":"publish","type":"post","link":"https:\/\/radiofenix.com.ar\/2023\/el-vicepresidente-de-ee-uu-acusa-a-dinamarca-de-haber-descuidado-groenlandia\/","title":{"rendered":"El vicepresidente de EE.UU. acusa a Dinamarca de haber descuidado Groenlandia"},"content":{"rendered":"<div><!-- Body --><\/p>\n<p><b>El vicepresidente de Estados Unidos, <a href=\"https:\/\/www.pagina12.com.ar\/tags\/74188-james-david-vance\">JD Vance<\/a>, acus\u00f3 el viernes a Dinamarca de no haber hecho lo suficiente para proteger Groenlandia<\/b>, durante su <a href=\"https:\/\/www.pagina12.com.ar\/813139-groenlandia-tildo-de-injerencia-extranjera-la-visita-de-una-\">visita al territorio dan\u00e9s<\/a>, estrat\u00e9gicamente situado y rico en recursos, que es codiciado por el presidente Donald Trump. <b>La visita de Vance a la base estadounidense de Pituffik<\/b>, en la costa noroeste de Groenlandia, en compa\u00f1\u00eda de su esposa Usha Vance, del consejero de Seguridad Nacional Mike Waltz y del ministro de Energ\u00eda Chris Wright, <b>fue considerada como una provocaci\u00f3n en la isla \u00e1rtica y en Dinamarca<\/b>.<\/p>\n<p>\u00abDinamarca no hizo un buen trabajo para garantizar la seguridad de Groenlandia\u00bb, dijo JD Vance a las tropas estadounidenses instaladas en su base militar. \u00abNo han invertido lo suficiente en la poblaci\u00f3n de Groenlandia y en la seguridad de esta incre\u00edble y hermosa masa continental de gente incre\u00edble. Esto tiene que cambiar\u00bb, agreg\u00f3 el vicepresidente.<\/p>\n<div class=\"iframely-embed medium-embedded-content\" data-html=\"Jmx0O2Jsb2NrcXVvdGUgY2xhc3M9InR3aXR0ZXItdHdlZXQiIGRhdGEtZG50PSJ0cnVlIiBhbGlnbj0iY2VudGVyIiZndDsmbHQ7cCBsYW5nPSJlbiIgZGlyPSJsdHIiJmd0O0Rlbm1hcmsmYW1wOyMzOTtzIGxlYWRlcnNoaXAgaGFzIGZhaWxlZCB0aGUgcGVvcGxlIG9mIEdyZWVubGFuZCwgYW5kIHRoZWlyIGJ1bGx5aW5nIHRhY3RpY3Mgd29uJmFtcDsjMzk7dCBjaGFuZ2UgdGhhdC4mbHQ7YnImZ3Q7Jmx0O2JyJmd0O0ludmVzdG1lbnQgaW4gR3JlZW5sYW5kJmFtcDsjMzk7cyBzZWN1cml0eSBpcyBpbiBBbWVyaWNhJmFtcDsjMzk7cyBiZXN0IGludGVyZXN0LCBhbmQgaXQgd2lsbCBjb250aW51ZSB1bmRlciBQcmVzaWRlbnQgVHJ1bXAuICZsdDthIGhyZWY9Imh0dHBzOi8vdC5jby9acEdsbkRYQ1JoIiZndDtwaWMudHdpdHRlci5jb20vWnBHbG5EWENSaCZsdDsvYSZndDsmbHQ7L3AmZ3Q7JmFtcDttZGFzaDsgVmljZSBQcmVzaWRlbnQgSkQgVmFuY2UgKEBWUCkgJmx0O2EgaHJlZj0iaHR0cHM6Ly90d2l0dGVyLmNvbS9WUC9zdGF0dXMvMTkwNTcwNzI1MzI3OTQ2NTg5Mj9yZWZfc3JjPXR3c3JjJTVFdGZ3IiZndDtNYXJjaCAyOCwgMjAyNSZsdDsvYSZndDsmbHQ7L2Jsb2NrcXVvdGUmZ3Q7CiZsdDtzY3JpcHQgYXN5bmMgc3JjPSJodHRwczovL3BsYXRmb3JtLnR3aXR0ZXIuY29tL3dpZGdldHMuanMiIGNoYXJzZXQ9InV0Zi04IiZndDsmbHQ7L3NjcmlwdCZndDsKCiZsdDtkaXYgY2xhc3M9Im1lZGl1bS1pbnNlcnQtZW1iZWRzLW1ldGEiJmd0OyZsdDtzY3JpcHQgdHlwZT0idGV4dC9qc29uIiZndDt7InVybCI6Imh0dHBzOi8vdHdpdHRlci5jb20vVlAvc3RhdHVzLzE5MDU3MDcyNTMyNzk0NjU4OTIiLCJ0eXBlIjoicmljaCIsInZlcnNpb24iOiIxLjAiLCJ0aXRsZSI6IlZpY2UgUHJlc2lkZW50IEpEIFZhbmNlIG9uIFR3aXR0ZXIgLyBYIiwiYXV0aG9yIjoiVmljZSBQcmVzaWRlbnQgSkQgVmFuY2UiLCJhdXRob3JfdXJsIjoiaHR0cHM6Ly90d2l0dGVyLmNvbS9WUCIsInByb3ZpZGVyX25hbWUiOiJUd2l0dGVyIiwiZGVzY3JpcHRpb24iOiJEZW5tYXJrJ3MgbGVhZGVyc2hpcCBoYXMgZmFpbGVkIHRoZSBwZW9wbGUgb2YgR3JlZW5sYW5kLCBhbmQgdGhlaXIgYnVsbHlpbmcgdGFjdGljcyB3b24ndCBjaGFuZ2UgdGhhdC5JbnZlc3RtZW50IGluIEdyZWVubGFuZCdzIHNlY3VyaXR5IGlzIGluIEFtZXJpY2EncyBiZXN0IGludGVyZXN0LCBhbmQgaXQgd2lsbCBjb250aW51ZSB1bmRlciBQcmVzaWRlbnQgVHJ1bXAuIHBpYy50d2l0dGVyLmNvbS9acEdsbkRYQ1Jo4oCUIFZpY2UgUHJlc2lkZW50IEpEIFZhbmNlIChAVlApIE1hcmNoIDI4LCAyMDI1XG5cblxuIiwidGh1bWJuYWlsX3VybCI6Imh0dHBzOi8vcGJzLnR3aW1nLmNvbS9hbXBsaWZ5X3ZpZGVvX3RodW1iLzE5MDU3MDcwNjI3NDQ4MTM1NjgvaW1nLzhUZk5IZm90MHBkbktqWnYuanBnOmxhcmdlIiwidGh1bWJuYWlsX3dpZHRoIjoxMjgwLCJ0aHVtYm5haWxfaGVpZ2h0Ijo3MjAsImNhY2hlX2FnZSI6ODY0MDAsIm9wdGlvbnMiOnsiX2hpZGVfbWVkaWEiOnsibGFiZWwiOiJIaWRlIHBob3RvcywgdmlkZW9zLCBhbmQgY2FyZHMiLCJ2YWx1ZSI6ZmFsc2V9LCJfdGhlbWUiOnsidmFsdWUiOiIiLCJ2YWx1ZXMiOnsiZGFyayI6IlVzZSBkYXJrIHRoZW1lIn19LCJfbWF4d2lkdGgiOnsidmFsdWUiOiIiLCJsYWJlbCI6IkFkanVzdCB3aWR0aCIsInBsYWNlaG9sZGVyIjoiMjIwLTU1MCwgaW4gcHgifX19Jmx0Oy9zY3JpcHQmZ3Q7Jmx0Oy9kaXYmZ3Q7\">\n                <a data-iframely-url=\"\" href=\"https:\/\/twitter.com\/VP\/status\/1905707253279465892\">https:\/\/twitter.com\/VP\/status\/1905707253279465892<\/a>\n              <\/div>\n<p><b>\u00abDurante muchos a\u00f1os, hemos acompa\u00f1ado a los estadounidenses en situaciones muy dif\u00edciles\u00bb<\/b>, reaccion\u00f3 la primera ministra danesa, <b>Mette Frederiksen<\/b>, refiri\u00e9ndose al compromiso dan\u00e9s junto a las tropas estadounidenses en Irak y Afganist\u00e1n. \u00abPor lo tanto, la forma en que el vicepresidente se refiere a Dinamarca no es exacta\u00bb, dijo Frederiksen y se declar\u00f3 dispuesta a \u00abcooperar d\u00eda y noche con los estadounidenses\u00bb en materia de seguridad en el \u00c1rtico, en unas declaraciones escritas a medios daneses.<\/p>\n<p>Tras su cr\u00edtica a Dinamarca, <b>Vance apunt\u00f3 sin embargo que no cree que \u00abla fuerza militar\u00bb vaya a ser \u00abnecesaria\u00bb para alcanzar sus objetivos con este territorio<\/b>. \u00abPensamos que los habitantes de Groenlandia son racionales y que vamos a llegar a un acuerdo al estilo de Donald Trump para garantizar la seguridad de ese territorio y tambi\u00e9n la de Estados Unidos\u00bb, se\u00f1al\u00f3.<\/p>\n<p>Poco antes,<b> Trump insisti\u00f3 en que EE.UU. necesita Groenlandia y que es \u00abmuy importante\u00bb para la seguridad internacional. <\/b>Pero los gobiernos de Dinamarca y de la propia isla expresaron su rechazo a este plan desde Washington. La primera ministra danesa hab\u00eda acusado \u00abla presi\u00f3n inaceptable\u00bb de Estados Unidos tras el anuncio esta semana de la visita sin invitaci\u00f3n de la delegaci\u00f3n estadounidense.\u00a0<\/p>\n<p><b>\u00abVenir de visita cuando no hay gobierno establecido no se considera una se\u00f1al de respeto hacia un aliado\u00bb<\/b>, declar\u00f3 por su parte el viernes el nuevo primer ministro de Groenlandia, <b>Jens Frederik Nielsen.<\/b> Coincidiendo con la visita, Nielsen, de centroderecha, anunci\u00f3 un acuerdo para formar un gobierno cuatripartito \u00abpara enfrentar la fuerte presi\u00f3n\u00bb.<\/p>\n<p>La base de Pituffik es una parte esencial de la infraestructura de defensa antimisiles de Washington, ya que su ubicaci\u00f3n en el \u00c1rtico la sit\u00faa en la ruta m\u00e1s corta para los misiles disparados desde Rusia contra Estados Unidos. Conocida como Thule Air Base hasta 2023, la base sirvi\u00f3 como puesto de alerta ante posibles ataques de la Uni\u00f3n Sovi\u00e9tica durante la Guerra Fr\u00eda.<\/p>\n<p><!-- Live Blog Post --><\/div>\n<p><script async src=\"\/\/platform.twitter.com\/widgets.js\" charset=\"utf-8\"><\/script><br \/><a href=\"https:\/\/www.pagina12.com.ar\/814265-el-vicepresidente-de-ee-uu-acusa-a-dinamarca-de-haber-descui\">source<\/a><\/p>\n","protected":false},"excerpt":{"rendered":"<p>El vicepresidente de Estados Unidos, JD Vance, acus\u00f3 el viernes a Dinamarca de no haber&#8230;<\/p>\n","protected":false},"author":0,"featured_media":197997,"comment_status":"open","ping_status":"open","sticky":false,"template":"","format":"standard","meta":{"footnotes":""},"categories":[60],"tags":[],"class_list":["post-197996","post","type-post","status-publish","format-standard","has-post-thumbnail","hentry","category-internacional"],"featured_image_urls":{"full":["https:\/\/radiofenix.com.ar\/2023\/wp-content\/uploads\/wp-header-logo.png",0,0,false],"thumbnail":["https:\/\/radiofenix.com.ar\/2023\/wp-content\/uploads\/wp-header-logo.png",1,1,false],"medium":["https:\/\/radiofenix.com.ar\/2023\/wp-content\/uploads\/wp-header-logo.png",1,1,false],"medium_large":["https:\/\/radiofenix.com.ar\/2023\/wp-content\/uploads\/wp-header-logo.png",1,1,false],"large":["https:\/\/radiofenix.com.ar\/2023\/wp-content\/uploads\/wp-header-logo.png",1,1,false],"1536x1536":["https:\/\/radiofenix.com.ar\/2023\/wp-content\/uploads\/wp-header-logo.png",1,1,false],"2048x2048":["https:\/\/radiofenix.com.ar\/2023\/wp-content\/uploads\/wp-header-logo.png",1,1,false],"newsium-slider-full":["https:\/\/radiofenix.com.ar\/2023\/wp-content\/uploads\/wp-header-logo.png",1,1,false],"newsium-featured":["https:\/\/radiofenix.com.ar\/2023\/wp-content\/uploads\/wp-header-logo.png",1,1,false],"newsium-medium":["https:\/\/radiofenix.com.ar\/2023\/wp-content\/uploads\/wp-header-logo.png",1,1,false]},"author_info":{"info":[""]},"category_info":"<a href=\"https:\/\/radiofenix.com.ar\/2023\/category\/internacional\/\" rel=\"category tag\">Internacional<\/a>","tag_info":"Internacional","comment_count":"0","_links":{"self":[{"href":"https:\/\/radiofenix.com.ar\/2023\/wp-json\/wp\/v2\/posts\/197996","targetHints":{"allow":["GET"]}}],"collection":[{"href":"https:\/\/radiofenix.com.ar\/2023\/wp-json\/wp\/v2\/posts"}],"about":[{"href":"https:\/\/radiofenix.com.ar\/2023\/wp-json\/wp\/v2\/types\/post"}],"replies":[{"embeddable":true,"href":"https:\/\/radiofenix.com.ar\/2023\/wp-json\/wp\/v2\/comments?post=197996"}],"version-history":[{"count":0,"href":"https:\/\/radiofenix.com.ar\/2023\/wp-json\/wp\/v2\/posts\/197996\/revisions"}],"wp:featuredmedia":[{"embeddable":true,"href":"https:\/\/radiofenix.com.ar\/2023\/wp-json\/wp\/v2\/media\/197997"}],"wp:attachment":[{"href":"https:\/\/radiofenix.com.ar\/2023\/wp-json\/wp\/v2\/media?parent=197996"}],"wp:term":[{"taxonomy":"category","embeddable":true,"href":"https:\/\/radiofenix.com.ar\/2023\/wp-json\/wp\/v2\/categories?post=197996"},{"taxonomy":"post_tag","embeddable":true,"href":"https:\/\/radiofenix.com.ar\/2023\/wp-json\/wp\/v2\/tags?post=197996"}],"curies":[{"name":"wp","href":"https:\/\/api.w.org\/{rel}","templated":true}]}}