{"id":198004,"date":"2025-03-31T08:58:04","date_gmt":"2025-03-31T08:58:04","guid":{"rendered":"https:\/\/radiofenix.com.ar\/2023\/efemerides-de-hoy-que-paso-un-31-de-marzo\/"},"modified":"2025-03-31T08:58:04","modified_gmt":"2025-03-31T08:58:04","slug":"efemerides-de-hoy-que-paso-un-31-de-marzo","status":"publish","type":"post","link":"https:\/\/radiofenix.com.ar\/2023\/efemerides-de-hoy-que-paso-un-31-de-marzo\/","title":{"rendered":"Efem\u00e9rides de hoy: qu\u00e9 pas\u00f3 un 31 de marzo\u00a0"},"content":{"rendered":"<div><!-- Body --><\/p>\n<p>En las<b> efem\u00e9rides del 31 de marzo <\/b>sobresalen estos hechos que ocurrieron un d\u00eda como hoy en la Argentina y el mundo:<\/p>\n<h2>1685. Nace Johann Sebastian Bach<\/h2>\n<p><a href=\"https:\/\/www.pagina12.com.ar\/diario\/discos\/12-361-2002-01-02.html\"><b>Johann Sebastian Bach <\/b><\/a><b>nace en Eisenach<\/b>. Fue el m\u00e1s grande compositor del barroco alem\u00e1n y una de las cumbres de la m\u00fasica universal. Destac\u00f3 como organista y clavecinista y <a href=\"https:\/\/www.pagina12.com.ar\/diario\/suplementos\/radar\/9-1397-2004-05-02.html\">fue el patriarca de una fecunda familia de m\u00fasicos<\/a>. Entre sus obras destacan la Misa en Si Menor, las seis suites para cello solo, <i>La Pasi\u00f3n seg\u00fan San Mateo<\/i>, <a href=\"https:\/\/www.pagina12.com.ar\/diario\/contratapa\/13-197860-2012-07-04.html\">las Variaciones <i>Goldberg<\/i><\/a>, las cuatro suites para orquesta, los dos conciertos para viol\u00edn, el concierto para dos violines, la Ofrenda Musical, la Toccata y Fuga en Re Menor, los seis Conciertos de Brandeburgo, el Magnificat, <i>El clave bien temperado<\/i>, <i>El arte de la fuga<\/i> y m\u00e1s de 200 cantatas. <b>Muri\u00f3 en Leipzig en 1750<\/b>.<\/p>\n<p><iframe style=\"border: 0px; position: absolute; top: 0px; left: 0px; height: 100%;\" allowfullscreen=\"\" frameborder=\"0\" src=\"https:\/\/www.youtube.com\/embed\/ErIFOYTOX5M\"><\/iframe><\/p>\n<h2>1732. El nacimiento de Franz Joseph Haydn<\/h2>\n<p>En Rohrau, en las afueras de Viena, nace uno de los principales m\u00fasicos del siglo XVIII: <b>Franz Joseph Haydn<\/b>. Amigo de Mozart y maestro de Beethoven, dej\u00f3 104 sinfon\u00edas, dos conciertos para cello, el concierto para trompeta, los oratorios <i>La Creaci\u00f3n<\/i> y <i>Las Estaciones<\/i>, y las \u00f3peras<i> La fedelt\u00e0 premiata<\/i>, <a href=\"https:\/\/www.pagina12.com.ar\/2000\/00-12\/00-12-20\/pag26.htm\"><i>Armida <\/i><\/a>y <i>L\u00b4anima del filosofo<\/i>. <b>Su melod\u00eda para la canci\u00f3n <i>Kaiserlied <\/i>(\u201cLa canci\u00f3n del Emperador\u201d) se convirti\u00f3 en el himno de Alemania<\/b>. Falleci\u00f3 en Viena en 1809.<\/p>\n<p><iframe style=\"border: 0px; position: absolute; top: 0px; left: 0px; height: 100%;\" allowfullscreen=\"\" frameborder=\"0\" src=\"https:\/\/www.youtube.com\/embed\/VOLy6JxEDLw\"><\/iframe><\/p>\n<h2>1889. La Torre Eiffel<\/h2>\n<p><b>Se inaugura en Par\u00eds uno de los s\u00edmbolos de la Ciudad Luz: <\/b><a href=\"https:\/\/www.pagina12.com.ar\/274533-coronavirus-la-torre-eiffel-reabre-luego-de-104-dias\"><b>la Torre Eiffel<\/b><\/a>. Dise\u00f1ada por Gustave Eiffel para la Exposici\u00f3n Universal,<b> tiene 357 metros de altura<\/b>. Se tard\u00f3 algo m\u00e1s de dos a\u00f1os en construir la estructura de hierro, que en su tiempo caus\u00f3 controversia. <b>Hoy congrega a unos siete millones de turistas por a\u00f1o<\/b>.<\/p>\n<p><iframe style=\"border: 0px; position: absolute; top: 0px; left: 0px; height: 100%;\" allowfullscreen=\"\" frameborder=\"0\" src=\"https:\/\/www.youtube.com\/embed\/xpzflTfm8k0\"><\/iframe><\/p>\n<h2>1914. Nace Octavio Paz<\/h2>\n<p><a href=\"https:\/\/www.pagina12.com.ar\/87064-octavio-paz-contra-el-neoliberalismo\"><b>Octavio Paz <\/b><\/a><b>nace en la ciudad de M\u00e9xico<\/b>. Fue uno de los m\u00e1s importantes poetas en lengua castellana del siglo XX. Su obra po\u00e9tica se inici\u00f3 con la publicaci\u00f3n de <i>Luna silvestre<\/i> en 1933. Luego vendr\u00edan, entre otros t\u00edtulos,<i> Libertad bajo palabra <\/i>y<i> Piedra de toque<\/i>. Como ensayista, destac\u00f3 con <i>El laberinto de la soledad<\/i> y<i> Sor Juana In\u00e9s de la Cruz o las trampas de la fe<\/i>. <b>Obtuvo el Premio Cervantes en 1981 y, en 1990, el Nobel de Literatura<\/b>. <a href=\"https:\/\/www.pagina12.com.ar\/1998\/98-04\/98-04-21\/pag29.htm\">Falleci\u00f3 en 1998<\/a>.<\/p>\n<p><iframe style=\"border: 0px; position: absolute; top: 0px; left: 0px; height: 100%;\" allowfullscreen=\"\" frameborder=\"0\" src=\"https:\/\/www.youtube.com\/embed\/f3csfhtS9VE\"><\/iframe><\/p>\n<h2>1933. El golpe de Terra en Uruguay<\/h2>\n<p><b>Golpe de Estado en Uruguay<\/b>. El presidente Gabriel Terra, que hab\u00eda asumido en 1931 para un mandato de cuatro a\u00f1os, disuelve el Parlamento. <b>Comienza una dictadura que, entre otras cosas, rompe relaciones con la URSS y la II Rep\u00fablica Espa\u00f1ola<\/b>. Terra reforma la Constituci\u00f3n y llama a elecciones en 1938. Su sucesor, Alfredo Baldomir, dar\u00e1 a su vez un golpe para terminar con las reformas autoritarias de Terra y volver a la vieja Carta Magna de 1918. El d\u00eda del golpe de Terra se produce un hecho conmocionante: <b>el expresidente Baltasar Brum resiste la ruptura del orden constitucional y, al no sumar apoyos, se suicida<\/b>.<\/p>\n<p><iframe style=\"border: 0px; position: absolute; top: 0px; left: 0px; height: 100%;\" allowfullscreen=\"\" frameborder=\"0\" src=\"https:\/\/www.youtube.com\/embed\/UzIQL0N4EQE\"><\/iframe><\/p>\n<h2>1948. El nacimiento de Enrique Vila-Matas<\/h2>\n<p><b>Nace <\/b><a href=\"https:\/\/www.pagina12.com.ar\/diario\/suplementos\/radar\/subnotas\/9704-2157-2014-05-04.html\"><b>Enrique Vila-Matas<\/b><\/a><b> en Barcelona<\/b>. El escritor espa\u00f1ol, uno de los m\u00e1s destacados de las \u00faltimas d\u00e9cadas, <b>es autor de novelas como <i>El viaje vertical <\/i>y <i>El mal de Montano<\/i>, que le valieron el Premio R\u00f3mulo Gallegos y el Premio Herralde, respectivamente<\/b>. Tambi\u00e9n public\u00f3 libros de cuentos, entre otros, <i>Hijos sin hijos<\/i> y <i>Exploradores del abismo<\/i>. Adem\u00e1s, es autor de ensayos, g\u00e9nero en el que destaca <i>El viajero m\u00e1s lento<\/i>.<\/p>\n<p><iframe style=\"border: 0px; position: absolute; top: 0px; left: 0px; height: 100%;\" allowfullscreen=\"\" frameborder=\"0\" src=\"https:\/\/www.youtube.com\/embed\/-icXZPaL2AI\"><\/iframe><\/p>\n<h2>1964. Los militares deponen a Goulart en<br \/>\nBrasil<\/h2>\n<p><a href=\"https:\/\/www.pagina12.com.ar\/333043-brasil-1964-fue-golpe-fue-dictadura\"><b>Los militares brasile\u00f1os derrocan a Jo\u00e3o Goulart<\/b><\/a>. El golpe militar, auspiciado por los Estados Unidos, desaloja al presidente e instaura una dictadura que se extender\u00e1 hasta 1985. <b>La pol\u00edtica progresista de Goulart, aut\u00f3noma de los dictados estadounidenses en plena Guerra Fr\u00eda, conduce a la asonada<\/b>. El general Ol\u00edmpio Mour\u00e3o Filho moviliza a sus tropas en la noche del 31 de marzo en R\u00edo de Janeiro. Al d\u00eda siguiente,<a href=\"https:\/\/www.pagina12.com.ar\/diario\/elmundo\/4-235998-2013-12-19.html\"> la oposici\u00f3n de derecha niega su apoyo a Goulart en el Congreso y procede a destituirlo<\/a>. <b>La presi\u00f3n militar hace que el propio Congreso nombre presidente al general Humberto Castelo Branco<\/b>, el primero de los cinco dictadores militares (le seguir\u00edan Artur da Costa e Silva, Emilio Garrastazu M\u00e9dici, Ernesto Geisel y Jo\u00e3o Baptista Figueiredo) del r\u00e9gimen que dura 21 a\u00f1os y <a href=\"https:\/\/www.pagina12.com.ar\/332984-la-dictadura-del-64-y-el-brasil-de-bolsonaro\">es reivindicado por el gobierno de Jair Bolsonaro<\/a>.<\/p>\n<p><iframe style=\"border: 0px; position: absolute; top: 0px; left: 0px; height: 100%;\" allowfullscreen=\"\" frameborder=\"0\" src=\"https:\/\/www.youtube.com\/embed\/T0Rwv6VNf0k\"><\/iframe><\/p>\n<h2>1995. Adi\u00f3s a Roberto Juarroz<\/h2>\n<p><b>A los 69 a\u00f1os fallece el poeta Roberto Juarroz<\/b>. Hab\u00eda nacido en Coronel Dorrego en 1925. Se gradu\u00f3 de bibliotecario en la UBA y curs\u00f3 estudios en La Sorbona. Trabaj\u00f3 como cr\u00edtico en varios medios, tradujo entre otros a Antonin Artaud e integr\u00f3 la Academia Argentina de Letras. <b>El coraz\u00f3n de su obra lo constituyen los 14 vol\u00famenes de <i>Poes\u00eda vertical<\/i>, aparecidos entre 1958 y 1997, el \u00faltimo de manera p\u00f3stuma<\/b>.<\/p>\n<p><iframe style=\"border: 0px; position: absolute; top: 0px; left: 0px; height: 100%;\" allowfullscreen=\"\" frameborder=\"0\" src=\"https:\/\/www.youtube.com\/embed\/hozhoH58imY\"><\/iframe><\/p>\n<h2>2009. Fallece Ra\u00fal Alfons\u00edn<\/h2>\n<p><a href=\"https:\/\/www.pagina12.com.ar\/diario\/elpais\/1-122456-2009-04-01.html\"><b>Ra\u00fal Alfons\u00edn muere a los 82 a\u00f1os<\/b><\/a>. El primer presidente de la democracia recuperada en 1983 no pudo superar un c\u00e1ncer de pulm\u00f3n. <a href=\"https:\/\/www.pagina12.com.ar\/diario\/elpais\/1-122522-2009-04-02.html\">Su fallecimiento conmueve al pa\u00eds y recibe un funeral multitudinario, como no se ve\u00eda desde la muerte de Juan Domingo Per\u00f3n<\/a>. <b>Lo velan en el Congreso y<\/b><a href=\"https:\/\/www.pagina12.com.ar\/diario\/elpais\/1-122568-2009-04-03.html\"><b> es enterrado en la Recoleta<\/b><\/a>. Su \u00faltima intervenci\u00f3n p\u00fablica <a href=\"https:\/\/www.pagina12.com.ar\/diario\/elpais\/1-114262-2008-10-31.html\">fue con un video<\/a>, seis meses antes, para un acto radical por los 25 a\u00f1os de la victoria electoral. Previo a eso,<b> el 1\u00ba de octubre de 2008, <\/b><a href=\"https:\/\/www.pagina12.com.ar\/diario\/elpais\/1-112613-2008-10-02.html\"><b>hab\u00eda presenciado el descubrimiento de su busto en la Casa Rosada<\/b><\/a>.<\/p>\n<p><iframe style=\"border: 0px; position: absolute; top: 0px; left: 0px; height: 100%;\" allowfullscreen=\"\" frameborder=\"0\" src=\"https:\/\/www.youtube.com\/embed\/M-_j6pZloSY\"><\/iframe><\/p>\n<p>Adem\u00e1s, es el <b>D\u00eda Internacional de la Visibilidad Transg\u00e9nero<\/b>; y en la Argentina se celebra el<b> D\u00eda Nacional del Agua<\/b>.<\/p>\n<p><!-- Live Blog Post --><\/div>\n<p><a href=\"https:\/\/www.pagina12.com.ar\/814451-efemerides-de-hoy-que-paso-un-31-de-marzo\">source<\/a><\/p>\n","protected":false},"excerpt":{"rendered":"<p>En las efem\u00e9rides del 31 de marzo sobresalen estos hechos que ocurrieron un d\u00eda como&#8230;<\/p>\n","protected":false},"author":0,"featured_media":198005,"comment_status":"open","ping_status":"open","sticky":false,"template":"","format":"standard","meta":{"footnotes":""},"categories":[7],"tags":[],"class_list":["post-198004","post","type-post","status-publish","format-standard","has-post-thumbnail","hentry","category-sociedad"],"featured_image_urls":{"full":["https:\/\/radiofenix.com.ar\/2023\/wp-content\/uploads\/wp-header-logo.png",0,0,false],"thumbnail":["https:\/\/radiofenix.com.ar\/2023\/wp-content\/uploads\/wp-header-logo.png",1,1,false],"medium":["https:\/\/radiofenix.com.ar\/2023\/wp-content\/uploads\/wp-header-logo.png",1,1,false],"medium_large":["https:\/\/radiofenix.com.ar\/2023\/wp-content\/uploads\/wp-header-logo.png",1,1,false],"large":["https:\/\/radiofenix.com.ar\/2023\/wp-content\/uploads\/wp-header-logo.png",1,1,false],"1536x1536":["https:\/\/radiofenix.com.ar\/2023\/wp-content\/uploads\/wp-header-logo.png",1,1,false],"2048x2048":["https:\/\/radiofenix.com.ar\/2023\/wp-content\/uploads\/wp-header-logo.png",1,1,false],"newsium-slider-full":["https:\/\/radiofenix.com.ar\/2023\/wp-content\/uploads\/wp-header-logo.png",1,1,false],"newsium-featured":["https:\/\/radiofenix.com.ar\/2023\/wp-content\/uploads\/wp-header-logo.png",1,1,false],"newsium-medium":["https:\/\/radiofenix.com.ar\/2023\/wp-content\/uploads\/wp-header-logo.png",1,1,false]},"author_info":{"info":[""]},"category_info":"<a href=\"https:\/\/radiofenix.com.ar\/2023\/category\/sociedad\/\" rel=\"category tag\">Sociedad<\/a>","tag_info":"Sociedad","comment_count":"0","_links":{"self":[{"href":"https:\/\/radiofenix.com.ar\/2023\/wp-json\/wp\/v2\/posts\/198004","targetHints":{"allow":["GET"]}}],"collection":[{"href":"https:\/\/radiofenix.com.ar\/2023\/wp-json\/wp\/v2\/posts"}],"about":[{"href":"https:\/\/radiofenix.com.ar\/2023\/wp-json\/wp\/v2\/types\/post"}],"replies":[{"embeddable":true,"href":"https:\/\/radiofenix.com.ar\/2023\/wp-json\/wp\/v2\/comments?post=198004"}],"version-history":[{"count":0,"href":"https:\/\/radiofenix.com.ar\/2023\/wp-json\/wp\/v2\/posts\/198004\/revisions"}],"wp:featuredmedia":[{"embeddable":true,"href":"https:\/\/radiofenix.com.ar\/2023\/wp-json\/wp\/v2\/media\/198005"}],"wp:attachment":[{"href":"https:\/\/radiofenix.com.ar\/2023\/wp-json\/wp\/v2\/media?parent=198004"}],"wp:term":[{"taxonomy":"category","embeddable":true,"href":"https:\/\/radiofenix.com.ar\/2023\/wp-json\/wp\/v2\/categories?post=198004"},{"taxonomy":"post_tag","embeddable":true,"href":"https:\/\/radiofenix.com.ar\/2023\/wp-json\/wp\/v2\/tags?post=198004"}],"curies":[{"name":"wp","href":"https:\/\/api.w.org\/{rel}","templated":true}]}}