{"id":198018,"date":"2025-04-01T08:58:18","date_gmt":"2025-04-01T08:58:18","guid":{"rendered":"https:\/\/radiofenix.com.ar\/2023\/copa-libertadores-racing-y-estudiantes-ponen-en-marcha-la-fase-de-grupos\/"},"modified":"2025-04-01T08:58:18","modified_gmt":"2025-04-01T08:58:18","slug":"copa-libertadores-racing-y-estudiantes-ponen-en-marcha-la-fase-de-grupos","status":"publish","type":"post","link":"https:\/\/radiofenix.com.ar\/2023\/copa-libertadores-racing-y-estudiantes-ponen-en-marcha-la-fase-de-grupos\/","title":{"rendered":"Copa Libertadores: Racing y Estudiantes ponen en marcha la fase de grupos"},"content":{"rendered":"<div><!-- Body --><\/p>\n<p><b>Comienza la fase de grupos de la Copa Libertadores<\/b> y treinta y dos equipos sudamericanos empezar\u00e1n a recorrer los cielos y las rutas de la regi\u00f3n tratando de anotar su nombre en una lista que Pe\u00f1arol de Montevideo inaugur\u00f3 en 1960 y que reconoce a Botafogo de R\u00edo de Janeiro, el campe\u00f3n de la edici\u00f3n de 2024, como su \u00faltimo ocupante.\u00a0<\/p>\n<p>Por el Grupo A, <b>Carabobo de Venezuela y Estudiantes de La Plata abrir\u00e1n el juego desde las 19 y m\u00e1s tarde, desde las 21:30 y por el Grupo E, saldr\u00e1 a la cancha Racing como visitante del Fortaleza de Brasil y\u00a0<\/b>con la idea de arrancar una campa\u00f1a que lo lleve a la gran final que todav\u00eda no tiene lugar de realizaci\u00f3n. Los dos partidos ser\u00e1n televisados por <b>Fox Sports<\/b>. Tambi\u00e9n habr\u00e1n de jugar Cerro Porte\u00f1o-Bol\u00edvar\u00a0(a las 19 por el G), Bucaramanga de Colombia y Colo-Colo\u00a0(<span>a las\u00a0<\/span>21:30 por el E) y\u00a0Barcelona de Guayaquil-Independiente del Valle (a las 23 por el B, zona de River) y Alianza Lima-Libertad de Paraguay (a las 23 por el D, zona de Talleres).<\/p>\n<p>Este mi\u00e9rcoles, mientras tanto, ser\u00e1 el estreno de <b>V\u00e9lez <\/b>(local ante Pe\u00f1arol), <b>River<\/b> (visitante ante Universitario de Lima) y <b>Talleres de C\u00f3rdoba<\/b> (local frente a San Pablo) y el jueves lo har\u00e1 <b>Central C\u00f3rdoba de Santiago del Estero<\/b> (local ante la Liga de Quito).<\/p>\n<ol\/>\n<p>En total, participan de la fase de grupos <b>seis equipos argentinos (Boca estar\u00e1 ausente de la competencia por segundo a\u00f1o consecutivo), siete brasile\u00f1os<\/b>, tres ecuatorianos, tres paraguayos, tres peruanos y dos chilenos, uruguayos, bolivianos, colombianos y venezolanos. <b>Los dos primeros de cada zona pasar\u00e1n directamente a octavos de final y los terceros ir\u00e1n a la Sudamericana<\/b>, en una instancia de repechaje o 16avos de final donde enfrentar\u00e1n a los segundos de los grupos de ese certamen en duelos mano a mano.<\/p>\n<p><b>Racing ha fijado a la Copa Libertadores como su gran objetivo del a\u00f1o<\/b> y su t\u00e9cnico <b>Gustavo Costas<\/b> buscar\u00e1 recrear el <span>esp\u00edritu\u00a0<\/span>que llev\u00f3 al equipo a ganar la Sudamericana de 2024 y la reciente Recopa. Es sabido que la Academia no viene bien en el torneo local en el que ni siquiera se est\u00e1 clasificando para los playoffs. Deber\u00e1 repuntar mucho porque Fortaleza tiene oficio copero, <b>se hace muy fuerte de local (ning\u00fan equipo argentino pudo ganar all\u00ed) <\/b>y en esa condici\u00f3n viene de derrotar 2 a 0 a Fluminense en la primera fecha del Brasileirao con fuerte presencia argentina. Su t\u00e9cnico es <b>Juan Pablo Vojvoda<\/b> y en su plantel se encuentran el defensor <b>Emanuel Britez,<\/b> los mediocampistas <b>Guillermo \u00abPol\u00bb Fern\u00e1ndez, Emmanuel Mart\u00ednez<\/b> y <b>Tomas Pochettino<\/b> y el delantero<b> Juan Mart\u00edn Lucero<\/b>. Adem\u00e1s, all\u00ed milita el experimentado zaguero brasile\u00f1o David Luiz.<\/p>\n<p><b>Es posible que en Racing reaparezca Agust\u00edn Garc\u00eda Basso,<\/b> repuesto de la lesi\u00f3n que lo viene dejando afuera desde el primer partido del torneo local ante Barracas Central. Por lo dem\u00e1s, <b>Costas pondr\u00e1 lo mejor que tiene <\/b>con la idea de llevarse un buen saldo de puntos en un grupo bastante equilibrado (completan Colo-Colo y Bucaramanga) y en el que resulta clave sumar todo lo disponible en condici\u00f3n de local.<\/p>\n<p>Por su parte y luego de haber pernoctado en Medell\u00edn (Colombia), el plantel de <strong>Estudiantes<\/strong>\u00a0arrib\u00f3 a primera hora de la tarde de este lunes a la ciudad venezolana de Valencia, donde enfrentar\u00e1 a<strong>\u00a0Carabobo. <\/strong><b>El t\u00e9cnico Eduardo Dom\u00ednguez llev\u00f3 veintis\u00e9is jugadores y reci\u00e9n sobre la hora del encuentro definir\u00e1 el equipo <\/b>buscando levantar la punter\u00eda en medio del baj\u00f3n que sufre en el torneo Apertura en el que lleva tres fechas sin ganar. <b>Los venezolanos comparten la punta del campeonato local con La Guaira, Deportivo T\u00e1chira y Universidad\u00a0Central.<\/b><\/p>\n<p><!-- Live Blog Post --><\/div>\n<p><a href=\"https:\/\/www.pagina12.com.ar\/814759-copa-libertadores-racing-y-estudiantes-ponen-en-marcha-la-fa\">source<\/a><\/p>\n","protected":false},"excerpt":{"rendered":"<p>Comienza la fase de grupos de la Copa Libertadores y treinta y dos equipos sudamericanos&#8230;<\/p>\n","protected":false},"author":0,"featured_media":198019,"comment_status":"open","ping_status":"open","sticky":false,"template":"","format":"standard","meta":{"footnotes":""},"categories":[3],"tags":[],"class_list":["post-198018","post","type-post","status-publish","format-standard","has-post-thumbnail","hentry","category-deportes"],"featured_image_urls":{"full":["https:\/\/radiofenix.com.ar\/2023\/wp-content\/uploads\/wp-header-logo.png",0,0,false],"thumbnail":["https:\/\/radiofenix.com.ar\/2023\/wp-content\/uploads\/wp-header-logo.png",1,1,false],"medium":["https:\/\/radiofenix.com.ar\/2023\/wp-content\/uploads\/wp-header-logo.png",1,1,false],"medium_large":["https:\/\/radiofenix.com.ar\/2023\/wp-content\/uploads\/wp-header-logo.png",1,1,false],"large":["https:\/\/radiofenix.com.ar\/2023\/wp-content\/uploads\/wp-header-logo.png",1,1,false],"1536x1536":["https:\/\/radiofenix.com.ar\/2023\/wp-content\/uploads\/wp-header-logo.png",1,1,false],"2048x2048":["https:\/\/radiofenix.com.ar\/2023\/wp-content\/uploads\/wp-header-logo.png",1,1,false],"newsium-slider-full":["https:\/\/radiofenix.com.ar\/2023\/wp-content\/uploads\/wp-header-logo.png",1,1,false],"newsium-featured":["https:\/\/radiofenix.com.ar\/2023\/wp-content\/uploads\/wp-header-logo.png",1,1,false],"newsium-medium":["https:\/\/radiofenix.com.ar\/2023\/wp-content\/uploads\/wp-header-logo.png",1,1,false]},"author_info":{"info":[""]},"category_info":"<a href=\"https:\/\/radiofenix.com.ar\/2023\/category\/deportes\/\" rel=\"category tag\">Deportes<\/a>","tag_info":"Deportes","comment_count":"0","_links":{"self":[{"href":"https:\/\/radiofenix.com.ar\/2023\/wp-json\/wp\/v2\/posts\/198018","targetHints":{"allow":["GET"]}}],"collection":[{"href":"https:\/\/radiofenix.com.ar\/2023\/wp-json\/wp\/v2\/posts"}],"about":[{"href":"https:\/\/radiofenix.com.ar\/2023\/wp-json\/wp\/v2\/types\/post"}],"replies":[{"embeddable":true,"href":"https:\/\/radiofenix.com.ar\/2023\/wp-json\/wp\/v2\/comments?post=198018"}],"version-history":[{"count":0,"href":"https:\/\/radiofenix.com.ar\/2023\/wp-json\/wp\/v2\/posts\/198018\/revisions"}],"wp:featuredmedia":[{"embeddable":true,"href":"https:\/\/radiofenix.com.ar\/2023\/wp-json\/wp\/v2\/media\/198019"}],"wp:attachment":[{"href":"https:\/\/radiofenix.com.ar\/2023\/wp-json\/wp\/v2\/media?parent=198018"}],"wp:term":[{"taxonomy":"category","embeddable":true,"href":"https:\/\/radiofenix.com.ar\/2023\/wp-json\/wp\/v2\/categories?post=198018"},{"taxonomy":"post_tag","embeddable":true,"href":"https:\/\/radiofenix.com.ar\/2023\/wp-json\/wp\/v2\/tags?post=198018"}],"curies":[{"name":"wp","href":"https:\/\/api.w.org\/{rel}","templated":true}]}}