{"id":198205,"date":"2025-04-17T08:58:18","date_gmt":"2025-04-17T08:58:18","guid":{"rendered":"https:\/\/radiofenix.com.ar\/2023\/pablo-grillo-fue-operado-con-exito-y-su-evolucion-es-positiva\/"},"modified":"2025-04-17T08:58:18","modified_gmt":"2025-04-17T08:58:18","slug":"pablo-grillo-fue-operado-con-exito-y-su-evolucion-es-positiva","status":"publish","type":"post","link":"https:\/\/radiofenix.com.ar\/2023\/pablo-grillo-fue-operado-con-exito-y-su-evolucion-es-positiva\/","title":{"rendered":"Pablo Grillo fue operado con \u00e9xito y su evoluci\u00f3n es positiva"},"content":{"rendered":"<div><!-- Body --><\/p>\n<p>A m\u00e1s de un mes de la brutal <b>represi\u00f3n del 12 de marzo<\/b> frente al Congreso, la vida de <b>Pablo Grillo,<\/b> el joven fot\u00f3grafo herido por las fuerzas de seguridad durante la marcha de los jubilados, sigue marcada por la recuperaci\u00f3n f\u00edsica y la lucha judicial. Este mi\u00e9rcoles, su familia comunic\u00f3 que<b> fue intervenido quir\u00fargicamente<\/b> y \u00ab<b>la operaci\u00f3n sali\u00f3 bien\u00bb, <\/b>informaron.<\/p>\n<h3\/>\n<p><b>La intervenci\u00f3n fue endosc\u00f3pica<\/b>, a trav\u00e9s de las v\u00edas nasales, y permiti\u00f3 detectar y sellar la p\u00e9rdida que generaba presi\u00f3n intracraneal. Sin embargo,<b> el cuadro de salud todav\u00eda exige cuidados.<\/b><\/p>\n<div class=\"medium-insert-embeds\">\n<figure>\n<div class=\"medium-insert-embed\">\n<div align=\"center\">\n<figure role=\"group\" class=\"caption caption-drupal-entity\"><figcaption>Fabi\u00e1n Grillo agradeci\u00f3 los rezos por su hijo, internado desde el 12 de marzo.<\/figcaption><\/figure>\n<\/div><\/div>\n<\/figure>\n<\/div>\n<p><b>\u00abAhora hay que esperar unos d\u00edas para ver la evoluci\u00f3n\u00bb,<\/b> explicaron. En los pr\u00f3ximos d\u00edas, le realizar\u00e1n punciones lumbares para aliviar la presi\u00f3n.<\/p>\n<h2>Un disparo, una marca<\/h2>\n<p>Grillo, de 35 a\u00f1os, recibi\u00f3 el<b> impacto de un cartucho de gas lacrim\u00f3geno<\/b> en el rostro mientras registraba la represi\u00f3n. La escena fue captada por colegas que tambi\u00e9n estaban cubriendo la manifestaci\u00f3n y que denunciaron el <b>uso desmedido de la fuerza por parte de Gendarmer\u00eda. <\/b>Desde entonces, el fot\u00f3grafo permanece internado, con m\u00faltiples lesiones.<\/p>\n<div class=\"medium-insert-embeds\">\n<figure>\n<div class=\"medium-insert-embed\">\n<div align=\"center\">\n<figure role=\"group\" class=\"caption caption-drupal-entity\"><figcaption>\u00a0El joven fot\u00f3grafo herido por las fuerzas de seguridad durante la marcha de los jubilados.\u00a0<\/figcaption><\/figure>\n<\/div><\/div>\n<\/figure>\n<\/div>\n<p>En los d\u00edas posteriores al ataque, una peque\u00f1a se\u00f1al encendi\u00f3 la esperanza: <b>Pablo reconoci\u00f3 a su padre y le dijo \u00abHola, viejo\u00bb. <\/b>Fue su primera muestra de conciencia tras el trauma. Ese momento, compartido por su entorno, se volvi\u00f3 s\u00edmbolo de resistencia ante la violencia institucional.<\/p>\n<h2>El apoyo no cesa<\/h2>\n<p>La noticia de la operaci\u00f3n se difundi\u00f3 desde las redes sociales de su familia, que no dej\u00f3 de agradecer \u00ab<b>los rezos, las energ\u00edas y toda la buena vibra\u00bb.<\/b>\u00a0<\/p>\n<p>El caso de Grillo gener\u00f3 una ola de solidaridad entre colegas, sindicatos de prensa, organismos de derechos humanos y cientos de personas que acompa\u00f1aron cada parte m\u00e9dico con mensajes y movilizaciones.<\/p>\n<h2>Una causa que interpela al poder<\/h2>\n<p>La investigaci\u00f3n por la <b>represi\u00f3n <\/b>qued\u00f3 en manos del Juzgado Federal N.\u00ba 1, a cargo de <b>Mar\u00eda Servini. <\/b>La familia est\u00e1 representada legalmente por el CELS y la Liga Argentina por los Derechos Humanos. Ambos organismos exigen que se identifique a los responsables del operativo represivo en el que tambi\u00e9n hubo otros heridos.<\/p>\n<p>Seg\u00fan consta en el expediente, el juzgado ya acept\u00f3 el cargo de los abogados Mart\u00edn Luis Sarubbi y Claudio Pedro Nuncija. El domicilio procesal se fij\u00f3 en la Direcci\u00f3n de Asuntos Jur\u00eddicos de Gendarmer\u00eda Nacional, lo que indica que las fuerzas involucradas ya fueron notificadas formalmente.<\/p>\n<h2>M\u00e1s que justicia<\/h2>\n<p>El reclamo por Pablo Grillo trasciende lo individual. No se trata s\u00f3lo de reparar el da\u00f1o que sufri\u00f3 un fot\u00f3grafo en ejercicio de su trabajo, sino de se\u00f1alar la gravedad institucional de una represi\u00f3n ordenada desde el poder. La agresi\u00f3n que lo dej\u00f3 hospitalizado revela hasta d\u00f3nde est\u00e1 dispuesto a llegar un Gobierno que concibe la protesta como un enemigo.<\/p>\n<p><b>\u00abQue no haya otro Pablo\u00bb, <\/b>repiten familiares y colegas. Mientras su salud evoluciona con lentitud, la impunidad de quienes lo atacaron sigue intacta. La justicia, como en otros casos, <b>no parece tener apuro.<\/b><\/p>\n<h3>Segu\u00ed leyendo:<\/h3>\n<h3\/><!-- Live Blog Post --><\/div>\n<p><a href=\"https:\/\/www.pagina12.com.ar\/818740-pablo-grillo-fue-operado-con-exito-y-su-evolucion-es-positiv\">source<\/a><\/p>\n","protected":false},"excerpt":{"rendered":"<p>A m\u00e1s de un mes de la brutal represi\u00f3n del 12 de marzo frente al&#8230;<\/p>\n","protected":false},"author":0,"featured_media":198206,"comment_status":"open","ping_status":"open","sticky":false,"template":"","format":"standard","meta":{"footnotes":""},"categories":[7],"tags":[],"class_list":["post-198205","post","type-post","status-publish","format-standard","has-post-thumbnail","hentry","category-sociedad"],"featured_image_urls":{"full":["https:\/\/radiofenix.com.ar\/2023\/wp-content\/uploads\/2025\/04\/wp-header-logo-53.png",960,540,false],"thumbnail":["https:\/\/radiofenix.com.ar\/2023\/wp-content\/uploads\/2025\/04\/wp-header-logo-53-150x150.png",150,150,true],"medium":["https:\/\/radiofenix.com.ar\/2023\/wp-content\/uploads\/2025\/04\/wp-header-logo-53-300x169.png",300,169,true],"medium_large":["https:\/\/radiofenix.com.ar\/2023\/wp-content\/uploads\/2025\/04\/wp-header-logo-53-768x432.png",640,360,true],"large":["https:\/\/radiofenix.com.ar\/2023\/wp-content\/uploads\/2025\/04\/wp-header-logo-53.png",640,360,false],"1536x1536":["https:\/\/radiofenix.com.ar\/2023\/wp-content\/uploads\/2025\/04\/wp-header-logo-53.png",960,540,false],"2048x2048":["https:\/\/radiofenix.com.ar\/2023\/wp-content\/uploads\/2025\/04\/wp-header-logo-53.png",960,540,false],"newsium-slider-full":["https:\/\/radiofenix.com.ar\/2023\/wp-content\/uploads\/2025\/04\/wp-header-logo-53.png",960,540,false],"newsium-featured":["https:\/\/radiofenix.com.ar\/2023\/wp-content\/uploads\/2025\/04\/wp-header-logo-53.png",960,540,false],"newsium-medium":["https:\/\/radiofenix.com.ar\/2023\/wp-content\/uploads\/2025\/04\/wp-header-logo-53-720x475.png",720,475,true]},"author_info":{"info":[""]},"category_info":"<a href=\"https:\/\/radiofenix.com.ar\/2023\/category\/sociedad\/\" rel=\"category tag\">Sociedad<\/a>","tag_info":"Sociedad","comment_count":"0","_links":{"self":[{"href":"https:\/\/radiofenix.com.ar\/2023\/wp-json\/wp\/v2\/posts\/198205","targetHints":{"allow":["GET"]}}],"collection":[{"href":"https:\/\/radiofenix.com.ar\/2023\/wp-json\/wp\/v2\/posts"}],"about":[{"href":"https:\/\/radiofenix.com.ar\/2023\/wp-json\/wp\/v2\/types\/post"}],"replies":[{"embeddable":true,"href":"https:\/\/radiofenix.com.ar\/2023\/wp-json\/wp\/v2\/comments?post=198205"}],"version-history":[{"count":0,"href":"https:\/\/radiofenix.com.ar\/2023\/wp-json\/wp\/v2\/posts\/198205\/revisions"}],"wp:featuredmedia":[{"embeddable":true,"href":"https:\/\/radiofenix.com.ar\/2023\/wp-json\/wp\/v2\/media\/198206"}],"wp:attachment":[{"href":"https:\/\/radiofenix.com.ar\/2023\/wp-json\/wp\/v2\/media?parent=198205"}],"wp:term":[{"taxonomy":"category","embeddable":true,"href":"https:\/\/radiofenix.com.ar\/2023\/wp-json\/wp\/v2\/categories?post=198205"},{"taxonomy":"post_tag","embeddable":true,"href":"https:\/\/radiofenix.com.ar\/2023\/wp-json\/wp\/v2\/tags?post=198205"}],"curies":[{"name":"wp","href":"https:\/\/api.w.org\/{rel}","templated":true}]}}