{"id":198207,"date":"2025-04-17T08:58:20","date_gmt":"2025-04-17T08:58:20","guid":{"rendered":"https:\/\/radiofenix.com.ar\/2023\/champions-league-asi-quedo-el-cuadro-de-las-semifinales\/"},"modified":"2025-04-17T08:58:20","modified_gmt":"2025-04-17T08:58:20","slug":"champions-league-asi-quedo-el-cuadro-de-las-semifinales","status":"publish","type":"post","link":"https:\/\/radiofenix.com.ar\/2023\/champions-league-asi-quedo-el-cuadro-de-las-semifinales\/","title":{"rendered":"Champions League: as\u00ed qued\u00f3 el cuadro de las semifinales"},"content":{"rendered":"<div><!-- Body --><\/p>\n<p>Con el batacazo del Arsenal eliminando al Real Madrid, en un partido que tuvo de todo, y el sufrido empate, pero triunfo global al fin, del Inter sobre el\u00a0Bayern M\u00fanich, este mi\u00e9rcoles <b>quedaron definidas las semifinales de la Champions League<\/b>.\u00a0<b>C\u00f3mo y cu\u00e1ndo se jugar\u00e1n<\/b>.<\/p>\n<p>Los ingleses supieron aprovechar su ventaja de tres goles conseguida en Londres y derrotaron por 2-1 al \u00faltimo campe\u00f3n de la Orejona en el Santiago Bernab\u00e9u, con goles de  Bukayo Saka y otro en los descuentos de Gabriel Martinelli que sentenci\u00f3 la serie.<\/p>\n<p><b>El Arsenal vuelve as\u00ed a semifinales de Champions tras 16 a\u00f1os de sequ\u00eda<\/b>, y ahora <b>se enfrentar\u00e1n al PSG<\/b>, que este martes hab\u00eda dejado en el camino al West Ham.<\/p>\n<div class=\"iframely-embed medium-embedded-content\" data-html=\"Jmx0O2Jsb2NrcXVvdGUgY2xhc3M9InR3aXR0ZXItdHdlZXQiIGRhdGEtZG50PSJ0cnVlIiBhbGlnbj0iY2VudGVyIiZndDsmbHQ7cCBsYW5nPSJlbiIgZGlyPSJsdHIiJmd0O1doaWNoIHRpZSBhcmUgeW91IGxvb2tpbmcgZm9yd2FyZCB0byBtb3N0PyDwn6SUJmx0O2EgaHJlZj0iaHR0cHM6Ly90d2l0dGVyLmNvbS9oYXNodGFnL1VDTD9zcmM9aGFzaCZhbXA7YW1wO3JlZl9zcmM9dHdzcmMlNUV0ZnciJmd0OyNVQ0wmbHQ7L2EmZ3Q7ICZsdDthIGhyZWY9Imh0dHBzOi8vdC5jby9ZMFRtdmE5cnpPIiZndDtwaWMudHdpdHRlci5jb20vWTBUbXZhOXJ6TyZsdDsvYSZndDsmbHQ7L3AmZ3Q7JmFtcDttZGFzaDsgVUVGQSBDaGFtcGlvbnMgTGVhZ3VlIChAQ2hhbXBpb25zTGVhZ3VlKSAmbHQ7YSBocmVmPSJodHRwczovL3R3aXR0ZXIuY29tL0NoYW1waW9uc0xlYWd1ZS9zdGF0dXMvMTkxMjYyNTYxMzMwNDkxODA1Nz9yZWZfc3JjPXR3c3JjJTVFdGZ3IiZndDtBcHJpbCAxNiwgMjAyNSZsdDsvYSZndDsmbHQ7L2Jsb2NrcXVvdGUmZ3Q7CiZsdDtzY3JpcHQgYXN5bmMgc3JjPSJodHRwczovL3BsYXRmb3JtLnR3aXR0ZXIuY29tL3dpZGdldHMuanMiIGNoYXJzZXQ9InV0Zi04IiZndDsmbHQ7L3NjcmlwdCZndDsKCiZsdDtkaXYgY2xhc3M9Im1lZGl1bS1pbnNlcnQtZW1iZWRzLW1ldGEiJmd0OyZsdDtzY3JpcHQgdHlwZT0idGV4dC9qc29uIiZndDt7InVybCI6Imh0dHBzOi8vdHdpdHRlci5jb20vQ2hhbXBpb25zTGVhZ3VlL3N0YXR1cy8xOTEyNjI1NjEzMzA0OTE4MDU3IiwidHlwZSI6InJpY2giLCJ2ZXJzaW9uIjoiMS4wIiwidGl0bGUiOiJVRUZBIENoYW1waW9ucyBMZWFndWUgb24gVHdpdHRlciAvIFgiLCJhdXRob3IiOiJVRUZBIENoYW1waW9ucyBMZWFndWUiLCJhdXRob3JfdXJsIjoiaHR0cHM6Ly90d2l0dGVyLmNvbS9DaGFtcGlvbnNMZWFndWUiLCJwcm92aWRlcl9uYW1lIjoiVHdpdHRlciIsImRlc2NyaXB0aW9uIjoiV2hpY2ggdGllIGFyZSB5b3UgbG9va2luZyBmb3J3YXJkIHRvIG1vc3Q\/IPCfpJQjVUNMIHBpYy50d2l0dGVyLmNvbS9ZMFRtdmE5cnpP4oCUIFVFRkEgQ2hhbXBpb25zIExlYWd1ZSAoQENoYW1waW9uc0xlYWd1ZSkgQXByaWwgMTYsIDIwMjVcblxuXG4iLCJ0aHVtYm5haWxfdXJsIjoiaHR0cHM6Ly9wYnMudHdpbWcuY29tL21lZGlhL0dvc0NLMFdXTUFBSGFlcS5qcGc6bGFyZ2UiLCJ0aHVtYm5haWxfd2lkdGgiOjEwODAsInRodW1ibmFpbF9oZWlnaHQiOjEzNTAsImNhY2hlX2FnZSI6ODY0MDAsIm9wdGlvbnMiOnsiX2hpZGVfbWVkaWEiOnsibGFiZWwiOiJIaWRlIHBob3RvcywgdmlkZW9zLCBhbmQgY2FyZHMiLCJ2YWx1ZSI6ZmFsc2V9LCJfdGhlbWUiOnsidmFsdWUiOiIiLCJ2YWx1ZXMiOnsiZGFyayI6IlVzZSBkYXJrIHRoZW1lIn19LCJfbWF4d2lkdGgiOnsidmFsdWUiOiIiLCJsYWJlbCI6IkFkanVzdCB3aWR0aCIsInBsYWNlaG9sZGVyIjoiMjIwLTU1MCwgaW4gcHgifX19Jmx0Oy9zY3JpcHQmZ3Q7Jmx0Oy9kaXYmZ3Q7\">\n                <a data-iframely-url=\"\" href=\"https:\/\/twitter.com\/ChampionsLeague\/status\/1912625613304918057\">https:\/\/twitter.com\/ChampionsLeague\/status\/1912625613304918057<\/a>\n              <\/div>\n<p>En la otra llave,<b> Inter de Mil\u00e1n sufri\u00f3 m\u00e1s de la cuenta para superar al Bayern M\u00fanich<\/b>; aunque hab\u00edan ganado en la visita a Alemania, en San Siro solo empataron 2 a 2 y terminaron pidiendo la hora.<\/p>\n<p>El equipo de Simone Inzaghi <b>se medir\u00e1 en semifinales al Barcelona<\/b>, que elimin\u00f3 al Borussia Dortmund.<\/p>\n<p>Desde la edici\u00f3n 2017\/18, la Champions no contaba con semifinalistas de cuatro federaciones distintas.   En esta ocasi\u00f3n, Espa\u00f1a (Barcelona), Italia (Inter), Inglaterra (Arsenal) y Francia (PSG) tendr\u00e1n representaci\u00f3n.<\/p>\n<p>Este cambio rompe con la tendencia reciente de dominio por parte de una o dos naciones en estas etapas avanzadas.<\/p>\n<h2>C\u00f3mo ser\u00e1 el cronograma y los cruces<\/h2>\n<p>Tras un breve descanso, las semis de la Champions League se disputar\u00e1n en dos semanas, en busca de definir qui\u00e9n ser\u00e1 el nuevo due\u00f1o de la Orejona.<\/p>\n<p>Los partidos de ida se jugar\u00e1n el 29 de abril, mientras que las revanchas ser\u00e1n el 6 de mayo. En tanto, <b>la final de la Champions est\u00e1 fijada para el 31 de mayo en el Allianz Arena de M\u00fanich, Alemania.\u00a0<\/b><\/p>\n<p><b>Partidos de ida<\/b><\/p>\n<ul>\n<li>Arsenal vs PSG, 29 de abril, a las 16 (hora argentina).<\/li>\n<li>Barcelona vs Inter, 29 de abril, a las 16 (hora argentina).<\/li>\n<\/ul>\n<p><b>Partidos de vuelta<\/b><\/p>\n<ul>\n<li>PSG vs Arsenal, 6 de mayo, a las 16 (hora argentina).<\/li>\n<li>Inter vs Barcelona, 6 de mayo, a las 16 (hora argentina).<\/li>\n<\/ul>\n<p><!-- Live Blog Post --><\/div>\n<p><script async src=\"\/\/platform.twitter.com\/widgets.js\" charset=\"utf-8\"><\/script><br \/><a href=\"https:\/\/www.pagina12.com.ar\/818782-champions-league-asi-quedo-el-cuadro-de-las-semifinales\">source<\/a><\/p>\n","protected":false},"excerpt":{"rendered":"<p>Con el batacazo del Arsenal eliminando al Real Madrid, en un partido que tuvo de&#8230;<\/p>\n","protected":false},"author":0,"featured_media":198208,"comment_status":"open","ping_status":"open","sticky":false,"template":"","format":"standard","meta":{"footnotes":""},"categories":[3],"tags":[],"class_list":["post-198207","post","type-post","status-publish","format-standard","has-post-thumbnail","hentry","category-deportes"],"featured_image_urls":{"full":["https:\/\/radiofenix.com.ar\/2023\/wp-content\/uploads\/2025\/04\/wp-header-logo-54.png",960,540,false],"thumbnail":["https:\/\/radiofenix.com.ar\/2023\/wp-content\/uploads\/2025\/04\/wp-header-logo-54-150x150.png",150,150,true],"medium":["https:\/\/radiofenix.com.ar\/2023\/wp-content\/uploads\/2025\/04\/wp-header-logo-54-300x169.png",300,169,true],"medium_large":["https:\/\/radiofenix.com.ar\/2023\/wp-content\/uploads\/2025\/04\/wp-header-logo-54-768x432.png",640,360,true],"large":["https:\/\/radiofenix.com.ar\/2023\/wp-content\/uploads\/2025\/04\/wp-header-logo-54.png",640,360,false],"1536x1536":["https:\/\/radiofenix.com.ar\/2023\/wp-content\/uploads\/2025\/04\/wp-header-logo-54.png",960,540,false],"2048x2048":["https:\/\/radiofenix.com.ar\/2023\/wp-content\/uploads\/2025\/04\/wp-header-logo-54.png",960,540,false],"newsium-slider-full":["https:\/\/radiofenix.com.ar\/2023\/wp-content\/uploads\/2025\/04\/wp-header-logo-54.png",960,540,false],"newsium-featured":["https:\/\/radiofenix.com.ar\/2023\/wp-content\/uploads\/2025\/04\/wp-header-logo-54.png",960,540,false],"newsium-medium":["https:\/\/radiofenix.com.ar\/2023\/wp-content\/uploads\/2025\/04\/wp-header-logo-54-720x475.png",720,475,true]},"author_info":{"info":[""]},"category_info":"<a href=\"https:\/\/radiofenix.com.ar\/2023\/category\/deportes\/\" rel=\"category tag\">Deportes<\/a>","tag_info":"Deportes","comment_count":"0","_links":{"self":[{"href":"https:\/\/radiofenix.com.ar\/2023\/wp-json\/wp\/v2\/posts\/198207","targetHints":{"allow":["GET"]}}],"collection":[{"href":"https:\/\/radiofenix.com.ar\/2023\/wp-json\/wp\/v2\/posts"}],"about":[{"href":"https:\/\/radiofenix.com.ar\/2023\/wp-json\/wp\/v2\/types\/post"}],"replies":[{"embeddable":true,"href":"https:\/\/radiofenix.com.ar\/2023\/wp-json\/wp\/v2\/comments?post=198207"}],"version-history":[{"count":0,"href":"https:\/\/radiofenix.com.ar\/2023\/wp-json\/wp\/v2\/posts\/198207\/revisions"}],"wp:featuredmedia":[{"embeddable":true,"href":"https:\/\/radiofenix.com.ar\/2023\/wp-json\/wp\/v2\/media\/198208"}],"wp:attachment":[{"href":"https:\/\/radiofenix.com.ar\/2023\/wp-json\/wp\/v2\/media?parent=198207"}],"wp:term":[{"taxonomy":"category","embeddable":true,"href":"https:\/\/radiofenix.com.ar\/2023\/wp-json\/wp\/v2\/categories?post=198207"},{"taxonomy":"post_tag","embeddable":true,"href":"https:\/\/radiofenix.com.ar\/2023\/wp-json\/wp\/v2\/tags?post=198207"}],"curies":[{"name":"wp","href":"https:\/\/api.w.org\/{rel}","templated":true}]}}