{"id":198211,"date":"2025-04-17T08:58:23","date_gmt":"2025-04-17T08:58:23","guid":{"rendered":"https:\/\/radiofenix.com.ar\/2023\/tenso-cruce-entre-cristina-perez-y-manuel-adorni-por-las-formas-de-javier-milei-si-te-digo-mediocre\/"},"modified":"2025-04-17T08:58:23","modified_gmt":"2025-04-17T08:58:23","slug":"tenso-cruce-entre-cristina-perez-y-manuel-adorni-por-las-formas-de-javier-milei-si-te-digo-mediocre","status":"publish","type":"post","link":"https:\/\/radiofenix.com.ar\/2023\/tenso-cruce-entre-cristina-perez-y-manuel-adorni-por-las-formas-de-javier-milei-si-te-digo-mediocre\/","title":{"rendered":"Tenso cruce entre Cristina P\u00e9rez y Manuel Adorni por &quot;las formas&quot; de Javier Milei: &quot;Si te digo mediocre&#8230;&quot;"},"content":{"rendered":"<div id=\"\">\n<p><strong>\u00abSi te digo sos una mediocre, \u00bfsoy violento? No, sos una mediocre. Es una descripci\u00f3n\u00bb<\/strong>, argument\u00f3 Adorni con algo de iron\u00eda, cuando P\u00e9rez se quejaba por los \u00faltimos agravios de Milei hacia sus colegas periodistas,<\/p>\n<p>Fue as\u00ed que la conductora de <em>LN+<\/em> le explic\u00f3 al vocero que <strong>Milei \u00abes el presidente, y ejerce poder con sus palabras\u00bb<\/strong>, pero le sugiri\u00f3: \u00abNo se parezcan a Cristina, no se parezcan al kirchnerismo\u00bb.<\/p>\n<p><span class=\"saysCMSEmphasis\" id=\"saysCMSEmphasish1g31afke7v\">\u00abDecime alguien que yo como secretario de Comunicaci\u00f3n haya levantado el tel\u00e9fono para quejarme. Jam\u00e1s levantamos el tel\u00e9fono, cuando tenemos una queja lo hacemos p\u00fablicamente. Si no te gustan las formas, es una discusi\u00f3n de tercer orden\u00bb<\/span>, se justific\u00f3 el funcionario.<\/p>\n<p>Siempre en el marco de un momento de tensi\u00f3n, P\u00e9rez insisti\u00f3 en que \u00ablas palabras hacen el contenido y las formas hacen el contenido\u00bb, pero Adorni sentenci\u00f3: \u00abPor comernos eso, estamos como estamos\u00bb.<\/p>\n<p>Un rato antes, la periodista hizo un editorial en el que sostuvo que a pesar de sus \u00abrelaciones personales\u00bb iba a hacer cuestionamientos hacia el Gobierno, por lo que le pidi\u00f3 a Milei que \u00abenarbole la libertad\u00bb para \u00abrespetar\u00bb a la prensa.<\/p>\n<div contenteditable=\"false\" class=\"embed_cont type_freetext\" rel=\"freetext\" id=\"embed48_wrap\">\n<p> Embed <span onclick=\"parent.parent.TinyMCETdcuerpo.preview_embed('embed48')\" class=\"embed_colapse less\" id=\"embed48_colapse\"\/> <span onclick=\"parent.parent.TinyMCETdcuerpo.delete_embed('embed48')\" class=\"embed_delete less\" id=\"embed48_delete\"\/><\/p>\n<div id=\"embed48_content\" class=\"embed_content\">\n<div id=\"embed48_embed\">\n<figure class=\"figure\"><a href=\"https:\/\/t.me\/minutounocom\" target=\"_blank\"><img decoding=\"async\" src=\"https:\/\/media.minutouno.com\/adjuntos\/150\/banners\/039\/099\/0039099175.jpg\" class=\"figure-img img-fluid\" style=\"width:100%;height:auto;\"\/><\/a><\/figure>\n<\/p><\/div>\n<\/div><\/div>\n<\/p><\/div>\n<p><a href=\"https:\/\/www.minutouno.com\/politica\/tenso-cruce-cristina-perez-y-manuel-adorni-las-formas-javier-milei-si-te-digo-mediocre-n6135152\">source<\/a><\/p>\n","protected":false},"excerpt":{"rendered":"<p>\u00abSi te digo sos una mediocre, \u00bfsoy violento? No, sos una mediocre. Es una descripci\u00f3n\u00bb,&#8230;<\/p>\n","protected":false},"author":0,"featured_media":198212,"comment_status":"open","ping_status":"open","sticky":false,"template":"","format":"standard","meta":{"footnotes":""},"categories":[2],"tags":[],"class_list":["post-198211","post","type-post","status-publish","format-standard","has-post-thumbnail","hentry","category-politica"],"featured_image_urls":{"full":["https:\/\/radiofenix.com.ar\/2023\/wp-content\/uploads\/2025\/04\/wp-header-logo-56.png",730,100,false],"thumbnail":["https:\/\/radiofenix.com.ar\/2023\/wp-content\/uploads\/2025\/04\/wp-header-logo-56-150x100.png",150,100,true],"medium":["https:\/\/radiofenix.com.ar\/2023\/wp-content\/uploads\/2025\/04\/wp-header-logo-56-300x41.png",300,41,true],"medium_large":["https:\/\/radiofenix.com.ar\/2023\/wp-content\/uploads\/2025\/04\/wp-header-logo-56.png",640,88,false],"large":["https:\/\/radiofenix.com.ar\/2023\/wp-content\/uploads\/2025\/04\/wp-header-logo-56.png",640,88,false],"1536x1536":["https:\/\/radiofenix.com.ar\/2023\/wp-content\/uploads\/2025\/04\/wp-header-logo-56.png",730,100,false],"2048x2048":["https:\/\/radiofenix.com.ar\/2023\/wp-content\/uploads\/2025\/04\/wp-header-logo-56.png",730,100,false],"newsium-slider-full":["https:\/\/radiofenix.com.ar\/2023\/wp-content\/uploads\/2025\/04\/wp-header-logo-56.png",730,100,false],"newsium-featured":["https:\/\/radiofenix.com.ar\/2023\/wp-content\/uploads\/2025\/04\/wp-header-logo-56.png",730,100,false],"newsium-medium":["https:\/\/radiofenix.com.ar\/2023\/wp-content\/uploads\/2025\/04\/wp-header-logo-56-720x100.png",720,100,true]},"author_info":{"info":[""]},"category_info":"<a href=\"https:\/\/radiofenix.com.ar\/2023\/category\/politica\/\" rel=\"category tag\">Pol\u00edtica<\/a>","tag_info":"Pol\u00edtica","comment_count":"0","_links":{"self":[{"href":"https:\/\/radiofenix.com.ar\/2023\/wp-json\/wp\/v2\/posts\/198211","targetHints":{"allow":["GET"]}}],"collection":[{"href":"https:\/\/radiofenix.com.ar\/2023\/wp-json\/wp\/v2\/posts"}],"about":[{"href":"https:\/\/radiofenix.com.ar\/2023\/wp-json\/wp\/v2\/types\/post"}],"replies":[{"embeddable":true,"href":"https:\/\/radiofenix.com.ar\/2023\/wp-json\/wp\/v2\/comments?post=198211"}],"version-history":[{"count":0,"href":"https:\/\/radiofenix.com.ar\/2023\/wp-json\/wp\/v2\/posts\/198211\/revisions"}],"wp:featuredmedia":[{"embeddable":true,"href":"https:\/\/radiofenix.com.ar\/2023\/wp-json\/wp\/v2\/media\/198212"}],"wp:attachment":[{"href":"https:\/\/radiofenix.com.ar\/2023\/wp-json\/wp\/v2\/media?parent=198211"}],"wp:term":[{"taxonomy":"category","embeddable":true,"href":"https:\/\/radiofenix.com.ar\/2023\/wp-json\/wp\/v2\/categories?post=198211"},{"taxonomy":"post_tag","embeddable":true,"href":"https:\/\/radiofenix.com.ar\/2023\/wp-json\/wp\/v2\/tags?post=198211"}],"curies":[{"name":"wp","href":"https:\/\/api.w.org\/{rel}","templated":true}]}}