{"id":198221,"date":"2025-04-18T08:58:10","date_gmt":"2025-04-18T08:58:10","guid":{"rendered":"https:\/\/radiofenix.com.ar\/2023\/muerte-de-neruda-pericias-refuerzan-la-hipotesis-de-envenenamiento\/"},"modified":"2025-04-18T08:58:10","modified_gmt":"2025-04-18T08:58:10","slug":"muerte-de-neruda-pericias-refuerzan-la-hipotesis-de-envenenamiento","status":"publish","type":"post","link":"https:\/\/radiofenix.com.ar\/2023\/muerte-de-neruda-pericias-refuerzan-la-hipotesis-de-envenenamiento\/","title":{"rendered":"Muerte de Neruda: pericias refuerzan la hip\u00f3tesis de envenenamiento"},"content":{"rendered":"<div><!-- Body --><\/p>\n<p>El ministro de Justicia chileno, <b>Jaime Gajardo<\/b>, afirm\u00f3 este jueves que, si bien \u00abtodav\u00eda no se pueden esclarecer\u00bb las circunstancias exactas de su fallecimiento, existe la posibilidad de que el Premio Nobel de Literatura, <b><a href=\"https:\/\/www.pagina12.com.ar\/591743-la-justicia-chilena-cerro-el-sumario-por-la-muerte-de-pablo-\">Pablo Neruda<\/a><\/b>, haya sido <b><a href=\"https:\/\/www.pagina12.com.ar\/523740-la-familia-de-pablo-neruda-asegura-que-el-poeta-chileno-muri\">envenenado<\/a><\/b>. As\u00ed lo indic\u00f3 tras conocerse los resultados de una <b>nueva autopsia en el marco<\/b> de la <a href=\"https:\/\/www.pagina12.com.ar\/714196-la-justicia-de-chile-reabre-la-investigacion-por-la-muerte-d\">investigaci\u00f3n de su muerte<\/a>, la cual revel\u00f3 \u201cuna concentraci\u00f3n inusual de <a href=\"https:\/\/www.pagina12.com.ar\/524305-pinochet-fue-el-responsable-de-la-muerte-de-neruda-sostuvo-e\">agentes t\u00f3xicos<\/a>\u201d en el cuerpo del poeta.<\/p>\n<p>\u201cEsto podr\u00eda respaldar la hip\u00f3tesis de que <b>no muri\u00f3 por causas naturales<\/b>\u201d,  se\u00f1al\u00f3 Gajardo durante una conferencia de prensa posterior a su encuentro con los familiares de Neruda.\u00a0La investigaci\u00f3n judicial busca <b>esclarecer las circunstancias de su fallecimiento<\/b>, ocurrido el 23 de septiembre de 1973, d\u00edas despu\u00e9s del golpe de Estado liderado por <b>Augusto Pinochet<\/b> que derroc\u00f3 al presidente <b>Salvador Allende<\/b>. Adem\u00e1s de poeta, <b>Neruda fue un destacado militante del Partido Comunista<\/b> chileno. \u201cEs fundamental que logremos saber realmente qu\u00e9 fue lo que pas\u00f3\u201d, insisti\u00f3 el ministro.<\/p>\n<p>La Justicia chilena <b>reabri\u00f3 <\/b>la investigaci\u00f3n en febrero del a\u00f1o pasado para determinar si el escritor muri\u00f3 por el <b>avanzado c\u00e1ncer de pr\u00f3stata<\/b> que padec\u00eda o si fue <b>asesinado por la dictadura<\/b>. La Primera Sala de la Corte de Apelaciones de Santiago, integrada por los jueces <b>Maritza Villadangos<\/b>, <b>Elsa Barrientos<\/b> y <b>Jorge G\u00f3mez<\/b>, orden\u00f3 la reapertura del caso y la realizaci\u00f3n de siete diligencias que \u201cpodr\u00edan contribuir al <b>esclarecimiento de los hechos<\/b>\u201d, seg\u00fan el fallo.\u00a0<\/p>\n<p>Entre ellas, un <b>peritaje caligr\u00e1fico<\/b> del certificado de defunci\u00f3n, la revisi\u00f3n de las conclusiones del <b>panel internacional de expertos<\/b> de las universidades de McMaster y Copenhague, y el interrogatorio al m\u00e9dico y exoficial del Ej\u00e9rcito, <b>Eduardo Arriagada Rehren<\/b>, condenado en 2021 por el asesinato del locutor y militante comunista <b>Archivaldo Morales<\/b>.<\/p>\n<h2>Quitar la l\u00e1pida<\/h2>\n<p>La jueza <b>Paola Plaza<\/b> hab\u00eda <b>cerrado la causa<\/b> en septiembre de 2023 y <b>rechazado su reapertura<\/b> en diciembre del mismo a\u00f1o. Sin embargo, tanto la familia del poeta como el Partido Comunista apelaron la decisi\u00f3n, logrando que el caso se reabriera. \u201cLa <b>unanimidad <\/b>del fallo es un respaldo a nuestra apelaci\u00f3n. Hemos logrado quitarle la l\u00e1pida que quer\u00edan ponerle a esta investigaci\u00f3n. Llevamos <b>14 a\u00f1os <\/b>luchando por esclarecer la muerte de Neruda\u201d, se\u00f1al\u00f3 la abogada de la familia, <b>Elizabeth Flores<\/b>.<\/p>\n<p>\u00ab<b>La verdad tarda, pero llega<\/b>. Este es un gran paso en la justicia que venimos reclamando hace a\u00f1os para mi t\u00edo Pablo\u00bb, expres\u00f3 uno de los sobrinos del poeta, <b>Rodolfo Reyes<\/b>. Por su parte, la sobrina nieta del poeta, <b>Paola Reyes Salas<\/b>, celebr\u00f3 el avance judicial, destacando que la querella ahora se encuentra \u201c<b>en una posici\u00f3n muy distinta<\/b> para esclarecer la verdad sobre las circunstancias de su muerte\u201d, tras a\u00f1os de trabajo. \u201cEsta parte puede afirmar que <b>se trat\u00f3 de un asesinato<\/b>\u201d, asegur\u00f3.<\/p>\n<p>La <b>teor\u00eda del envenenamiento<\/b> fue impulsada por primera vez por <b>Manuel Araya<\/b>, ch\u00f3fer y secretario personal de Neruda, fallecido en junio de 2023 y una de las <b>\u00faltimas personas que lo vio con vida<\/b>. Su testimonio fue clave para la denuncia presentada por el Partido Comunista en <b>2011<\/b>, con el apoyo de la familia.<\/p>\n<p>Casi 15 a\u00f1os despu\u00e9s, la causa ha contado con la intervenci\u00f3n de tres paneles internacionales de expertos, y dio un <b>giro <\/b>en 2017, cuando el segundo grupo de especialistas <b>descart\u00f3 el c\u00e1ncer como causa de muerte<\/b> y hall\u00f3 en una muela del poeta la bacteria <i><b>Clostridium botulinum<\/b><\/i>, causante del botulismo, una infecci\u00f3n grave que afecta el sistema nervioso y puede provocar la muerte.<\/p>\n<p>En 2023, un <b>tercer panel<\/b> \u2014compuesto por cient\u00edficos de las universidades de McMaster (Canad\u00e1) y Copenhague (Dinamarca)\u2014 concluy\u00f3 que dicha bacteria estaba <b>presente en el cuerpo de Neruda al momento de su fallecimiento<\/b>. En concreto, detectaron en la pulpa de un molar la cepa <b>ALASKA E43<\/b> de <i>Clostridium botulinum<\/i>, identificada como <b>causante de su deceso<\/b>. Para la familia, esta es una <b>prueba irrefutable<\/b> de que fue envenenado en la cl\u00ednica.<\/p>\n<h2>\u00abEl responsable fue Pinochet\u00bb<\/h2>\n<p>Neruda, autor de \u00abVeinte poemas de amor y una canci\u00f3n desesperada\u00bb y figura destacada de la diplomacia chilena, muri\u00f3 <b>un d\u00eda antes de partir al exilio en M\u00e9xico<\/b>, en la <b>Cl\u00ednica Santa Mar\u00eda<\/b> de Santiago. Seg\u00fan el certificado de defunci\u00f3n, fechado el 24 de septiembre de 1973, falleci\u00f3 por un <b>c\u00e1ncer metast\u00e1sico de pr\u00f3stata<\/b>. Sin embargo, el documento fue firmado por el m\u00e9dico <b>Roberto Vargas Salazar<\/b>, quien <b>no se encontraba presente en la cl\u00ednica<\/b> al momento del fallecimiento ni en las horas posteriores.<\/p>\n<p>Los an\u00e1lisis de laboratorio revelaron que el poeta padec\u00eda una <b>severa infecci\u00f3n urinaria<\/b>, aparentemente <b>mal tratada<\/b>, pero que <b>no justificar\u00eda una muerte<\/b> tan s\u00fabita. Adem\u00e1s, Neruda no fue internado en cuidados intensivos y s\u00f3lo recib\u00eda medicamentos administrados por su esposa. \u00ab<b>El responsable de la muerte de Neruda fue Pinochet<\/b>\u00ab, asever\u00f3 Rodolfo Reyes a <i>P\u00e1gina\/12<\/i>, antes de agregar que \u00ablo mataron porque era una amenaza para el r\u00e9gimen\u00bb.<\/p>\n<p>Reyes tambi\u00e9n cuestion\u00f3 la validez del certificado de defunci\u00f3n. \u201cEs <b>falso <\/b>y <b>fraudulento<\/b>, firmado por tres personas distintas. En la Cl\u00ednica Santa Mar\u00eda apareci\u00f3 un supuesto doctor Price, que <b>no existe<\/b>, no tiene registro m\u00e9dico alguno y nadie lo conoc\u00eda all\u00ed. Con todas estas pruebas, y ahora las cient\u00edficas, <b>no tengo dudas de que hubo intervenci\u00f3n de terceros<\/b>\u201d, concluy\u00f3 el sobrino del poeta.<\/p>\n<p><!-- Live Blog Post --><\/div>\n<p><a href=\"https:\/\/www.pagina12.com.ar\/819058-muerte-de-neruda-pericias-refuerzan-la-hipotesis-de-envenena\">source<\/a><\/p>\n","protected":false},"excerpt":{"rendered":"<p>El ministro de Justicia chileno, Jaime Gajardo, afirm\u00f3 este jueves que, si bien \u00abtodav\u00eda no&#8230;<\/p>\n","protected":false},"author":0,"featured_media":198222,"comment_status":"open","ping_status":"open","sticky":false,"template":"","format":"standard","meta":{"footnotes":""},"categories":[60],"tags":[],"class_list":["post-198221","post","type-post","status-publish","format-standard","has-post-thumbnail","hentry","category-internacional"],"featured_image_urls":{"full":["https:\/\/radiofenix.com.ar\/2023\/wp-content\/uploads\/2025\/04\/wp-header-logo-61.png",960,540,false],"thumbnail":["https:\/\/radiofenix.com.ar\/2023\/wp-content\/uploads\/2025\/04\/wp-header-logo-61-150x150.png",150,150,true],"medium":["https:\/\/radiofenix.com.ar\/2023\/wp-content\/uploads\/2025\/04\/wp-header-logo-61-300x169.png",300,169,true],"medium_large":["https:\/\/radiofenix.com.ar\/2023\/wp-content\/uploads\/2025\/04\/wp-header-logo-61-768x432.png",640,360,true],"large":["https:\/\/radiofenix.com.ar\/2023\/wp-content\/uploads\/2025\/04\/wp-header-logo-61.png",640,360,false],"1536x1536":["https:\/\/radiofenix.com.ar\/2023\/wp-content\/uploads\/2025\/04\/wp-header-logo-61.png",960,540,false],"2048x2048":["https:\/\/radiofenix.com.ar\/2023\/wp-content\/uploads\/2025\/04\/wp-header-logo-61.png",960,540,false],"newsium-slider-full":["https:\/\/radiofenix.com.ar\/2023\/wp-content\/uploads\/2025\/04\/wp-header-logo-61.png",960,540,false],"newsium-featured":["https:\/\/radiofenix.com.ar\/2023\/wp-content\/uploads\/2025\/04\/wp-header-logo-61.png",960,540,false],"newsium-medium":["https:\/\/radiofenix.com.ar\/2023\/wp-content\/uploads\/2025\/04\/wp-header-logo-61-720x475.png",720,475,true]},"author_info":{"info":[""]},"category_info":"<a href=\"https:\/\/radiofenix.com.ar\/2023\/category\/internacional\/\" rel=\"category tag\">Internacional<\/a>","tag_info":"Internacional","comment_count":"0","_links":{"self":[{"href":"https:\/\/radiofenix.com.ar\/2023\/wp-json\/wp\/v2\/posts\/198221","targetHints":{"allow":["GET"]}}],"collection":[{"href":"https:\/\/radiofenix.com.ar\/2023\/wp-json\/wp\/v2\/posts"}],"about":[{"href":"https:\/\/radiofenix.com.ar\/2023\/wp-json\/wp\/v2\/types\/post"}],"replies":[{"embeddable":true,"href":"https:\/\/radiofenix.com.ar\/2023\/wp-json\/wp\/v2\/comments?post=198221"}],"version-history":[{"count":0,"href":"https:\/\/radiofenix.com.ar\/2023\/wp-json\/wp\/v2\/posts\/198221\/revisions"}],"wp:featuredmedia":[{"embeddable":true,"href":"https:\/\/radiofenix.com.ar\/2023\/wp-json\/wp\/v2\/media\/198222"}],"wp:attachment":[{"href":"https:\/\/radiofenix.com.ar\/2023\/wp-json\/wp\/v2\/media?parent=198221"}],"wp:term":[{"taxonomy":"category","embeddable":true,"href":"https:\/\/radiofenix.com.ar\/2023\/wp-json\/wp\/v2\/categories?post=198221"},{"taxonomy":"post_tag","embeddable":true,"href":"https:\/\/radiofenix.com.ar\/2023\/wp-json\/wp\/v2\/tags?post=198221"}],"curies":[{"name":"wp","href":"https:\/\/api.w.org\/{rel}","templated":true}]}}