{"id":198223,"date":"2025-04-18T08:58:13","date_gmt":"2025-04-18T08:58:13","guid":{"rendered":"https:\/\/radiofenix.com.ar\/2023\/alberto-fernandez-tras-su-procesamiento-denuncie-a-fabiola-por-falso-testimonio\/"},"modified":"2025-04-18T08:58:13","modified_gmt":"2025-04-18T08:58:13","slug":"alberto-fernandez-tras-su-procesamiento-denuncie-a-fabiola-por-falso-testimonio","status":"publish","type":"post","link":"https:\/\/radiofenix.com.ar\/2023\/alberto-fernandez-tras-su-procesamiento-denuncie-a-fabiola-por-falso-testimonio\/","title":{"rendered":"Alberto Fern\u00e1ndez, tras su procesamiento: &quot;Denunci\u00e9 a Fabiola por falso testimonio&quot;"},"content":{"rendered":"<p>La justicia dej\u00f3 as\u00ed a Alberto Fern\u00e1ndez a un paso de tener que enfrentar un juicio oral por violencia de g\u00e9nero y le trab\u00f3 un embargo por 10 mil millones de pesos.<br \/><a href=\"https:\/\/www.minutouno.com\/politica\/alberto-fernandez-su-procesamiento-denuncie-fabiola-falso-testimonio-n6135272\">source<\/a><\/p>\n","protected":false},"excerpt":{"rendered":"<p>La justicia dej\u00f3 as\u00ed a Alberto Fern\u00e1ndez a un paso de tener que enfrentar un&#8230;<\/p>\n","protected":false},"author":0,"featured_media":198224,"comment_status":"open","ping_status":"open","sticky":false,"template":"","format":"standard","meta":{"footnotes":""},"categories":[2],"tags":[],"class_list":["post-198223","post","type-post","status-publish","format-standard","has-post-thumbnail","hentry","category-politica"],"featured_image_urls":{"full":["https:\/\/radiofenix.com.ar\/2023\/wp-content\/uploads\/2025\/04\/wp-header-logo-62.png",1200,675,false],"thumbnail":["https:\/\/radiofenix.com.ar\/2023\/wp-content\/uploads\/2025\/04\/wp-header-logo-62-150x150.png",150,150,true],"medium":["https:\/\/radiofenix.com.ar\/2023\/wp-content\/uploads\/2025\/04\/wp-header-logo-62-300x169.png",300,169,true],"medium_large":["https:\/\/radiofenix.com.ar\/2023\/wp-content\/uploads\/2025\/04\/wp-header-logo-62-768x432.png",640,360,true],"large":["https:\/\/radiofenix.com.ar\/2023\/wp-content\/uploads\/2025\/04\/wp-header-logo-62-1024x576.png",640,360,true],"1536x1536":["https:\/\/radiofenix.com.ar\/2023\/wp-content\/uploads\/2025\/04\/wp-header-logo-62.png",1200,675,false],"2048x2048":["https:\/\/radiofenix.com.ar\/2023\/wp-content\/uploads\/2025\/04\/wp-header-logo-62.png",1200,675,false],"newsium-slider-full":["https:\/\/radiofenix.com.ar\/2023\/wp-content\/uploads\/2025\/04\/wp-header-logo-62.png",1200,675,false],"newsium-featured":["https:\/\/radiofenix.com.ar\/2023\/wp-content\/uploads\/2025\/04\/wp-header-logo-62-1024x576.png",1024,576,true],"newsium-medium":["https:\/\/radiofenix.com.ar\/2023\/wp-content\/uploads\/2025\/04\/wp-header-logo-62-720x475.png",720,475,true]},"author_info":{"info":[""]},"category_info":"<a href=\"https:\/\/radiofenix.com.ar\/2023\/category\/politica\/\" rel=\"category tag\">Pol\u00edtica<\/a>","tag_info":"Pol\u00edtica","comment_count":"0","_links":{"self":[{"href":"https:\/\/radiofenix.com.ar\/2023\/wp-json\/wp\/v2\/posts\/198223","targetHints":{"allow":["GET"]}}],"collection":[{"href":"https:\/\/radiofenix.com.ar\/2023\/wp-json\/wp\/v2\/posts"}],"about":[{"href":"https:\/\/radiofenix.com.ar\/2023\/wp-json\/wp\/v2\/types\/post"}],"replies":[{"embeddable":true,"href":"https:\/\/radiofenix.com.ar\/2023\/wp-json\/wp\/v2\/comments?post=198223"}],"version-history":[{"count":0,"href":"https:\/\/radiofenix.com.ar\/2023\/wp-json\/wp\/v2\/posts\/198223\/revisions"}],"wp:featuredmedia":[{"embeddable":true,"href":"https:\/\/radiofenix.com.ar\/2023\/wp-json\/wp\/v2\/media\/198224"}],"wp:attachment":[{"href":"https:\/\/radiofenix.com.ar\/2023\/wp-json\/wp\/v2\/media?parent=198223"}],"wp:term":[{"taxonomy":"category","embeddable":true,"href":"https:\/\/radiofenix.com.ar\/2023\/wp-json\/wp\/v2\/categories?post=198223"},{"taxonomy":"post_tag","embeddable":true,"href":"https:\/\/radiofenix.com.ar\/2023\/wp-json\/wp\/v2\/tags?post=198223"}],"curies":[{"name":"wp","href":"https:\/\/api.w.org\/{rel}","templated":true}]}}