{"id":198229,"date":"2025-04-19T08:58:09","date_gmt":"2025-04-19T08:58:09","guid":{"rendered":"https:\/\/radiofenix.com.ar\/2023\/buscan-a-un-joven-desaparecido-en-mendoza\/"},"modified":"2025-04-19T08:58:09","modified_gmt":"2025-04-19T08:58:09","slug":"buscan-a-un-joven-desaparecido-en-mendoza","status":"publish","type":"post","link":"https:\/\/radiofenix.com.ar\/2023\/buscan-a-un-joven-desaparecido-en-mendoza\/","title":{"rendered":"Buscan a un joven desaparecido en Mendoza"},"content":{"rendered":"<div><!-- Body --><\/p>\n<p>El lunes pasado se activ\u00f3 en Mendoza la b\u00fasqueda del paradero de Federico Verazzi, un joven de 34 a\u00f1os de edad que fue visto por \u00faltima vez el domingo en la ciudad de Godoy Cruz.<\/p>\n<p>Sof\u00eda, la hermana de Federico, cont\u00f3 que \u00e9l abandon\u00f3 su vivienda en el Barrio Bancario de Godoy Cruz el domingo a eso de las 21:30. Cont\u00f3 tambi\u00e9n que \u201cen los \u00faltimos tiempos, su hermano insist\u00eda en irse\u201d y que antes de su salida mostr\u00f3 un comportamiento inusual: \u00abSe despidi\u00f3 de mi mam\u00e1 con un abrazo muy fuerte, algo que no era com\u00fan en \u00e9l\u00bb, asegur\u00f3.<\/p>\n<p>\u00abLo estamos buscando por todos lados. Por los espejos de agua de Mendoza, el Dique Potrerillos, Cacheuta, el Puente del Inca, Blanco Encalada&#8230; incluso hemos dado aviso en Buenos Aires\u00bb, le dijo Sof\u00eda a los medios locales.<\/p>\n<p>La familia inform\u00f3 que \u201cFederico mide 1,75 metros, es de contextura delgada, tiene la piel blanca y cabello casta\u00f1o y corto. Al momento de su desaparici\u00f3n vest\u00eda un jean, zapatillas negras y una remera o sueter tambi\u00e9n de color negro. Puede que se encuentre con una bicicleta negra con detalles amarillos y una mochila\u201d.<\/p>\n<p>Tambi\u00e9n contaron que \u201ctiene una cicatriz en el antebrazo izquierdo y unas cicatrices en la mu\u00f1eca derecha, adem\u00e1s de dos tatuajes, uno en la pantorrilla y otro en las costillas\u201d.<\/p>\n<p>Aquellas personas que tengan alg\u00fan dato sobre el joven desaparecido, pueden llamar de manera inmediata al 911 o bien, dar aviso a su hermana Sof\u00eda al tel\u00e9fono 2615 57-0179 o a su mam\u00e1 Patricia al 2615 18-1372.\u00a0<\/p>\n<p><!-- Live Blog Post --><\/div>\n<p><a href=\"https:\/\/www.pagina12.com.ar\/819147-buscan-a-un-joven-desaparecido-en-mendoza\">source<\/a><\/p>\n","protected":false},"excerpt":{"rendered":"<p>El lunes pasado se activ\u00f3 en Mendoza la b\u00fasqueda del paradero de Federico Verazzi, un&#8230;<\/p>\n","protected":false},"author":0,"featured_media":198230,"comment_status":"open","ping_status":"open","sticky":false,"template":"","format":"standard","meta":{"footnotes":""},"categories":[7],"tags":[],"class_list":["post-198229","post","type-post","status-publish","format-standard","has-post-thumbnail","hentry","category-sociedad"],"featured_image_urls":{"full":["https:\/\/radiofenix.com.ar\/2023\/wp-content\/uploads\/2025\/04\/wp-header-logo-65.png",960,540,false],"thumbnail":["https:\/\/radiofenix.com.ar\/2023\/wp-content\/uploads\/2025\/04\/wp-header-logo-65-150x150.png",150,150,true],"medium":["https:\/\/radiofenix.com.ar\/2023\/wp-content\/uploads\/2025\/04\/wp-header-logo-65-300x169.png",300,169,true],"medium_large":["https:\/\/radiofenix.com.ar\/2023\/wp-content\/uploads\/2025\/04\/wp-header-logo-65-768x432.png",640,360,true],"large":["https:\/\/radiofenix.com.ar\/2023\/wp-content\/uploads\/2025\/04\/wp-header-logo-65.png",640,360,false],"1536x1536":["https:\/\/radiofenix.com.ar\/2023\/wp-content\/uploads\/2025\/04\/wp-header-logo-65.png",960,540,false],"2048x2048":["https:\/\/radiofenix.com.ar\/2023\/wp-content\/uploads\/2025\/04\/wp-header-logo-65.png",960,540,false],"newsium-slider-full":["https:\/\/radiofenix.com.ar\/2023\/wp-content\/uploads\/2025\/04\/wp-header-logo-65.png",960,540,false],"newsium-featured":["https:\/\/radiofenix.com.ar\/2023\/wp-content\/uploads\/2025\/04\/wp-header-logo-65.png",960,540,false],"newsium-medium":["https:\/\/radiofenix.com.ar\/2023\/wp-content\/uploads\/2025\/04\/wp-header-logo-65-720x475.png",720,475,true]},"author_info":{"info":[""]},"category_info":"<a href=\"https:\/\/radiofenix.com.ar\/2023\/category\/sociedad\/\" rel=\"category tag\">Sociedad<\/a>","tag_info":"Sociedad","comment_count":"0","_links":{"self":[{"href":"https:\/\/radiofenix.com.ar\/2023\/wp-json\/wp\/v2\/posts\/198229","targetHints":{"allow":["GET"]}}],"collection":[{"href":"https:\/\/radiofenix.com.ar\/2023\/wp-json\/wp\/v2\/posts"}],"about":[{"href":"https:\/\/radiofenix.com.ar\/2023\/wp-json\/wp\/v2\/types\/post"}],"replies":[{"embeddable":true,"href":"https:\/\/radiofenix.com.ar\/2023\/wp-json\/wp\/v2\/comments?post=198229"}],"version-history":[{"count":0,"href":"https:\/\/radiofenix.com.ar\/2023\/wp-json\/wp\/v2\/posts\/198229\/revisions"}],"wp:featuredmedia":[{"embeddable":true,"href":"https:\/\/radiofenix.com.ar\/2023\/wp-json\/wp\/v2\/media\/198230"}],"wp:attachment":[{"href":"https:\/\/radiofenix.com.ar\/2023\/wp-json\/wp\/v2\/media?parent=198229"}],"wp:term":[{"taxonomy":"category","embeddable":true,"href":"https:\/\/radiofenix.com.ar\/2023\/wp-json\/wp\/v2\/categories?post=198229"},{"taxonomy":"post_tag","embeddable":true,"href":"https:\/\/radiofenix.com.ar\/2023\/wp-json\/wp\/v2\/tags?post=198229"}],"curies":[{"name":"wp","href":"https:\/\/api.w.org\/{rel}","templated":true}]}}