{"id":198233,"date":"2025-04-19T08:58:14","date_gmt":"2025-04-19T08:58:14","guid":{"rendered":"https:\/\/radiofenix.com.ar\/2023\/francisco-no-fue-al-via-crucis-pero-envio-sus-meditaciones\/"},"modified":"2025-04-19T08:58:14","modified_gmt":"2025-04-19T08:58:14","slug":"francisco-no-fue-al-via-crucis-pero-envio-sus-meditaciones","status":"publish","type":"post","link":"https:\/\/radiofenix.com.ar\/2023\/francisco-no-fue-al-via-crucis-pero-envio-sus-meditaciones\/","title":{"rendered":"Francisco no fue al V\u00eda Crucis\u00a0pero envi\u00f3 sus meditaciones"},"content":{"rendered":"<div><!-- Body --><\/p>\n<p><b>El <a href=\"https:\/\/www.pagina12.com.ar\/818941-el-papa-francisco-visito-una-carcel-de-roma\">papa Francisco<\/a> no presidi\u00f3 el V\u00eda Crucis de este<a href=\"https:\/\/www.pagina12.com.ar\/818746-francisco-hizo-su-primera-audiencia-publica-desde-que-estuvo\"> Viernes Santo<\/a> en el Coliseo de Roma<\/b>,  por encontrarse a\u00fan en proceso de recuperaci\u00f3n de su infecci\u00f3n respiratoria, pero<b> dej\u00f3 escritas las meditaciones que se leyeron<\/b> y en las que destac\u00f3 que <b>la \u00abeconom\u00eda de Dios no mata ni aplasta\u00bb<\/b>.<\/p>\n<p>Francisco tampoco particip\u00f3 del V\u00eda Crucis en los dos \u00faltimos a\u00f1os, debido al fr\u00edo intenso y a sus problemas de salud, aunque en ambas ocasiones su ausencia se comunic\u00f3 a \u00faltimo momento. En esta ocasi\u00f3n, en cambio, su ausencia ya estaba prevista, ya que <b>contin\u00faa reponi\u00e9ndose de la infecci\u00f3n respiratoria que lo mantuvo hospitalizado durante 38 d\u00edas<\/b> en el hospital Gemelli de Roma.<\/p>\n<p>Las reflexiones de Francisco fueron le\u00eddas ante miles de fieles que se congregaron ante el famoso anfiteatro, en una ceremonia presidida por el cardenal Baldassare Reina, delegado por el papa para ello. El V\u00eda Crucis empez\u00f3 a las 21:15 horas y, en las dos horas siguientes, la cruz fue llevada desde el interior del Coliseo hasta una elevaci\u00f3n cercana en los Foros Romanos, pasando por 14 estaciones que representan el camino de Jes\u00fas a la muerte.<\/p>\n<p>En las 14 estaciones que relatan la Pasi\u00f3n de Cristo, el <b>papa <\/b>ofreci\u00f3 reflexiones como la invitaci\u00f3n a abrazar <b>\u00abla econom\u00eda de Dios, que no mata, no descarta, no aplasta. Es humilde, fiel a la tierra\u00bb<\/b>. La contrast\u00f3 con una econom\u00eda deshumana, en la que \u00ab99 valen m\u00e1s que uno\u00bb. \u00abSin embargo, hemos construido un mundo que funciona de ese modo; un mundo de c\u00e1lculos y algoritmos, de fr\u00edas l\u00f3gicas e intereses implacables\u00bb, denunci\u00f3.<\/p>\n<p>En cada estaci\u00f3n, Francisco escribi\u00f3 una oraci\u00f3n y rez\u00f3 \u00abpara desafiar una econom\u00eda que mata\u00bb o \u00abpor los que est\u00e1n en las fronteras y sienten que su viaje ha terminado\u00bb. <b>En la \u00faltima estaci\u00f3n el papa dese\u00f3 la paz para todas las naciones<\/b>. \u00abQue venga tu paz Para la tierra, el aire y el agua. Que venga tu paz Para los justos y los injustos. Que venga tu paz Para quien es invisible y carece de voz. Que venga tu paz Para quien no tiene poder ni dinero. Que venga tu paz Para quien espera un renacer justo\u00bb, se\u00f1al\u00f3.<\/p>\n<p>Este viernes el papa, que redujo dr\u00e1sticamente su agenda tras su ingreso hospitalario, tampoco particip\u00f3 en la liturgia de la Pasi\u00f3n del Se\u00f1or en la bas\u00edlica de San Pedro, a la que asisti\u00f3 el vicepresidente de EE.UU., JD Vance. El Vaticano no confirmar\u00e1 la presencia del papa en los ritos de Semana Santa, por lo que sus apariciones ser\u00e1n por sorpresa.<b><a href=\"https:\/\/www.pagina12.com.ar\/tags\/785-papa-francisco\"> El jueves Francisco quiso continuar con la tradici\u00f3n que comenz\u00f3 los Jueves Santos y visit\u00f3 la c\u00e1rcel de Regina Coeli<\/a><\/b>, en el barrio de Trastevere, cerca del Vaticano, para encontrarse con 70 reclusos.<\/p>\n<p><!-- Live Blog Post --><\/div>\n<p><a href=\"https:\/\/www.pagina12.com.ar\/819250-francisco-no-fue-al-via-crucis-pero-envio-sus-meditaciones\">source<\/a><\/p>\n","protected":false},"excerpt":{"rendered":"<p>El papa Francisco no presidi\u00f3 el V\u00eda Crucis de este Viernes Santo en el Coliseo&#8230;<\/p>\n","protected":false},"author":0,"featured_media":198234,"comment_status":"open","ping_status":"open","sticky":false,"template":"","format":"standard","meta":{"footnotes":""},"categories":[60],"tags":[],"class_list":["post-198233","post","type-post","status-publish","format-standard","has-post-thumbnail","hentry","category-internacional"],"featured_image_urls":{"full":["https:\/\/radiofenix.com.ar\/2023\/wp-content\/uploads\/2025\/04\/wp-header-logo-67.png",960,540,false],"thumbnail":["https:\/\/radiofenix.com.ar\/2023\/wp-content\/uploads\/2025\/04\/wp-header-logo-67-150x150.png",150,150,true],"medium":["https:\/\/radiofenix.com.ar\/2023\/wp-content\/uploads\/2025\/04\/wp-header-logo-67-300x169.png",300,169,true],"medium_large":["https:\/\/radiofenix.com.ar\/2023\/wp-content\/uploads\/2025\/04\/wp-header-logo-67-768x432.png",640,360,true],"large":["https:\/\/radiofenix.com.ar\/2023\/wp-content\/uploads\/2025\/04\/wp-header-logo-67.png",640,360,false],"1536x1536":["https:\/\/radiofenix.com.ar\/2023\/wp-content\/uploads\/2025\/04\/wp-header-logo-67.png",960,540,false],"2048x2048":["https:\/\/radiofenix.com.ar\/2023\/wp-content\/uploads\/2025\/04\/wp-header-logo-67.png",960,540,false],"newsium-slider-full":["https:\/\/radiofenix.com.ar\/2023\/wp-content\/uploads\/2025\/04\/wp-header-logo-67.png",960,540,false],"newsium-featured":["https:\/\/radiofenix.com.ar\/2023\/wp-content\/uploads\/2025\/04\/wp-header-logo-67.png",960,540,false],"newsium-medium":["https:\/\/radiofenix.com.ar\/2023\/wp-content\/uploads\/2025\/04\/wp-header-logo-67-720x475.png",720,475,true]},"author_info":{"info":[""]},"category_info":"<a href=\"https:\/\/radiofenix.com.ar\/2023\/category\/internacional\/\" rel=\"category tag\">Internacional<\/a>","tag_info":"Internacional","comment_count":"0","_links":{"self":[{"href":"https:\/\/radiofenix.com.ar\/2023\/wp-json\/wp\/v2\/posts\/198233","targetHints":{"allow":["GET"]}}],"collection":[{"href":"https:\/\/radiofenix.com.ar\/2023\/wp-json\/wp\/v2\/posts"}],"about":[{"href":"https:\/\/radiofenix.com.ar\/2023\/wp-json\/wp\/v2\/types\/post"}],"replies":[{"embeddable":true,"href":"https:\/\/radiofenix.com.ar\/2023\/wp-json\/wp\/v2\/comments?post=198233"}],"version-history":[{"count":0,"href":"https:\/\/radiofenix.com.ar\/2023\/wp-json\/wp\/v2\/posts\/198233\/revisions"}],"wp:featuredmedia":[{"embeddable":true,"href":"https:\/\/radiofenix.com.ar\/2023\/wp-json\/wp\/v2\/media\/198234"}],"wp:attachment":[{"href":"https:\/\/radiofenix.com.ar\/2023\/wp-json\/wp\/v2\/media?parent=198233"}],"wp:term":[{"taxonomy":"category","embeddable":true,"href":"https:\/\/radiofenix.com.ar\/2023\/wp-json\/wp\/v2\/categories?post=198233"},{"taxonomy":"post_tag","embeddable":true,"href":"https:\/\/radiofenix.com.ar\/2023\/wp-json\/wp\/v2\/tags?post=198233"}],"curies":[{"name":"wp","href":"https:\/\/api.w.org\/{rel}","templated":true}]}}