{"id":198235,"date":"2025-04-19T08:58:17","date_gmt":"2025-04-19T08:58:17","guid":{"rendered":"https:\/\/radiofenix.com.ar\/2023\/para-la-revista-time-javier-milei-es-una-de-las-personas-mas-influyentes-del-mundo\/"},"modified":"2025-04-19T08:58:17","modified_gmt":"2025-04-19T08:58:17","slug":"para-la-revista-time-javier-milei-es-una-de-las-personas-mas-influyentes-del-mundo","status":"publish","type":"post","link":"https:\/\/radiofenix.com.ar\/2023\/para-la-revista-time-javier-milei-es-una-de-las-personas-mas-influyentes-del-mundo\/","title":{"rendered":"Para la revista Time, Javier Milei es una de las personas m\u00e1s influyentes del mundo"},"content":{"rendered":"<div id=\"\">\n<div contenteditable=\"false\" class=\"embed_cont type_imagen\" id=\"8058899-Libre-571089832_wrap\">\n<p>javier milei 1.jpg <span onclick=\"parent.parent.TinyMCETdcuerpo.preview_embed('8058899-Libre-571089832')\" class=\"embed_colapse less\" id=\"8058899-Libre-571089832_colapse\"\/>  <span onclick=\"parent.parent.TinyMCETdcuerpo.delete_embed('8058899-Libre-571089832')\" class=\"embed_delete less\" id=\"8058899-Libre-571089832_delete\"\/><\/p>\n<div id=\"8058899-Libre-571089832_content\" class=\"embed_content\"><img loading=\"lazy\" decoding=\"async\" src=\"https:\/\/media.minutouno.com\/p\/59de9db3db4ba5808276505f280d8c42\/adjuntos\/150\/imagenes\/042\/338\/0042338549\/javier-milei-1jpg.jpg\" alt=\"Javier Milei, entre las cripto estafas y la presidencia\" title=\"Javier Milei, entre las cripto estafas y la presidencia\" width=\"610\" height=\"381\" id=\"8058899-Libre-571089832_embed\"\/><\/div>\n<div id=\"8058899-Libre-571089832_epigrafe\" class=\"embed_epigrafe\">\n<p> Javier Milei, entre las cripto estafas y la presidencia<\/p>\n<\/div><\/div>\n<p>\u00abEn 2023, el candidato Milei se ofreci\u00f3 a los votantes como el rayo de luz antiestablishment que Argentina necesitaba para controlar la inflaci\u00f3n cr\u00f3nica y la disfunci\u00f3n del gobierno. Veinte meses despu\u00e9s, los esc\u00e9pticos -yo era uno de ellos- est\u00e1n en retirada\u201d, asegura Time en su breve explicaci\u00f3n sobre las razones que llevaron a incluir a Milei en el selecto listado.<\/p>\n<p>Y sigue: \u201cDesde que Milei entr\u00f3 en la Casa Rosada como Presidente, los votantes han castigado a los l\u00edderes electos y a los partidos gobernantes en India, Sud\u00e1frica, Francia, Gran Breta\u00f1a, Jap\u00f3n, Alemania y Estados Unidos, en parte porque los precios han subido. Milei es el l\u00edder del G-20 que ha asumido los mayores riesgos para enderezar el rumbo de su pa\u00eds&#8230; y est\u00e1n dando sus frutos. La inflaci\u00f3n anual en Argentina cay\u00f3 de un asombroso 289% en abril de 2024 a un 66,9% en febrero de 2025\u2033.<\/p>\n<div contenteditable=\"false\" class=\"embed_cont type_imagen\" id=\"7937178-Libre-696920548_wrap\">\n<p>javier-milei-tapa-revista-time <span onclick=\"parent.parent.TinyMCETdcuerpo.preview_embed('7937178-Libre-696920548')\" class=\"embed_colapse less\" id=\"7937178-Libre-696920548_colapse\"\/>  <span onclick=\"parent.parent.TinyMCETdcuerpo.delete_embed('7937178-Libre-696920548')\" class=\"embed_delete less\" id=\"7937178-Libre-696920548_delete\"\/><\/p>\n<div id=\"7937178-Libre-696920548_content\" class=\"embed_content\"><img decoding=\"async\" src=\"https:\/\/media.minutouno.com\/p\/13eca5fcf75815d42021c0d7bcfa0681\/adjuntos\/150\/imagenes\/041\/530\/0041530310\/610x0\/smart\/javier-milei-tapa-revista-time.jpg\" alt=\"\" title=\"\" width=\"610\" height=\"undefined\" id=\"7937178-Libre-696920548_embed\"\/><\/div>\n<\/p><\/div>\n<p>\u201c<span class=\"saysCMSEmphasis\" id=\"saysCMSEmphasisex8xh38tg1l\">Los cr\u00edticos dicen que Milei est\u00e1 controlando la inflaci\u00f3n con medidas de austeridad que pesan mucho sobre los pobres,<\/span> pero tambi\u00e9n se han equivocado en ese frente: la tasa nacional de pobreza cay\u00f3 del 52,9% en la primera mitad de 2024 al 38,1% en la segunda mitad\u201d, advierte la publicaci\u00f3n estadounidense.<\/p>\n<p data-mrf-recirculation=\"Links inline\">La revista <em>Time <\/em>dividi\u00f3 su listado entre artistas, \u00edconos, l\u00edderes, titanes, innovadores y pioneros.<\/p>\n<h2>La lista completa<\/h2>\n<h3>Artistas<\/h3>\n<ul>\n<li data-icon=\"\"><strong>Ed Sheeran: <\/strong>cantante y compositor brit\u00e1nico.<\/li>\n<li data-icon=\"\"><strong>Scarlett Johansson: <\/strong>actriz estadounidense.<\/li>\n<li data-icon=\"\"><strong>Daniel Dae Kim: <\/strong>actor y productor.<\/li>\n<li data-icon=\"\"><strong>Kristen Bell: <\/strong>actriz y productora.<\/li>\n<li data-icon=\"\"><strong>Adam Scott: <\/strong>actor, productor y director.<\/li>\n<li data-icon=\"\"><strong>Rashida Jones: <\/strong>actriz, productora y escritora.<\/li>\n<li data-icon=\"\"><strong>Diego Luna: <\/strong>actor y productor mexicano.<\/li>\n<li data-icon=\"\"><strong>Nicole Scherzinger: <\/strong>cantante, bailarina y actriz.<\/li>\n<li data-icon=\"\"><strong>Kristen Wiig: <\/strong>actriz y comediante.<\/li>\n<li data-icon=\"\"><strong>Willy Chavarria: <\/strong>dise\u00f1ador de moda.<\/li>\n<li data-icon=\"\"><strong>Danielle Deadwyler: <\/strong>actriz y activista.<\/li>\n<li data-icon=\"\"><strong>Hozier: <\/strong>cantautor irland\u00e9s.<\/li>\n<li data-icon=\"\"><strong>Miranda July: <\/strong>escritora, directora y artista.<\/li>\n<li data-icon=\"\"><strong>Branden Jacobs-Jenkins: <\/strong>dramaturgo e int\u00e9rprete.<\/li>\n<li data-icon=\"\"><strong>Mohammad Rasoulof: <\/strong>cineasta iran\u00ed y disidente.<\/li>\n<li data-icon=\"\"><strong>Annabelle Selldorf: <\/strong>arquitecta.<\/li>\n<li data-icon=\"\"><strong>Yoshitomo Nara: <\/strong>artista japon\u00e9s.<\/li>\n<\/ul>\n<div contenteditable=\"false\" class=\"embed_cont type_imagen\" id=\"7969968-Libre-1194941381_wrap\">\n<p> ed sheeran.jpg <span onclick=\"parent.parent.TinyMCETdcuerpo.preview_embed('7969968-Libre-1194941381')\" class=\"embed_colapse less\" id=\"7969968-Libre-1194941381_colapse\"\/> <span onclick=\"parent.parent.TinyMCETdcuerpo.delete_embed('7969968-Libre-1194941381')\" class=\"embed_delete less\" id=\"7969968-Libre-1194941381_delete\"\/><\/p>\n<div id=\"7969968-Libre-1194941381_content\" class=\"embed_content\"><img loading=\"lazy\" decoding=\"async\" src=\"https:\/\/media.minutouno.com\/p\/b941de4c7869610c6b45c12d6b77492b\/adjuntos\/150\/imagenes\/041\/746\/0041746221\/ed-sheeranjpg.jpg\" alt=\"\" title=\"\" width=\"610\" height=\"456\" id=\"7969968-Libre-1194941381_embed\"\/><\/div>\n<\/p><\/div>\n<h3>\u00cdconos<\/h3>\n<ul>\n<li data-icon=\"\"><strong>Demi Moore: <\/strong>actriz estadounidense.<\/li>\n<li data-icon=\"\"><strong>Jalen Hurts: <\/strong>jugador de f\u00fatbol americano.<\/li>\n<li data-icon=\"\"><strong>Adrien Brody: <\/strong>actor.<\/li>\n<li data-icon=\"\"><strong>Gisele Pelicot: <\/strong>activista francesa y defensora de los derechos sociales y ambientales.<\/li>\n<li data-icon=\"\"><strong>Hiroyuki Sanada: <\/strong>actor japon\u00e9s.<\/li>\n<li data-icon=\"\"><strong>Angeline Murimirwa: <\/strong>activista educativa de Zimbabue, centrada en empoderar a las mujeres j\u00f3venes a trav\u00e9s de la educaci\u00f3n.<\/li>\n<li data-icon=\"\"><strong>David Muir: <\/strong>presentador de noticias.<\/li>\n<li data-icon=\"\"><strong>Raquel Willis: <\/strong>defensora de los derechos transg\u00e9nero y una de las voces m\u00e1s prominentes del activismo LGBTQ+.<\/li>\n<li data-icon=\"\"><strong>Bobbi Brown: <\/strong>maquilladora y empresaria.<\/li>\n<li data-icon=\"\"><strong>Anthony D. Romero: <\/strong>director ejecutivo de la ACLU.<\/li>\n<li data-icon=\"\"><strong>Yoshiki: <\/strong>m\u00fasico y compositor japon\u00e9s.<\/li>\n<li data-icon=\"\"><strong>Amy Griffin: <\/strong>activista y ex atleta profesional, dedicada a promover la igualdad y el cambio social.<\/li>\n<li data-icon=\"\"><strong>L\u00e9on Marchand: <\/strong>nadador ol\u00edmpico franc\u00e9s.<\/li>\n<li data-icon=\"\"><strong>Fatou Baldeh: <\/strong>activista africana de los derechos humanos y defensora de la educaci\u00f3n y empoderamiento de las mujeres.<\/li>\n<\/ul>\n<div contenteditable=\"false\" class=\"embed_cont type_imagen\" id=\"7931019-Libre-1430203016_wrap\">\n<p> Demi Moore 2.png <span onclick=\"parent.parent.TinyMCETdcuerpo.preview_embed('7931019-Libre-1430203016')\" class=\"embed_colapse less\" id=\"7931019-Libre-1430203016_colapse\"\/> <span onclick=\"parent.parent.TinyMCETdcuerpo.delete_embed('7931019-Libre-1430203016')\" class=\"embed_delete less\" id=\"7931019-Libre-1430203016_delete\"\/><\/p>\n<div id=\"7931019-Libre-1430203016_content\" class=\"embed_content\"><img decoding=\"async\" src=\"https:\/\/media.minutouno.com\/p\/067310142c871ab11fbfc87d3b7db54e\/adjuntos\/150\/imagenes\/041\/492\/0041492228\/610x0\/smart\/demi-moore-2png.png\" alt=\"\" title=\"\" width=\"610\" height=\"undefined\" id=\"7931019-Libre-1430203016_embed\"\/><\/div>\n<\/p><\/div>\n<h3>L\u00edderes<\/h3>\n<ul>\n<li data-icon=\"\"><strong>Keir Starmer: <\/strong>primer ministro brit\u00e1nico de Reino Unido.<\/li>\n<li data-icon=\"\"><strong>Claudia Sheinbaum: <\/strong>presidenta de M\u00e9xico.<\/li>\n<li data-icon=\"\"><strong>Donald Trump:<\/strong> presidente de Estados Unidos.<\/li>\n<li data-icon=\"\"><strong>Mar\u00eda Corina Machado: <\/strong>pol\u00edtica venezolana y l\u00edder de la oposici\u00f3n,.<\/li>\n<li data-icon=\"\"><strong>Elon Musk: <\/strong>CEO de Tesla y SpaceX.<\/li>\n<li data-icon=\"\"><strong>Muhammad Yunus: <\/strong>laureado con el Premio Nobel de la Paz, conocido por ser pionero de las microfinanzas y los negocios sociales para aliviar la pobreza.<\/li>\n<li data-icon=\"\"><strong>Howard Lutnick: <\/strong>ejecutivo de negocios, CEO de Cantor Fitzgerald.<\/li>\n<li data-icon=\"\"><strong>Tedros Adhanom Ghebreyesus: <\/strong>director General de la Organizaci\u00f3n Mundial de la Salud.<\/li>\n<li data-icon=\"\"><strong>J.D. Vance: <\/strong>vicepresidente de Estados Unidos.<\/li>\n<li data-icon=\"\"><strong>Reshma Kewalramani:<\/strong> CEO de Vertex Pharmaceuticals.<\/li>\n<li data-icon=\"\"><strong>Friedrich Merz:<\/strong> Pol\u00edtico alem\u00e1n, l\u00edder en reformas pol\u00edticas conservadoras y crecimiento econ\u00f3mico en Europa.<\/li>\n<li data-icon=\"\"><strong>Megyn Kelly:<\/strong> Periodista.<\/li>\n<li data-icon=\"\"><strong>Lee Jae-myung: <\/strong>Pol\u00edtico surcoreano, reconocido por su liderazgo en abordar la desigualdad social y reformas pol\u00edticas.<\/li>\n<li data-icon=\"\"><strong>Teresa Ribera: <\/strong>Pol\u00edtica espa\u00f1ola.<\/li>\n<li data-icon=\"\"><strong>Robert F. Kennedy Jr.:<\/strong> Abogado ambiental y activista.<\/li>\n<li data-icon=\"\"><strong>Andrea Vidaurre: <\/strong>Defensora de los derechos humanos y l\u00edder en la lucha por la justicia ambiental y el desarrollo sostenible.<\/li>\n<li data-icon=\"\"><strong>Duma Boko: <\/strong>L\u00edder pol\u00edtico, trabajan por el desarrollo econ\u00f3mico y social en las naciones africanas.<\/li>\n<li data-icon=\"\"><strong>Russell Vought: <\/strong>Ex director de la Oficina de Gesti\u00f3n y Presupuesto, influyente en la pol\u00edtica financiera y gubernamental de los Estados Unidos.<\/li>\n<li data-icon=\"\"><strong>Javier Milei: <\/strong>Presidenta de la Argentina.<\/li>\n<li data-icon=\"\"><strong>Noa Argamani:<\/strong> Defensora de los derechos humanos y la justicia social.<\/li>\n<li data-icon=\"\"><strong>Mo Abudu: <\/strong>Magnate de los medios de comunicaci\u00f3n nigerianos, influyente en la industria del entretenimiento y en la promoci\u00f3n de la cultura africana a nivel global.<\/li>\n<li data-icon=\"\"><strong>Ahmed al-Sharaa: <\/strong>L\u00edder pol\u00edtico del Medio Oriente, enfocado en la paz y el desarrollo en las regiones en conflicto.<\/li>\n<li data-icon=\"\"><strong>Robert Ford<\/strong>: Diplom\u00e1tico de los Estados Unidos y l\u00edder en relaciones internacionales, especialmente en los asuntos del Medio Oriente.<\/li>\n<\/ul>\n<div contenteditable=\"false\" class=\"embed_cont type_imagen\" id=\"8063408-Libre-587552313_wrap\">\n<p> Keir Starmer.jpg <span onclick=\"parent.parent.TinyMCETdcuerpo.preview_embed('8063408-Libre-587552313')\" class=\"embed_colapse less\" id=\"8063408-Libre-587552313_colapse\"\/> <span onclick=\"parent.parent.TinyMCETdcuerpo.delete_embed('8063408-Libre-587552313')\" class=\"embed_delete less\" id=\"8063408-Libre-587552313_delete\"\/><\/p>\n<div id=\"8063408-Libre-587552313_content\" class=\"embed_content\"><img loading=\"lazy\" decoding=\"async\" src=\"https:\/\/media.minutouno.com\/p\/923ccd32da59546309bd8fc9eb8dfd2a\/adjuntos\/150\/imagenes\/042\/349\/0042349422\/keir-starmerjpg.jpg\" alt=\"Keir Starmer\" title=\"Keir Starmer\" width=\"457\" height=\"610\" id=\"8063408-Libre-587552313_embed\"\/><\/div>\n<\/p><\/div>\n<h3>Titanes<\/h3>\n<ul>\n<li data-icon=\"\"><strong>Serena Williams: <\/strong>Tenista estadounidense, considerada una de las mejores atletas de todos los tiempos.<\/li>\n<li data-icon=\"\"><strong>Ed Bastian: <\/strong>CEO de Delta Air Lines.<\/li>\n<li data-icon=\"\"><strong>Blake Lively: <\/strong>Actriz y empresaria.<\/li>\n<li data-icon=\"\"><strong>Lorne Michaels:<\/strong> Creador de \u201cSaturday Night Live\u201d.<\/li>\n<li data-icon=\"\"><strong>Simone Biles: <\/strong>Gimnasta estadounidense.<\/li>\n<li data-icon=\"\"><strong>Doug McMillon: <\/strong>CEO de Walmart.<\/li>\n<li data-icon=\"\"><strong>Miuccia Prada: <\/strong>Dise\u00f1adora de moda.<\/li>\n<li data-icon=\"\"><strong>Percival Everett: <\/strong>Autor estadounidense, conocido por sus obras que abordan la identidad afroamericana y la literatura.<\/li>\n<li data-icon=\"\"><strong>Ted Sarandos: <\/strong>Co-CEO de Netflix.<\/li>\n<li data-icon=\"\"><strong>Joe Rogan: <\/strong>Comediante y presentador de podcast.<\/li>\n<li data-icon=\"\"><strong>Lisa Su: <\/strong>CEO de AMD.<\/li>\n<li data-icon=\"\"><strong>Mark Zuckerberg: <\/strong>Cofundador de Facebook (Meta).<\/li>\n<li data-icon=\"\"><strong>Bonnie Y Chan: <\/strong>L\u00edder empresarial.<\/li>\n<li data-icon=\"\"><strong>Alex Karp: <\/strong>CEO de Palantir Technologies.<\/li>\n<li data-icon=\"\"><strong>Jonathan Greenblatt: <\/strong>CEO de la Liga Antidifamaci\u00f3n (ADL).<\/li>\n<li data-icon=\"\"><strong>Stephen J. Squeri: <\/strong>CEO de American Express.<\/li>\n<\/ul>\n<div contenteditable=\"false\" class=\"embed_cont type_imagen\" id=\"7936287-Libre-1824412868_wrap\">\n<p> serena willimas <span onclick=\"parent.parent.TinyMCETdcuerpo.preview_embed('7936287-Libre-1824412868')\" class=\"embed_colapse less\" id=\"7936287-Libre-1824412868_colapse\"\/> <span onclick=\"parent.parent.TinyMCETdcuerpo.delete_embed('7936287-Libre-1824412868')\" class=\"embed_delete less\" id=\"7936287-Libre-1824412868_delete\"\/><\/p>\n<div id=\"7936287-Libre-1824412868_content\" class=\"embed_content\"><img loading=\"lazy\" decoding=\"async\" src=\"https:\/\/media.minutouno.com\/p\/a28554ae1ecd751c7d079af22c92f8e1\/adjuntos\/150\/imagenes\/041\/524\/0041524961\/serena-willimas.jpg\" alt=\"\" title=\"\" width=\"610\" height=\"457\" id=\"7936287-Libre-1824412868_embed\"\/><\/div>\n<\/p><\/div>\n<h3>Pioneros<\/h3>\n<ul>\n<li data-icon=\"\"><strong>Demis Hassabis: <\/strong>Cofundador de DeepMind, pionero en avances de inteligencia artificial.<\/li>\n<li data-icon=\"\"><strong>Ros\u00e9: <\/strong>Cantante y miembro del grupo K-pop BLACKPINK.<\/li>\n<li data-icon=\"\"><strong>Andrew Forrest: <\/strong>Empresario australiano, enfocado en energ\u00edas renovables y en inversiones de impacto social.<\/li>\n<li data-icon=\"\"><strong>Robert Montgomery:<\/strong> Ambientalista e innovador, reconocido por su trabajo en sostenibilidad y conservaci\u00f3n.<\/li>\n<li data-icon=\"\"><strong>Breanna Stewart y Napheesa Collier: <\/strong>Jugadoras profesionales de baloncesto, l\u00edderes en la WNBA y defensoras de la igualdad de g\u00e9nero en el deporte.<\/li>\n<li data-icon=\"\"><strong>Robin Wall Kimmerer: <\/strong>Bot\u00e1nica y autora, conocida por su trabajo en conocimientos ecol\u00f3gicos y tradiciones ind\u00edgenas.<\/li>\n<li data-icon=\"\"><strong>Dario Amodei: <\/strong>Cofundador de Anthropic.<\/li>\n<li data-icon=\"\"><strong>Myles Smith: <\/strong>Innovador en tecnolog\u00eda digital e Inteligencia Artificial.<\/li>\n<li data-icon=\"\"><strong>Cordelia B\u00e4hr: <\/strong>Cient\u00edfica medioambiental.<\/li>\n<li data-icon=\"\"><strong>Julie Burkhart: <\/strong>Activista de los derechos de las mujeres.<\/li>\n<li data-icon=\"\"><strong>Liang Wenfeng: <\/strong>Ingeniero y emprendedor tecnol\u00f3gico por sus avances en la innovaci\u00f3n en rob\u00f3tica e inteligencia artificial.<\/li>\n<li data-icon=\"\"><strong>Allison Sesso: <\/strong>Defensora de la justicia social.<\/li>\n<li data-icon=\"\"><strong>Tomas Cihlar y Wesley Sundquist: <\/strong>Pioneros en la investigaci\u00f3n gen\u00e9tica, enfocados en terapias gen\u00e9ticas y curas para enfermedades.<\/li>\n<\/ul>\n<div contenteditable=\"false\" class=\"embed_cont type_imagen\" id=\"8063410-Libre-81538580_wrap\">\n<p> Demis Hassabis.jpg <span onclick=\"parent.parent.TinyMCETdcuerpo.preview_embed('8063410-Libre-81538580')\" class=\"embed_colapse less\" id=\"8063410-Libre-81538580_colapse\"\/> <span onclick=\"parent.parent.TinyMCETdcuerpo.delete_embed('8063410-Libre-81538580')\" class=\"embed_delete less\" id=\"8063410-Libre-81538580_delete\"\/><\/p>\n<div id=\"8063410-Libre-81538580_content\" class=\"embed_content\"><img loading=\"lazy\" decoding=\"async\" src=\"https:\/\/media.minutouno.com\/p\/4f7a1920921d9f8bad12e373da51e8c8\/adjuntos\/150\/imagenes\/042\/349\/0042349456\/demis-hassabisjpg.jpg\" alt=\"Demis Hassabis\" title=\"Demis Hassabis\" width=\"610\" height=\"343\" id=\"8063410-Libre-81538580_embed\"\/><\/div>\n<\/p><\/div>\n<h3>Innovadores<\/h3>\n<ul>\n<li data-icon=\"\"><strong>Snoop Dogg: <\/strong>Rapero y empresario.<\/li>\n<li data-icon=\"\"><strong>Nikki Glaser: <\/strong>Comediante y presentadora de televisi\u00f3n.<\/li>\n<li data-icon=\"\"><strong>Ma Yansong: <\/strong>Arquitecto, conocido por sus dise\u00f1os futuristas e innovadores.<\/li>\n<li data-icon=\"\"><strong>Larry Fink: <\/strong>CEO de BlackRock.<\/li>\n<li data-icon=\"\"><strong>Kwame Onwuachi: <\/strong>Chef y restaurador.<\/li>\n<li data-icon=\"\"><strong>Sandra D\u00edaz: <\/strong>Ambientalista argentina, destacada por su trabajo global sobre biodiversidad y acci\u00f3n clim\u00e1tica.<\/li>\n<li data-icon=\"\"><strong>Mickalene Thomas: <\/strong>Artista.<\/li>\n<li data-icon=\"\"><strong>Jon M. Chu: <\/strong>Director y productor.<\/li>\n<li data-icon=\"\"><strong>Wendy Freedman: <\/strong>Astrof\u00edsica, l\u00edder en la investigaci\u00f3n sobre la formaci\u00f3n del universo.<\/li>\n<li data-icon=\"\"><strong>Josh Koskoff: <\/strong>Innovador en la industria tecnol\u00f3gica y la ciberseguridad.<\/li>\n<li data-icon=\"\"><strong>Chutatip \u201cNok\u201d Suntaranon: <\/strong>Innovadora culinaria, combinando sabores tradicionales tailandeses con t\u00e9cnicas modernas.<\/li>\n<li data-icon=\"\"><strong>Christian Happi: <\/strong>Cient\u00edfico y l\u00edder en el campo de la salud global.<\/li>\n<li data-icon=\"\"><strong>Ismahane Elouafi: <\/strong>Experta en sostenibilidad agr\u00edcola.<\/li>\n<li data-icon=\"\"><strong>Skye Perryman: <\/strong>Defensora de la justicia ambiental.<\/li>\n<li data-icon=\"\"><strong>Tim Cadogan: <\/strong>Empresario tecnol\u00f3gico, reconocido por su trabajo en publicidad digital y an\u00e1lisis de datos.<\/li>\n<li data-icon=\"\"><strong>Richard Thompson: <\/strong>Cient\u00edfico y l\u00edder en medicina gen\u00f3mica.<\/li>\n<\/ul>\n<div contenteditable=\"false\" class=\"embed_cont type_imagen\" id=\"8063412-Libre-894770716_wrap\">\n<p> snoop dogg.jpg <span onclick=\"parent.parent.TinyMCETdcuerpo.preview_embed('8063412-Libre-894770716')\" class=\"embed_colapse less\" id=\"8063412-Libre-894770716_colapse\"\/> <span onclick=\"parent.parent.TinyMCETdcuerpo.delete_embed('8063412-Libre-894770716')\" class=\"embed_delete less\" id=\"8063412-Libre-894770716_delete\"\/><\/p>\n<div id=\"8063412-Libre-894770716_content\" class=\"embed_content\"><img loading=\"lazy\" decoding=\"async\" src=\"https:\/\/media.minutouno.com\/p\/787ffad1df36a388fbbdfb9e4a43f054\/adjuntos\/150\/imagenes\/042\/349\/0042349491\/snoop-doggjpg.jpg\" alt=\"Snoop Dogg\" title=\"Snoop Dogg\" width=\"481\" height=\"610\" id=\"8063412-Libre-894770716_embed\"\/><\/div>\n<\/p><\/div>\n<div contenteditable=\"false\" class=\"embed_cont type_freetext\" rel=\"freetext\" id=\"embed42_wrap\">\n<p>Embed <span onclick=\"parent.parent.TinyMCETdcuerpo.preview_embed('embed42')\" class=\"embed_colapse less\" id=\"embed42_colapse\"\/>  <span onclick=\"parent.parent.TinyMCETdcuerpo.delete_embed('embed42')\" class=\"embed_delete less\" id=\"embed42_delete\"\/><\/p>\n<div id=\"embed42_content\" class=\"embed_content\">\n<div id=\"embed42_embed\">\n<figure class=\"figure\"><a href=\"https:\/\/t.me\/minutounocom\" target=\"_blank\"><img decoding=\"async\" src=\"https:\/\/media.minutouno.com\/adjuntos\/150\/banners\/039\/099\/0039099175.jpg\" class=\"figure-img img-fluid\" style=\"width:100%;height:auto;\"\/><\/a><\/figure>\n<\/p><\/div>\n<\/div><\/div>\n<\/p><\/div>\n<p><a href=\"https:\/\/www.minutouno.com\/politica\/para-la-revista-time-javier-milei-es-una-las-personas-mas-influyentes-del-mundo-n6135347\">source<\/a><\/p>\n","protected":false},"excerpt":{"rendered":"<p>javier milei 1.jpg Javier Milei, entre las cripto estafas y la presidencia \u00abEn 2023, el&#8230;<\/p>\n","protected":false},"author":0,"featured_media":198236,"comment_status":"open","ping_status":"open","sticky":false,"template":"","format":"standard","meta":{"footnotes":""},"categories":[2],"tags":[],"class_list":["post-198235","post","type-post","status-publish","format-standard","has-post-thumbnail","hentry","category-politica"],"featured_image_urls":{"full":["https:\/\/radiofenix.com.ar\/2023\/wp-content\/uploads\/2025\/04\/wp-header-logo-68.png",610,381,false],"thumbnail":["https:\/\/radiofenix.com.ar\/2023\/wp-content\/uploads\/2025\/04\/wp-header-logo-68-150x150.png",150,150,true],"medium":["https:\/\/radiofenix.com.ar\/2023\/wp-content\/uploads\/2025\/04\/wp-header-logo-68-300x187.png",300,187,true],"medium_large":["https:\/\/radiofenix.com.ar\/2023\/wp-content\/uploads\/2025\/04\/wp-header-logo-68.png",610,381,false],"large":["https:\/\/radiofenix.com.ar\/2023\/wp-content\/uploads\/2025\/04\/wp-header-logo-68.png",610,381,false],"1536x1536":["https:\/\/radiofenix.com.ar\/2023\/wp-content\/uploads\/2025\/04\/wp-header-logo-68.png",610,381,false],"2048x2048":["https:\/\/radiofenix.com.ar\/2023\/wp-content\/uploads\/2025\/04\/wp-header-logo-68.png",610,381,false],"newsium-slider-full":["https:\/\/radiofenix.com.ar\/2023\/wp-content\/uploads\/2025\/04\/wp-header-logo-68.png",610,381,false],"newsium-featured":["https:\/\/radiofenix.com.ar\/2023\/wp-content\/uploads\/2025\/04\/wp-header-logo-68.png",610,381,false],"newsium-medium":["https:\/\/radiofenix.com.ar\/2023\/wp-content\/uploads\/2025\/04\/wp-header-logo-68.png",610,381,false]},"author_info":{"info":[""]},"category_info":"<a href=\"https:\/\/radiofenix.com.ar\/2023\/category\/politica\/\" rel=\"category tag\">Pol\u00edtica<\/a>","tag_info":"Pol\u00edtica","comment_count":"0","_links":{"self":[{"href":"https:\/\/radiofenix.com.ar\/2023\/wp-json\/wp\/v2\/posts\/198235","targetHints":{"allow":["GET"]}}],"collection":[{"href":"https:\/\/radiofenix.com.ar\/2023\/wp-json\/wp\/v2\/posts"}],"about":[{"href":"https:\/\/radiofenix.com.ar\/2023\/wp-json\/wp\/v2\/types\/post"}],"replies":[{"embeddable":true,"href":"https:\/\/radiofenix.com.ar\/2023\/wp-json\/wp\/v2\/comments?post=198235"}],"version-history":[{"count":0,"href":"https:\/\/radiofenix.com.ar\/2023\/wp-json\/wp\/v2\/posts\/198235\/revisions"}],"wp:featuredmedia":[{"embeddable":true,"href":"https:\/\/radiofenix.com.ar\/2023\/wp-json\/wp\/v2\/media\/198236"}],"wp:attachment":[{"href":"https:\/\/radiofenix.com.ar\/2023\/wp-json\/wp\/v2\/media?parent=198235"}],"wp:term":[{"taxonomy":"category","embeddable":true,"href":"https:\/\/radiofenix.com.ar\/2023\/wp-json\/wp\/v2\/categories?post=198235"},{"taxonomy":"post_tag","embeddable":true,"href":"https:\/\/radiofenix.com.ar\/2023\/wp-json\/wp\/v2\/tags?post=198235"}],"curies":[{"name":"wp","href":"https:\/\/api.w.org\/{rel}","templated":true}]}}