{"id":198243,"date":"2025-04-20T08:58:17","date_gmt":"2025-04-20T08:58:17","guid":{"rendered":"https:\/\/radiofenix.com.ar\/2023\/manifestantes-pakistanies-atacaron-restaurantes-kfc-y-mataron-a-un-empleado\/"},"modified":"2025-04-20T08:58:17","modified_gmt":"2025-04-20T08:58:17","slug":"manifestantes-pakistanies-atacaron-restaurantes-kfc-y-mataron-a-un-empleado","status":"publish","type":"post","link":"https:\/\/radiofenix.com.ar\/2023\/manifestantes-pakistanies-atacaron-restaurantes-kfc-y-mataron-a-un-empleado\/","title":{"rendered":"Manifestantes pakistan\u00edes atacaron restaurantes KFC y mataron a un empleado"},"content":{"rendered":"<div><!-- Body --><\/p>\n<p>La polic\u00eda de <b>Pakist\u00e1n <\/b>arrest\u00f3 este s\u00e1bado a unas 160 personas luego de <b>una veintena de ataques contra la cadena estadounidense de restaurantes KFC<\/b>, por los cuales<b> en uno de ellos muri\u00f3 un empleado de un disparo<\/b>.<\/p>\n<p>La cadena de comida r\u00e1pida, fundada en Estados Unidos, se convirti\u00f3 en <b>blanco de protestas y llamados al boicot por parte de partidos islamistas desde el inicio de la guerra en Gaza<\/b>, ya que se vincula a la c\u00e9lebre marca con el apoyo de Estados Unidos a Israel.<\/p>\n<p>En este marco, y <b>a lo largo de todo el mes de abril<\/b>, una multitud protest\u00f3 frente a locales de KFC, <b>rompiendo ventanas<\/b>, <b>provocando incendios y amenazando a los empleados de las distintas sucursales<\/b>.<\/p>\n<p>\u00abSe registr\u00f3 un total de <b>20 incidentes<\/b> en todo Pakist\u00e1n, con <b>una v\u00edctima fatal<\/b>. El hombre <b>era empleado de KFC<\/b>\u00ab, declar\u00f3 el viceministro del Interior, Talal Chaudhry, en una conferencia de prensa el s\u00e1bado.<\/p>\n<p>De acuerdo con la informaci\u00f3n provista por el funcionario p\u00fablico, <b>el empleado muri\u00f3 durante un tiroteo ocurrido en una sucursal en las afueras de Lahore<\/b>, la capital de la provincia de Punjab, el domingo pasado. <b>No est\u00e1n claros los motivos del tiroteo ni si est\u00e1 relacionado con las recientes protestas<\/b>, apunt\u00f3 una fuente policial a la agencia de noticias AFP.<\/p>\n<div class=\"iframely-embed medium-embedded-content\" data-html=\"Jmx0O2Jsb2NrcXVvdGUgY2xhc3M9InR3aXR0ZXItdHdlZXQiIGRhdGEtZG50PSJ0cnVlIiBhbGlnbj0iY2VudGVyIiZndDsmbHQ7cCBsYW5nPSJlbiIgZGlyPSJsdHIiJmd0O0F0IGxlYXN0IDE3OCBwZW9wbGUgaGF2ZSBiZWVuIGFycmVzdGVkIGFjcm9zcyBQYWtpc3RhbiBhZnRlciBhbnRpLUlzcmFlbCBwcm90ZXN0cyB0dXJuZWQgdmlvbGVudCwgdGFyZ2V0aW5nIG92ZXIgMTAgS0ZDIGJyYW5jaGVzIGluIGNpdGllcyBsaWtlIExhaG9yZSwgS2FyYWNoaSwgYW5kIElzbGFtYWJhZC4gUG9saWNlIHNheSBzb21lIG91dGxldHMgd2VyZSB2YW5kYWxpemVkLCBvbmUgZW1wbG95ZWUgd2FzIGtpbGxlZCwgYW5kIGludmVzdGlnYXRpb25zIGFyZSBvbmdvaW5nIGludG\/igKYgJmx0O2EgaHJlZj0iaHR0cHM6Ly90LmNvL24zNXJwT0U0dDUiJmd0O3BpYy50d2l0dGVyLmNvbS9uMzVycE9FNHQ1Jmx0Oy9hJmd0OyZsdDsvcCZndDsmYW1wO21kYXNoOyBEci4gRnVuZGppIEJlbmVkaWN0IChARnVuZGppMykgJmx0O2EgaHJlZj0iaHR0cHM6Ly90d2l0dGVyLmNvbS9GdW5kamkzL3N0YXR1cy8xOTEzMTg0NTYyOTkwOTQ0Mjg4P3JlZl9zcmM9dHdzcmMlNUV0ZnciJmd0O0FwcmlsIDE4LCAyMDI1Jmx0Oy9hJmd0OyZsdDsvYmxvY2txdW90ZSZndDsKJmx0O3NjcmlwdCBhc3luYyBzcmM9Imh0dHBzOi8vcGxhdGZvcm0udHdpdHRlci5jb20vd2lkZ2V0cy5qcyIgY2hhcnNldD0idXRmLTgiJmd0OyZsdDsvc2NyaXB0Jmd0OwoKJmx0O2RpdiBjbGFzcz0ibWVkaXVtLWluc2VydC1lbWJlZHMtbWV0YSImZ3Q7Jmx0O3NjcmlwdCB0eXBlPSJ0ZXh0L2pzb24iJmd0O3sidXJsIjoiaHR0cHM6Ly90d2l0dGVyLmNvbS9GdW5kamkzL3N0YXR1cy8xOTEzMTg0NTYyOTkwOTQ0Mjg4IiwidHlwZSI6InJpY2giLCJ2ZXJzaW9uIjoiMS4wIiwidGl0bGUiOiJEci4gRnVuZGppIEJlbmVkaWN0IG9uIFR3aXR0ZXIgLyBYIiwiYXV0aG9yIjoiRHIuIEZ1bmRqaSBCZW5lZGljdCIsImF1dGhvcl91cmwiOiJodHRwczovL3R3aXR0ZXIuY29tL0Z1bmRqaTMiLCJwcm92aWRlcl9uYW1lIjoiVHdpdHRlciIsImRlc2NyaXB0aW9uIjoiQXQgbGVhc3QgMTc4IHBlb3BsZSBoYXZlIGJlZW4gYXJyZXN0ZWQgYWNyb3NzIFBha2lzdGFuIGFmdGVyIGFudGktSXNyYWVsIHByb3Rlc3RzIHR1cm5lZCB2aW9sZW50LCB0YXJnZXRpbmcgb3ZlciAxMCBLRkMgYnJhbmNoZXMgaW4gY2l0aWVzIGxpa2UgTGFob3JlLCBLYXJhY2hpLCBhbmQgSXNsYW1hYmFkLiBQb2xpY2Ugc2F5IHNvbWUgb3V0bGV0cyB3ZXJlIHZhbmRhbGl6ZWQsIG9uZSBlbXBsb3llZSB3YXMga2lsbGVkLCBhbmQgaW52ZXN0aWdhdGlvbnMgYXJlIG9uZ29pbmcgaW50b+KApiBwaWMudHdpdHRlci5jb20vbjM1cnBPRTR0NeKAlCBEci4gRnVuZGppIEJlbmVkaWN0IChARnVuZGppMykgQXByaWwgMTgsIDIwMjVcblxuXG4iLCJ0aHVtYm5haWxfdXJsIjoiaHR0cHM6Ly9wYnMudHdpbWcuY29tL2FtcGxpZnlfdmlkZW9fdGh1bWIvMTkxMzE4NDQ3OTQ2NTYzMTc0NC9pbWcvV3pnLVdSSGtyekFqNVFDUi5qcGc6bGFyZ2UiLCJ0aHVtYm5haWxfd2lkdGgiOjM1MiwidGh1bWJuYWlsX2hlaWdodCI6NjQwLCJjYWNoZV9hZ2UiOjg2NDAwLCJvcHRpb25zIjp7Il9oaWRlX21lZGlhIjp7ImxhYmVsIjoiSGlkZSBwaG90b3MsIHZpZGVvcywgYW5kIGNhcmRzIiwidmFsdWUiOmZhbHNlfSwiX3RoZW1lIjp7InZhbHVlIjoiIiwidmFsdWVzIjp7ImRhcmsiOiJVc2UgZGFyayB0aGVtZSJ9fSwiX21heHdpZHRoIjp7InZhbHVlIjoiIiwibGFiZWwiOiJBZGp1c3Qgd2lkdGgiLCJwbGFjZWhvbGRlciI6IjIyMC01NTAsIGluIHB4In19fSZsdDsvc2NyaXB0Jmd0OyZsdDsvZGl2Jmd0Ow==\">\n                <a data-iframely-url=\"\" href=\"https:\/\/twitter.com\/Fundji3\/status\/1913184562990944288\">https:\/\/twitter.com\/Fundji3\/status\/1913184562990944288<\/a>\n              <\/div>\n<p>En rigor, Chaudhry indic\u00f3 que <b>145 personas fueron arrestadas en la provincia de Punjab <\/b>y <b>otras 15 en la capital nacional<\/b>, Islamabad, en relaci\u00f3n con esta serie de ataques.<\/p>\n<p>\u00abEstos restaurantes obtienen todos sus productos localmente, emplean a personal paquistan\u00ed y sus ingresos permanecen dentro del pa\u00eds\u00bb, afirm\u00f3, cuestionando el sentido de las protestas organizadas.<\/p>\n<p>KFC y su empresa matriz, \u00abYum! Brands\u00bb, <b>no emitieron ning\u00fan comentario o mensaje relacionado con las manifestaciones <\/b>que derivaron en la destrucci\u00f3n de sus locales y en la muerte de un empleado.<\/p>\n<p><!-- Live Blog Post --><\/div>\n<p><script async src=\"\/\/platform.twitter.com\/widgets.js\" charset=\"utf-8\"><\/script><br \/><a href=\"https:\/\/www.pagina12.com.ar\/819337-manifestantes-pakistanies-atacaron-restaurantes-kfc-y-mataro\">source<\/a><\/p>\n","protected":false},"excerpt":{"rendered":"<p>La polic\u00eda de Pakist\u00e1n arrest\u00f3 este s\u00e1bado a unas 160 personas luego de una veintena&#8230;<\/p>\n","protected":false},"author":0,"featured_media":198244,"comment_status":"open","ping_status":"open","sticky":false,"template":"","format":"standard","meta":{"footnotes":""},"categories":[60],"tags":[],"class_list":["post-198243","post","type-post","status-publish","format-standard","has-post-thumbnail","hentry","category-internacional"],"featured_image_urls":{"full":["https:\/\/radiofenix.com.ar\/2023\/wp-content\/uploads\/2025\/04\/wp-header-logo-72.png",960,540,false],"thumbnail":["https:\/\/radiofenix.com.ar\/2023\/wp-content\/uploads\/2025\/04\/wp-header-logo-72-150x150.png",150,150,true],"medium":["https:\/\/radiofenix.com.ar\/2023\/wp-content\/uploads\/2025\/04\/wp-header-logo-72-300x169.png",300,169,true],"medium_large":["https:\/\/radiofenix.com.ar\/2023\/wp-content\/uploads\/2025\/04\/wp-header-logo-72-768x432.png",640,360,true],"large":["https:\/\/radiofenix.com.ar\/2023\/wp-content\/uploads\/2025\/04\/wp-header-logo-72.png",640,360,false],"1536x1536":["https:\/\/radiofenix.com.ar\/2023\/wp-content\/uploads\/2025\/04\/wp-header-logo-72.png",960,540,false],"2048x2048":["https:\/\/radiofenix.com.ar\/2023\/wp-content\/uploads\/2025\/04\/wp-header-logo-72.png",960,540,false],"newsium-slider-full":["https:\/\/radiofenix.com.ar\/2023\/wp-content\/uploads\/2025\/04\/wp-header-logo-72.png",960,540,false],"newsium-featured":["https:\/\/radiofenix.com.ar\/2023\/wp-content\/uploads\/2025\/04\/wp-header-logo-72.png",960,540,false],"newsium-medium":["https:\/\/radiofenix.com.ar\/2023\/wp-content\/uploads\/2025\/04\/wp-header-logo-72-720x475.png",720,475,true]},"author_info":{"info":[""]},"category_info":"<a href=\"https:\/\/radiofenix.com.ar\/2023\/category\/internacional\/\" rel=\"category tag\">Internacional<\/a>","tag_info":"Internacional","comment_count":"0","_links":{"self":[{"href":"https:\/\/radiofenix.com.ar\/2023\/wp-json\/wp\/v2\/posts\/198243","targetHints":{"allow":["GET"]}}],"collection":[{"href":"https:\/\/radiofenix.com.ar\/2023\/wp-json\/wp\/v2\/posts"}],"about":[{"href":"https:\/\/radiofenix.com.ar\/2023\/wp-json\/wp\/v2\/types\/post"}],"replies":[{"embeddable":true,"href":"https:\/\/radiofenix.com.ar\/2023\/wp-json\/wp\/v2\/comments?post=198243"}],"version-history":[{"count":0,"href":"https:\/\/radiofenix.com.ar\/2023\/wp-json\/wp\/v2\/posts\/198243\/revisions"}],"wp:featuredmedia":[{"embeddable":true,"href":"https:\/\/radiofenix.com.ar\/2023\/wp-json\/wp\/v2\/media\/198244"}],"wp:attachment":[{"href":"https:\/\/radiofenix.com.ar\/2023\/wp-json\/wp\/v2\/media?parent=198243"}],"wp:term":[{"taxonomy":"category","embeddable":true,"href":"https:\/\/radiofenix.com.ar\/2023\/wp-json\/wp\/v2\/categories?post=198243"},{"taxonomy":"post_tag","embeddable":true,"href":"https:\/\/radiofenix.com.ar\/2023\/wp-json\/wp\/v2\/tags?post=198243"}],"curies":[{"name":"wp","href":"https:\/\/api.w.org\/{rel}","templated":true}]}}