{"id":198245,"date":"2025-04-20T08:58:20","date_gmt":"2025-04-20T08:58:20","guid":{"rendered":"https:\/\/radiofenix.com.ar\/2023\/diputados-acelera-la-baja-de-imputabilidad-apuntan-a-menores-de-14-anos\/"},"modified":"2025-04-20T08:58:20","modified_gmt":"2025-04-20T08:58:20","slug":"diputados-acelera-la-baja-de-imputabilidad-apuntan-a-menores-de-14-anos","status":"publish","type":"post","link":"https:\/\/radiofenix.com.ar\/2023\/diputados-acelera-la-baja-de-imputabilidad-apuntan-a-menores-de-14-anos\/","title":{"rendered":"Diputados acelera la baja de imputabilidad: apuntan a menores de 14 a\u00f1os"},"content":{"rendered":"<div id=\"\">\n<p>El debate ser\u00e1 retomado el pr\u00f3ximo mi\u00e9rcoles a las 17.30 en un plenario de comisiones en Diputados, luego de haber sido postergado por la escandalosa sesi\u00f3n del criptogate. <strong>All\u00ed, los bloques de La Libertad Avanza, el PRO, la UCR y aliados buscar\u00e1n cerrar un dictamen que se base tanto en el proyecto impulsado por el Poder Ejecutivo como en otros presentados por distintos espacios pol\u00edticos.<\/strong><\/p>\n<p><strong> Aunque la iniciativa original del Gobierno propon\u00eda bajar la edad de imputabilidad a 13 a\u00f1os, hay acuerdo pol\u00edtico para fijarla en 14, con el argumento de que los j\u00f3venes que cometen delitos graves deben enfrentar consecuencias penales<\/strong>.<\/p>\n<div contenteditable=\"false\" class=\"embed_cont type_imagen\" id=\"1333358-Libre-1074176557_wrap\" style=\"opacity:1;height:auto;\">\n<p>imputabilidad-menores.jpg <span onclick=\"parent.parent.TinyMCETdcuerpo.preview_embed('1333358-Libre-1074176557')\" class=\"embed_colapse less\" id=\"1333358-Libre-1074176557_colapse\"\/>  <span onclick=\"parent.parent.TinyMCETdcuerpo.delete_embed('1333358-Libre-1074176557')\" class=\"embed_delete less\" id=\"1333358-Libre-1074176557_delete\"\/><\/p>\n<div id=\"1333358-Libre-1074176557_content\" class=\"embed_content\"><img decoding=\"async\" src=\"https:\/\/media.minutouno.com\/p\/e57a9ef3cd4b772d410ac9664bb980a7\/adjuntos\/150\/imagenes\/023\/154\/0023154787\/610x0\/smart\/el-gobierno-quiere-bajar-la-edad-imputabilidad-los-menores.jpg\" alt=\"El Gobierno quiere bajar la edad de imputabilidad de los menores \" title=\"El Gobierno quiere bajar la edad de imputabilidad de los menores \" width=\"610\" height=\"undefined\" id=\"1333358-Libre-1074176557_embed\"\/><\/div>\n<p>El Gobierno quiere bajar la edad de imputabilidad de los menores<\/p>\n<\/p><\/div>\n<p>Sin embargo, el proyecto contempla l\u00edmites como la prohibici\u00f3n de aplicar prisi\u00f3n perpetua y un m\u00e1ximo de condena de 20 a\u00f1os para menores.<\/p>\n<p>Pese al impulso del oficialismo, el proyecto despierta fuertes cuestionamientos por parte de organismos de derechos humanos y especialistas, que advierten sobre la criminalizaci\u00f3n de la juventud y la falta de pol\u00edticas de inclusi\u00f3n y contenci\u00f3n. La iniciativa se tratar\u00eda en el recinto en la primera quincena de mayo, si el oficialismo logra el respaldo suficiente.<\/p>\n<p>Diversos especialistas en infancia y derechos humanos advierten que la baja de la edad de imputabilidad refuerza un enfoque punitivista que no resuelve el problema de fondo. Se\u00f1alan que <strong>el Estado, en lugar de fortalecer pol\u00edticas p\u00fablicas de contenci\u00f3n, inclusi\u00f3n social y acceso a la educaci\u00f3n, opta por criminalizar a chicos que en su mayor\u00eda provienen de contextos de pobreza y vulnerabilidad<\/strong>.<\/p>\n<p>Alertan adem\u00e1s que el sistema penal no est\u00e1 preparado para la rehabilitaci\u00f3n de adolescentes y que la medida podr\u00eda profundizar la exclusi\u00f3n y la violencia, sin reducir efectivamente el delito ni mejorar la seguridad ciudadana.<\/p>\n<div contenteditable=\"false\" class=\"embed_cont type_freetext\" rel=\"freetext\" id=\"embed79_wrap\">\n<p> Embed <span onclick=\"parent.parent.TinyMCETdcuerpo.preview_embed('embed79')\" class=\"embed_colapse less\" id=\"embed79_colapse\"\/>  <span onclick=\"parent.parent.TinyMCETdcuerpo.delete_embed('embed79')\" class=\"embed_delete less\" id=\"embed79_delete\"\/><\/p>\n<div id=\"embed79_content\" class=\"embed_content\">\n<div id=\"embed79_embed\">\n<figure class=\"figure\"><a href=\"https:\/\/t.me\/minutounocom\" target=\"_blank\"><img decoding=\"async\" src=\"https:\/\/media.minutouno.com\/adjuntos\/150\/banners\/039\/099\/0039099175.jpg\" class=\"figure-img img-fluid\" style=\"width:100%;height:auto;\"\/><\/a><\/figure>\n<\/p><\/div>\n<\/div><\/div>\n<\/div>\n<p><a href=\"https:\/\/www.minutouno.com\/politica\/diputados-acelera-la-baja-imputabilidad-apuntan-menores-14-anos-n6135847\">source<\/a><\/p>\n","protected":false},"excerpt":{"rendered":"<p>El debate ser\u00e1 retomado el pr\u00f3ximo mi\u00e9rcoles a las 17.30 en un plenario de comisiones&#8230;<\/p>\n","protected":false},"author":0,"featured_media":198246,"comment_status":"open","ping_status":"open","sticky":false,"template":"","format":"standard","meta":{"footnotes":""},"categories":[2],"tags":[],"class_list":["post-198245","post","type-post","status-publish","format-standard","has-post-thumbnail","hentry","category-politica"],"featured_image_urls":{"full":["https:\/\/radiofenix.com.ar\/2023\/wp-content\/uploads\/2025\/04\/wp-header-logo-73.png",610,342,false],"thumbnail":["https:\/\/radiofenix.com.ar\/2023\/wp-content\/uploads\/2025\/04\/wp-header-logo-73-150x150.png",150,150,true],"medium":["https:\/\/radiofenix.com.ar\/2023\/wp-content\/uploads\/2025\/04\/wp-header-logo-73-300x168.png",300,168,true],"medium_large":["https:\/\/radiofenix.com.ar\/2023\/wp-content\/uploads\/2025\/04\/wp-header-logo-73.png",610,342,false],"large":["https:\/\/radiofenix.com.ar\/2023\/wp-content\/uploads\/2025\/04\/wp-header-logo-73.png",610,342,false],"1536x1536":["https:\/\/radiofenix.com.ar\/2023\/wp-content\/uploads\/2025\/04\/wp-header-logo-73.png",610,342,false],"2048x2048":["https:\/\/radiofenix.com.ar\/2023\/wp-content\/uploads\/2025\/04\/wp-header-logo-73.png",610,342,false],"newsium-slider-full":["https:\/\/radiofenix.com.ar\/2023\/wp-content\/uploads\/2025\/04\/wp-header-logo-73.png",610,342,false],"newsium-featured":["https:\/\/radiofenix.com.ar\/2023\/wp-content\/uploads\/2025\/04\/wp-header-logo-73.png",610,342,false],"newsium-medium":["https:\/\/radiofenix.com.ar\/2023\/wp-content\/uploads\/2025\/04\/wp-header-logo-73.png",610,342,false]},"author_info":{"info":[""]},"category_info":"<a href=\"https:\/\/radiofenix.com.ar\/2023\/category\/politica\/\" rel=\"category tag\">Pol\u00edtica<\/a>","tag_info":"Pol\u00edtica","comment_count":"0","_links":{"self":[{"href":"https:\/\/radiofenix.com.ar\/2023\/wp-json\/wp\/v2\/posts\/198245","targetHints":{"allow":["GET"]}}],"collection":[{"href":"https:\/\/radiofenix.com.ar\/2023\/wp-json\/wp\/v2\/posts"}],"about":[{"href":"https:\/\/radiofenix.com.ar\/2023\/wp-json\/wp\/v2\/types\/post"}],"replies":[{"embeddable":true,"href":"https:\/\/radiofenix.com.ar\/2023\/wp-json\/wp\/v2\/comments?post=198245"}],"version-history":[{"count":0,"href":"https:\/\/radiofenix.com.ar\/2023\/wp-json\/wp\/v2\/posts\/198245\/revisions"}],"wp:featuredmedia":[{"embeddable":true,"href":"https:\/\/radiofenix.com.ar\/2023\/wp-json\/wp\/v2\/media\/198246"}],"wp:attachment":[{"href":"https:\/\/radiofenix.com.ar\/2023\/wp-json\/wp\/v2\/media?parent=198245"}],"wp:term":[{"taxonomy":"category","embeddable":true,"href":"https:\/\/radiofenix.com.ar\/2023\/wp-json\/wp\/v2\/categories?post=198245"},{"taxonomy":"post_tag","embeddable":true,"href":"https:\/\/radiofenix.com.ar\/2023\/wp-json\/wp\/v2\/tags?post=198245"}],"curies":[{"name":"wp","href":"https:\/\/api.w.org\/{rel}","templated":true}]}}