{"id":198249,"date":"2025-04-21T08:57:23","date_gmt":"2025-04-21T08:57:23","guid":{"rendered":"https:\/\/radiofenix.com.ar\/2023\/el-ministro-caputo-viaja-a-washington-para-reunirse-con-los-duenos-de-la-pelota\/"},"modified":"2025-04-21T08:57:23","modified_gmt":"2025-04-21T08:57:23","slug":"el-ministro-caputo-viaja-a-washington-para-reunirse-con-los-duenos-de-la-pelota","status":"publish","type":"post","link":"https:\/\/radiofenix.com.ar\/2023\/el-ministro-caputo-viaja-a-washington-para-reunirse-con-los-duenos-de-la-pelota\/","title":{"rendered":"El ministro Caputo viaja a Washington para reunirse con los due\u00f1os de la pelota"},"content":{"rendered":"<div><!-- Body --><\/p>\n<p>El ministro de Econom\u00eda, <strong>Luis Caputo<\/strong>, viajar\u00e1 esta semana a Washington para asistir a las <strong>Reuniones de Primavera <\/strong>del <strong>Fondo Monetario Internacional (FMI) <\/strong>y del <strong>Banco Mundial,<\/strong> en un contexto internacional marcado por tensiones comerciales y nuevas medidas proteccionistas impulsadas por <strong>Estados Unidos<\/strong>, que generan incertidumbre en los mercados globales.<\/p>\n<p>La visita de Caputo al FMI se da luego del desembolso reciente de USD 20.000 millones por parte de los organismos multilaterales.<\/p>\n<p>Durante su estad\u00eda, Caputo mantendr\u00e1 reuniones con figuras del \u00e1mbito financiero internacional, como <strong>Kristalina Georgieva (FMI), Ajay Banga (Banco Mundial) e Ilan Goldfajn (Banco Interamericano de Desarrollo).<\/strong> El objetivo ser\u00e1 agradecer el respaldo recibido, repasar los avances del plan econ\u00f3mico argentino y analizar los desaf\u00edos de la econom\u00eda mundial.<\/p>\n<p>Caputo tambi\u00e9n participar\u00e1 en actividades del <strong>G20<\/strong>, cuya presidencia este a\u00f1o ejerce <strong>Sud\u00e1frica<\/strong>. Se espera un ambiente tenso, debido a la pol\u00edtica comercial de <strong>Estados Unidos<\/strong>, que genera resistencia entre los pa\u00edses miembros, adem\u00e1s de las relaciones poco fluidas entre <strong>Washington y Pretoria.<\/strong><\/p>\n<p>El ministro expondr\u00e1 adem\u00e1s en un encuentro privado con inversores internacionales organizado por <strong>JPMorgan<\/strong>, donde explicar\u00e1 los pilares del ajuste argentinoy los efectos que podr\u00eda tener sobre la econom\u00eda local la actual guerra arancelaria entre <strong>Estados Unidos, China y la Uni\u00f3n Europea<\/strong>.<\/p>\n<p>El equipo econ\u00f3mico estar\u00e1 integrado por <strong>Luis Bausili (presidente del Banco Central), Jos\u00e9 Luis Daza (secretario de Pol\u00edtica Econ\u00f3mica) y Pablo Quirno (secretario de Finanzas).<\/strong><\/p>\n<p><!-- Live Blog Post --><\/div>\n<p><a href=\"https:\/\/www.pagina12.com.ar\/819481-el-ministro-caputo-viaja-a-washington-para-reunirse-con-los-\">source<\/a><\/p>\n","protected":false},"excerpt":{"rendered":"<p>El ministro de Econom\u00eda, Luis Caputo, viajar\u00e1 esta semana a Washington para asistir a las&#8230;<\/p>\n","protected":false},"author":0,"featured_media":198250,"comment_status":"open","ping_status":"open","sticky":false,"template":"","format":"standard","meta":{"footnotes":""},"categories":[5],"tags":[],"class_list":["post-198249","post","type-post","status-publish","format-standard","has-post-thumbnail","hentry","category-economia"],"featured_image_urls":{"full":["https:\/\/radiofenix.com.ar\/2023\/wp-content\/uploads\/2025\/04\/wp-header-logo-75.png",960,540,false],"thumbnail":["https:\/\/radiofenix.com.ar\/2023\/wp-content\/uploads\/2025\/04\/wp-header-logo-75-150x150.png",150,150,true],"medium":["https:\/\/radiofenix.com.ar\/2023\/wp-content\/uploads\/2025\/04\/wp-header-logo-75-300x169.png",300,169,true],"medium_large":["https:\/\/radiofenix.com.ar\/2023\/wp-content\/uploads\/2025\/04\/wp-header-logo-75-768x432.png",640,360,true],"large":["https:\/\/radiofenix.com.ar\/2023\/wp-content\/uploads\/2025\/04\/wp-header-logo-75.png",640,360,false],"1536x1536":["https:\/\/radiofenix.com.ar\/2023\/wp-content\/uploads\/2025\/04\/wp-header-logo-75.png",960,540,false],"2048x2048":["https:\/\/radiofenix.com.ar\/2023\/wp-content\/uploads\/2025\/04\/wp-header-logo-75.png",960,540,false],"newsium-slider-full":["https:\/\/radiofenix.com.ar\/2023\/wp-content\/uploads\/2025\/04\/wp-header-logo-75.png",960,540,false],"newsium-featured":["https:\/\/radiofenix.com.ar\/2023\/wp-content\/uploads\/2025\/04\/wp-header-logo-75.png",960,540,false],"newsium-medium":["https:\/\/radiofenix.com.ar\/2023\/wp-content\/uploads\/2025\/04\/wp-header-logo-75-720x475.png",720,475,true]},"author_info":{"info":[""]},"category_info":"<a href=\"https:\/\/radiofenix.com.ar\/2023\/category\/economia\/\" rel=\"category tag\">Economia<\/a>","tag_info":"Economia","comment_count":"0","_links":{"self":[{"href":"https:\/\/radiofenix.com.ar\/2023\/wp-json\/wp\/v2\/posts\/198249","targetHints":{"allow":["GET"]}}],"collection":[{"href":"https:\/\/radiofenix.com.ar\/2023\/wp-json\/wp\/v2\/posts"}],"about":[{"href":"https:\/\/radiofenix.com.ar\/2023\/wp-json\/wp\/v2\/types\/post"}],"replies":[{"embeddable":true,"href":"https:\/\/radiofenix.com.ar\/2023\/wp-json\/wp\/v2\/comments?post=198249"}],"version-history":[{"count":0,"href":"https:\/\/radiofenix.com.ar\/2023\/wp-json\/wp\/v2\/posts\/198249\/revisions"}],"wp:featuredmedia":[{"embeddable":true,"href":"https:\/\/radiofenix.com.ar\/2023\/wp-json\/wp\/v2\/media\/198250"}],"wp:attachment":[{"href":"https:\/\/radiofenix.com.ar\/2023\/wp-json\/wp\/v2\/media?parent=198249"}],"wp:term":[{"taxonomy":"category","embeddable":true,"href":"https:\/\/radiofenix.com.ar\/2023\/wp-json\/wp\/v2\/categories?post=198249"},{"taxonomy":"post_tag","embeddable":true,"href":"https:\/\/radiofenix.com.ar\/2023\/wp-json\/wp\/v2\/tags?post=198249"}],"curies":[{"name":"wp","href":"https:\/\/api.w.org\/{rel}","templated":true}]}}