{"id":198255,"date":"2025-04-21T08:57:30","date_gmt":"2025-04-21T08:57:30","guid":{"rendered":"https:\/\/radiofenix.com.ar\/2023\/casi-cien-dias-de-trump-contra-el-estado-de-derecho\/"},"modified":"2025-04-21T08:57:30","modified_gmt":"2025-04-21T08:57:30","slug":"casi-cien-dias-de-trump-contra-el-estado-de-derecho","status":"publish","type":"post","link":"https:\/\/radiofenix.com.ar\/2023\/casi-cien-dias-de-trump-contra-el-estado-de-derecho\/","title":{"rendered":"Casi cien d\u00edas de Trump contra el estado de derecho"},"content":{"rendered":"<div><!-- Body --><\/p>\n<p>La <b>Uni\u00f3n Americana de Libertades Civiles<\/b> (ACLU) advirti\u00f3 este domingo que el presidente, <b>Donald Trump<\/b>, ha tra\u00eddo \u00ab<b>cosas <a href=\"https:\/\/www.pagina12.com.ar\/818524-mexico-se-prepara-para-un-aumento-de-las-deportaciones-de-es\">nunca antes vistas<\/a><\/b> en Estados Unidos\u00bb en materia de libertades civiles, en s\u00f3lo <b>tres meses<\/b> de su segundo mandato. La advertencia se da en medio de su <b>batalla legal<\/b> con la administraci\u00f3n para <b><a href=\"https:\/\/www.pagina12.com.ar\/819408-freno-judicial-a-las-deportaciones\">frenar la deportaci\u00f3n masiva<\/a><\/b> de <a href=\"https:\/\/www.pagina12.com.ar\/818217-bukele-visita-a-trump-una-alianza-contra-los-migrantes\">migrantes<\/a>, en la que la Corte Suprema intervino tras aceptar un recurso presentado por la ACLU ante la posible \u00ab<b><a href=\"https:\/\/www.pagina12.com.ar\/819418-cientificos-evitan-publicar-investigaciones-sobre-la-evoluci\">expulsi\u00f3n inminente<\/a><\/b>\u00bb de un grupo de migrantes venezolanos.<\/p>\n<p><b>Mike Zamore<\/b>, director de pol\u00edticas de la ACLU, no dud\u00f3 en calificar al gobierno de Trump como un \u00ab<b>r\u00e9gimen<\/b>\u00bb por usar t\u00e1cticas propias de gobiernos autoritarios, <b>debilitando la democracia<\/b> y socavando el estado de derecho. \u201cEn menos de cien d\u00edas, este gobierno ha impulsado una <b>vigilancia del pensamiento<\/b> y la expresi\u00f3n en el mundo acad\u00e9mico que, en algunos aspectos, recuerda al <b>macartismo<\/b>. Pero ahora afecta a capas mucho m\u00e1s amplias de la sociedad\u201d, concluy\u00f3, comparando la situaci\u00f3n con el per\u00edodo de <b>represi\u00f3n ideol\u00f3gica<\/b> en Estados Unidos, entre los a\u00f1os 40 y 50, bajo el miedo al comunismo.<\/p>\n<p>Sin nombrar directamente a la Corte Suprema,<b> Trump arremeti\u00f3 este domingo contra \u00abjueces y agentes de la ley<\/b> <b>d\u00e9biles e ineficaces<\/b> que permiten que contin\u00fae este siniestro ataque contra nuestra Naci\u00f3n, un ataque tan violento que jam\u00e1s ser\u00e1 olvidado\u00bb en un cr\u00edptico mensaje pascal. \u201c<b>Felices Pascuas a los lun\u00e1ticos de la izquierda radical<\/b> que conspiran para traer de vuelta a asesinos, narcotraficantes, presos peligrosos, enfermos mentales, pandilleros conocidos y maltratadores de esposas\u201d, expres\u00f3 Trump en su red, Truth Social.<\/p>\n<div class=\"iframely-embed medium-embedded-content\" data-html=\"Jmx0O2RpdiBjbGFzcz0iaWZyYW1lbHktZW1iZWQiJmd0OyZsdDtkaXYgY2xhc3M9ImlmcmFtZWx5LXJlc3BvbnNpdmUiIHN0eWxlPSJwYWRkaW5nLWJvdHRvbTogMTAwJTsiJmd0OyZsdDthIGhyZWY9Imh0dHBzOi8vdHJ1dGhzb2NpYWwuY29tL0ByZWFsRG9uYWxkVHJ1bXAvMTE0MzcwMzYxMzQyNzU5NjIxIiBkYXRhLWlmcmFtZWx5LXVybD0iaHR0cHM6Ly9pZnJhbWVseS5wYWdpbmExMi5jb20uYXIvYXBpL2lmcmFtZT91cmw9aHR0cHMlM0ElMkYlMkZ0cnV0aHNvY2lhbC5jb20lMkYlNDByZWFsRG9uYWxkVHJ1bXAlMkZwb3N0cyUyRjExNDM3MDM2MTM0Mjc1OTYyMSZhbXA7a2V5PTQ2NzZiNWZkYzA4MzI1N2VhODdmNzE2MDhjNzRlOWZlIiZndDsmbHQ7L2EmZ3Q7Jmx0Oy9kaXYmZ3Q7Jmx0Oy9kaXYmZ3Q7Jmx0O3NjcmlwdCBhc3luYyBzcmM9Imh0dHBzOi8vaWZyYW1lbHkucGFnaW5hMTIuY29tLmFyL2VtYmVkLmpzIiBjaGFyc2V0PSJ1dGYtOCImZ3Q7Jmx0Oy9zY3JpcHQmZ3Q7Jmx0O2RpdiBjbGFzcz0ibWVkaXVtLWluc2VydC1lbWJlZHMtbWV0YSImZ3Q7Jmx0O3NjcmlwdCB0eXBlPSJ0ZXh0L2pzb24iJmd0O3sidXJsIjoiaHR0cHM6Ly90cnV0aHNvY2lhbC5jb20vQHJlYWxEb25hbGRUcnVtcC8xMTQzNzAzNjEzNDI3NTk2MjEiLCJ0eXBlIjoicmljaCIsInZlcnNpb24iOiIxLjAiLCJ0aXRsZSI6IkRvbmFsZCBKLiBUcnVtcCAoQHJlYWxEb25hbGRUcnVtcCkiLCJwcm92aWRlcl9uYW1lIjoiVHJ1dGggU29jaWFsIiwiZGVzY3JpcHRpb24iOiJIYXBweSBFYXN0ZXIgdG8gYWxsLCBpbmNsdWRpbmcgdGhlIFJhZGljYWwgTGVmdCBMdW5hdGljcyB3aG8gYXJlIGZpZ2h0aW5nIGFuZCBzY2hlbWluZyBzbyBoYXJkIHRvIGJyaW5nIE11cmRlcmVycywgRHJ1ZyBMb3JkcywgRGFuZ2Vyb3VzIFByaXNvbmVycywgdGhlIE1lbnRhbGx5IEluc2FuZSwgYW5kIHdlbGwga25vd24gTVMtMTMgR2FuZyBNZW1iZXJzIGFuZCBXaWZlIEJlYXRlcnMsIGJhY2sgaW50byBvdXIgQ291bnRyeS4gSGFwcHkgRWFzdGVyIGFsc28gdG8gdGhlIFdFQUsgYW5kIElORUZGRUNUSVZFIEp1ZGdlcyBhbmQgTGF3IEVuZm9yY2VtZW50IE9mZmljaWFscyB3aG8gYXJlIGFsbG93aW5nIHRoaXMgc2luaXN0ZXIgYXR0YWNrIG9uIG91ciBOYXRpb24gdG8gY29udGludWUsIGFuIGF0dGFjayBzbyB2aW9sZW50IHRoYXQgaXQgd2lsbCBuZXZlciBiZSBmb3Jnb3R0ZW4hIFNsZWVweSBKb2UgQmlkZW4gcHVycG9zZWZ1bGx5IGFsbG93ZWQgTWlsbGlvbnMgb2YgQ1JJTUlOQUxTIHRvIGVudGVyIG91ciBDb3VudHJ5LCB0b3RhbGx5IHVudmV0dGVkIGFuZCB1bmNoZWNrZWQsIHRocm91Z2ggYW4gT3BlbiBCb3JkZXJzIFBvbGljeSB0aGF0IHdpbGwgZ28gZG93biBpbiBoaXN0b3J5IGFzIHRoZSBzaW5nbGUgbW9zdCBjYWxhbWl0b3VzIGFjdCBldmVyIHBlcnBldHJhdGVkIHVwb24gQW1lcmljYS4gSGUgd2FzLCBieSBmYXIsIG91ciBXT1JTVCBhbmQgbW9zdCBJbmNvbXBldGVudCBQcmVzaWRlbnQsIGEgbWFuIHdobyBoYWQgYWJzb2x1dGVseSBubyBpZGVhIHdoYXQgaGUgd2FzIGRvaW5nIC0tIEJ1dCB0byBoaW0sIGFuZCB0byB0aGUgcGVyc29uIHRoYXQgcmFuIGFuZCBtYW5pcHVsYXRlZCB0aGUgQXV0byBQZW4gKHBlcmhhcHMgb3VyIFJFQUwgUHJlc2lkZW50ISksIGFuZCB0byBhbGwgb2YgdGhlIHBlb3BsZSB3aG8gQ0hFQVRFRCBpbiB0aGUgMjAyMCBQcmVzaWRlbnRpYWwgRWxlY3Rpb24gaW4gb3JkZXIgdG8gZ2V0IHRoaXMgaGlnaGx5IGRlc3RydWN0aXZlIE1vcm9uIEVsZWN0ZWQsIEkgd2lzaCB5b3UsIHdpdGggZ3JlYXQgbG92ZSwgc2luY2VyaXR5LCBhbmQgYWZmZWN0aW9uLCBhIHZlcnkgSGFwcHkgRWFzdGVyISEhIiwidGh1bWJuYWlsX3VybCI6Imh0dHBzOi8vc3RhdGljLWFzc2V0cy0xLnRydXRoc29jaWFsLmNvbS90bXRnOnByaW1lLXRzLWFzc2V0cy9hY2NvdW50cy9hdmF0YXJzLzEwNy83ODAvMjU3LzYyNi8xMjgvNDk3L29yaWdpbmFsLzQ1NDI4NmFjMDdhNmY2ZTYuanBlZyIsInRodW1ibmFpbF93aWR0aCI6NDAwLCJ0aHVtYm5haWxfaGVpZ2h0Ijo0MDAsImNhY2hlX2FnZSI6ODY0MDB9Jmx0Oy9zY3JpcHQmZ3Q7Jmx0Oy9kaXYmZ3Q7\">\n                <a data-iframely-url=\"\" href=\"https:\/\/truthsocial.com\/@realDonaldTrump\/114370361342759621\">https:\/\/truthsocial.com\/@realDonaldTrump\/114370361342759621<\/a>\n              <\/div>\n<p>El s\u00e1bado, el m\u00e1ximo tribunal <b>suspendi\u00f3 <\/b>una orden del presidente que dispon\u00eda deportar a <b>supuestos pandilleros<\/b> venezolanos detenidos en <b>Texas <\/b>a una prisi\u00f3n de m\u00e1xima seguridad en El Salvador, en virtud de una antigua ley del siglo XVIII. La intervenci\u00f3n se produjo tras el recurso urgente presentado por la ACLU.<\/p>\n<p>En su petici\u00f3n, presentada el viernes por la noche, la organizaci\u00f3n denunci\u00f3 que los detenidos fueron informados de que ser\u00edan expulsados de manera inminente bajo esa ley. \u00ab<b>Estos hombres estaban en peligro real de pasar el resto de sus vidas en una c\u00e1rcel extranjera horrible, sin haber tenido la oportunidad de comparecer ante un tribunal<\/b>. Nos alivia que la Corte Suprema haya impedido que el gobierno se los lleve, como ya hizo con otros el mes pasado\u00bb, sostuvo el abogado de la ACLU,<b> Lee Gelernt<\/b>.<\/p>\n<h2>Ofensiva contra los migrantes<\/h2>\n<p>En marzo, Trump hab\u00eda invocado la <b>Ley de Enemigos Extranjeros<\/b> de 1798 para detener y deportar a presuntos integrantes del <b>Tren de Aragua<\/b>, una banda criminal venezolana. Hasta ahora, la ley hab\u00eda sido utilizada s\u00f3lo en contextos de guerra, como durante el conflicto con el Imperio brit\u00e1nico en 1812 y en las dos guerras mundiales.<\/p>\n<p>En el recurso, la ACLU argument\u00f3 que la notificaci\u00f3n de una \u00abexpulsi\u00f3n inminente\u00bb en virtud de esa ley podr\u00eda tener <b>consecuencias graves<\/b>. \u00abLa terminaci\u00f3n unilateral e ilegal por parte del gobierno podr\u00eda traer consecuencias graves (&#8230;) los afectados <b>pierden su estatus migratorio legal<\/b>, enfrentando <b>detenci\u00f3n <\/b>y <b>deportaci\u00f3n<\/b>, adem\u00e1s de afrontar dificultades financieras y acad\u00e9micas severas\u00bb, argument\u00f3 el organismo en la causa, presentada en <b>Nueva Hampshire<\/b>.<\/p>\n<p>En respuesta, la Corte Suprema orden\u00f3 que el Gobierno \u00ab<b>no podr\u00e1 expulsar<\/b> de Estados Unidos a ning\u00fan integrante de esta supuesta clase de detenidos <b>hasta nueva instrucci\u00f3n<\/b> de esta corte\u00bb.<\/p>\n<p>La semana pasada, el mismo tribunal orden\u00f3 al Ejecutivo \u00abfacilitar\u00bb el regreso de un migrante salvadore\u00f1o, <b>Kilmar \u00c1brego Garc\u00eda<\/b>, deportado \u00abpor error\u00bb en marzo y encarcelado bajo la misma normativa.<\/p>\n<p>\u00c1brego contaba con <b>protecci\u00f3n legal<\/b> desde 2019, cuando un juez determin\u00f3 que su vida corr\u00eda peligro si era devuelto a <b>El Salvador<\/b>. A pesar de ello, fue enviado a una prisi\u00f3n de m\u00e1xima seguridad, junto a otros <b>288 migrantes<\/b> deportados por orden de Trump, todos acusados de pertenecer a organizaciones criminales, pero <b>sin haber pasado por juicio<\/b>.<\/p>\n<p>El gobierno estadounidense admiti\u00f3 que la expulsi\u00f3n de \u00c1brego fue un \u201c<b>error administrativo<\/b>\u201d, aunque Trump sostiene que se trata de un <b>miembro de pandillas<\/b>. El viernes, incluso public\u00f3 en redes sociales una imagen manipulada donde se muestra un tatuaje con simbolog\u00eda de pandillas en sus nudillos. Su asesor migratorio, <b>Stephen Miller<\/b>, desestim\u00f3 el caso calific\u00e1ndolo como \u201cuna estafa medi\u00e1tica\u201d.<\/p>\n<div class=\"iframely-embed medium-embedded-content\" data-html=\"Jmx0O2RpdiBjbGFzcz0iaWZyYW1lbHktZW1iZWQiJmd0OyZsdDtkaXYgY2xhc3M9ImlmcmFtZWx5LXJlc3BvbnNpdmUiIHN0eWxlPSJwYWRkaW5nLWJvdHRvbTogMTAwJTsiJmd0OyZsdDthIGhyZWY9Imh0dHBzOi8vdHJ1dGhzb2NpYWwuY29tL0ByZWFsRG9uYWxkVHJ1bXAvcG9zdHMvMTE0MzYxMjExOTE5Njk0NTczIiBkYXRhLWlmcmFtZWx5LXVybD0iaHR0cHM6Ly9pZnJhbWVseS5wYWdpbmExMi5jb20uYXIvYXBpL2lmcmFtZT91cmw9aHR0cHMlM0ElMkYlMkZ0cnV0aHNvY2lhbC5jb20lMkYlNDByZWFsRG9uYWxkVHJ1bXAlMkZwb3N0cyUyRjExNDM2MTIxMTkxOTY5NDU3MyZhbXA7a2V5PTQ2NzZiNWZkYzA4MzI1N2VhODdmNzE2MDhjNzRlOWZlIiZndDsmbHQ7L2EmZ3Q7Jmx0Oy9kaXYmZ3Q7Jmx0Oy9kaXYmZ3Q7Jmx0O3NjcmlwdCBhc3luYyBzcmM9Imh0dHBzOi8vaWZyYW1lbHkucGFnaW5hMTIuY29tLmFyL2VtYmVkLmpzIiBjaGFyc2V0PSJ1dGYtOCImZ3Q7Jmx0Oy9zY3JpcHQmZ3Q7Jmx0O2RpdiBjbGFzcz0ibWVkaXVtLWluc2VydC1lbWJlZHMtbWV0YSImZ3Q7Jmx0O3NjcmlwdCB0eXBlPSJ0ZXh0L2pzb24iJmd0O3sidXJsIjoiaHR0cHM6Ly90cnV0aHNvY2lhbC5jb20vQHJlYWxEb25hbGRUcnVtcC9wb3N0cy8xMTQzNjEyMTE5MTk2OTQ1NzMiLCJ0eXBlIjoicmljaCIsInZlcnNpb24iOiIxLjAiLCJ0aXRsZSI6IlRydXRoIFNvY2lhbCIsInByb3ZpZGVyX25hbWUiOiJUcnV0aCBTb2NpYWwiLCJkZXNjcmlwdGlvbiI6IlRydXRoIFNvY2lhbCBpcyBBbWVyaWNhJ3MgXCJCaWcgVGVudFwiIHNvY2lhbCBtZWRpYSBwbGF0Zm9ybSB0aGF0IGVuY291cmFnZXMgYW4gb3BlbiwgZnJlZSwgYW5kIGhvbmVzdCBnbG9iYWwgY29udmVyc2F0aW9uIHdpdGhvdXQgZGlzY3JpbWluYXRpbmcgb24gdGhlIGJhc2lzIG9mIHBvbGl0aWNhbCBpZGVvbG9neS4iLCJ0aHVtYm5haWxfdXJsIjoiaHR0cHM6Ly9zdGF0aWMtYXNzZXRzLTEudHJ1dGhzb2NpYWwuY29tL3RtdGc6cHJpbWUtdHMtYXNzZXRzL3NpdGVfdXBsb2Fkcy9maWxlcy8wMDAvMDAwLzAzNS9vcmlnaW5hbC9UcnV0aF9Tb2NpYWxfUHJvZmlsZV9JY29uLnBuZyIsInRodW1ibmFpbF93aWR0aCI6NTEyLCJ0aHVtYm5haWxfaGVpZ2h0Ijo1MTIsImNhY2hlX2FnZSI6ODY0MDB9Jmx0Oy9zY3JpcHQmZ3Q7Jmx0Oy9kaXYmZ3Q7\">\n                <a data-iframely-url=\"\" href=\"https:\/\/truthsocial.com\/@realDonaldTrump\/posts\/114361211919694573\">https:\/\/truthsocial.com\/@realDonaldTrump\/posts\/114361211919694573<\/a>\n              <\/div>\n<h2>Cr\u00edticas y respaldo<\/h2>\n<p>Un juez conservador de la Corte <b>cuestion\u00f3 la decisi\u00f3n<\/b> del tribunal de frenar las deportaciones, calificando la medida como \u00ab<b>precipitada y jur\u00eddicamente cuestionable<\/b>\u00ab. <\/p>\n<p>Los republicanos <b>Samuel Alito<\/b> y <b>Clarence Thomas<\/b> fueron los \u00fanicos que <b>votaron en contra de la mayor\u00eda<\/b>. \u00abLiteralmente en plena madrugada, la Corte emiti\u00f3 una medida sin escuchar a la otra parte en las ocho horas siguientes  al presentaci\u00f3n del recurso\u00bb, escribi\u00f3 Alito, quien tambi\u00e9n critic\u00f3 el \u00ab<b>alivio sin precedentes<\/b>\u00bb otorgado sin apelar a cortes inferiores.<\/p>\n<div class=\"iframely-embed medium-embedded-content\" data-html=\"Jmx0O2Jsb2NrcXVvdGUgY2xhc3M9InR3aXR0ZXItdHdlZXQiIGRhdGEtZG50PSJ0cnVlIiBhbGlnbj0iY2VudGVyIiZndDsmbHQ7cCBsYW5nPSJlcyIgZGlyPSJsdHIiJmd0O0xhIG9waW5pw7NuIGNvbnRyYXJpYSBkZWwganVleiBkZWwgU3VwcmVtbyBTYW11ZWwgQWxpdG8gIHZlICZhbXA7cXVvdDtjdWVzdGlvbmFibGUmYW1wO3F1b3Q7IGxhIHN1c3BlbnNpw7NuIGRlIGxhcyBleHB1bHNpb25lcyBkZSBUcnVtcCAmbHQ7YSBocmVmPSJodHRwczovL3QuY28vZ3BTZHpiZU9VVCImZ3Q7aHR0cHM6Ly90LmNvL2dwU2R6YmVPVVQmbHQ7L2EmZ3Q7Jmx0Oy9wJmd0OyZhbXA7bWRhc2g7IEV1cm9wYSBQcmVzcyAoQGV1cm9wYXByZXNzKSAmbHQ7YSBocmVmPSJodHRwczovL3R3aXR0ZXIuY29tL2V1cm9wYXByZXNzL3N0YXR1cy8xOTEzOTg0NDQ5NzkzOTk1MDYxP3JlZl9zcmM9dHdzcmMlNUV0ZnciJmd0O0FwcmlsIDIwLCAyMDI1Jmx0Oy9hJmd0OyZsdDsvYmxvY2txdW90ZSZndDsKJmx0O3NjcmlwdCBhc3luYyBzcmM9Imh0dHBzOi8vcGxhdGZvcm0udHdpdHRlci5jb20vd2lkZ2V0cy5qcyIgY2hhcnNldD0idXRmLTgiJmd0OyZsdDsvc2NyaXB0Jmd0OwoKJmx0O2RpdiBjbGFzcz0ibWVkaXVtLWluc2VydC1lbWJlZHMtbWV0YSImZ3Q7Jmx0O3NjcmlwdCB0eXBlPSJ0ZXh0L2pzb24iJmd0O3sidXJsIjoiaHR0cHM6Ly90d2l0dGVyLmNvbS9ldXJvcGFwcmVzcy9zdGF0dXMvMTkxMzk4NDQ0OTc5Mzk5NTA2MSIsInR5cGUiOiJyaWNoIiwidmVyc2lvbiI6IjEuMCIsInRpdGxlIjoiRXVyb3BhIFByZXNzIG9uIFR3aXR0ZXIgLyBYIiwiYXV0aG9yIjoiRXVyb3BhIFByZXNzIiwiYXV0aG9yX3VybCI6Imh0dHBzOi8vdHdpdHRlci5jb20vZXVyb3BhcHJlc3MiLCJwcm92aWRlcl9uYW1lIjoiVHdpdHRlciIsImRlc2NyaXB0aW9uIjoiTGEgb3BpbmnDs24gY29udHJhcmlhIGRlbCBqdWV6IGRlbCBTdXByZW1vIFNhbXVlbCBBbGl0byAgdmUgXCJjdWVzdGlvbmFibGVcIiBsYSBzdXNwZW5zacOzbiBkZSBsYXMgZXhwdWxzaW9uZXMgZGUgVHJ1bXAgaHR0cHM6Ly90LmNvL2dwU2R6YmVPVVTigJQgRXVyb3BhIFByZXNzIChAZXVyb3BhcHJlc3MpIEFwcmlsIDIwLCAyMDI1XG5cblxuIiwiY2FjaGVfYWdlIjo4NjQwMCwib3B0aW9ucyI6eyJfaGlkZV9tZWRpYSI6eyJsYWJlbCI6IkhpZGUgcGhvdG9zLCB2aWRlb3MsIGFuZCBjYXJkcyIsInZhbHVlIjpmYWxzZX0sIl90aGVtZSI6eyJ2YWx1ZSI6IiIsInZhbHVlcyI6eyJkYXJrIjoiVXNlIGRhcmsgdGhlbWUifX0sIl9tYXh3aWR0aCI6eyJ2YWx1ZSI6IiIsImxhYmVsIjoiQWRqdXN0IHdpZHRoIiwicGxhY2Vob2xkZXIiOiIyMjAtNTUwLCBpbiBweCJ9fX0mbHQ7L3NjcmlwdCZndDsmbHQ7L2RpdiZndDs=\">\n                <a data-iframely-url=\"\" href=\"https:\/\/twitter.com\/europapress\/status\/1913984449793995061\">https:\/\/twitter.com\/europapress\/status\/1913984449793995061<\/a>\n              <\/div>\n<p>Por el contrario, el senador dem\u00f3crata por <b>Maryland<\/b>, <b>Chris Van Hollen<\/b>, acus\u00f3 a Trump de provocar una crisis constitucional al ignorar las \u00f3rdenes judiciales. En una entrevista con <i>NBC<\/i>, el representante del Estado en el que fue deportado \u00c1brego se\u00f1al\u00f3 que el Gobierno \u00abest\u00e1 desobedeciendo a los tribunales en este mismo momento\u00bb al no facilitar su retorno.<\/p>\n<p>El senador tambi\u00e9n rechaz\u00f3 las acusaciones de que \u00c1brego pertenezca a la MS-13: \u201c<b>Si tienen pruebas, que las presenten en el tribunal<\/b>. As\u00ed se litigan estas cosas. Si no, que se callen en redes sociales\u201d.<\/p>\n<p>La senadora por <b>Minnesota<\/b>, la dem\u00f3crata\u00a0<b>Amy Klobuchar<\/b>, tambi\u00e9n critic\u00f3 al mandatario: \u201cEligieron este caso y a este hombre porque <b>buscan titulares<\/b>. Es m\u00e1s c\u00ednico que simplemente desobedecer al tribunal: <b>lo hacen para distraer de la crisis econ\u00f3mica que ellos mismos provocaron<\/b>\u201d.<\/p>\n<p><!-- Live Blog Post --><\/div>\n<p><script async src=\"\/\/platform.twitter.com\/widgets.js\" charset=\"utf-8\"><\/script><br \/><a href=\"https:\/\/www.pagina12.com.ar\/819513-casi-cien-dias-de-trump-contra-el-estado-de-derecho\">source<\/a><\/p>\n","protected":false},"excerpt":{"rendered":"<p>La Uni\u00f3n Americana de Libertades Civiles (ACLU) advirti\u00f3 este domingo que el presidente, Donald Trump,&#8230;<\/p>\n","protected":false},"author":0,"featured_media":198256,"comment_status":"open","ping_status":"open","sticky":false,"template":"","format":"standard","meta":{"footnotes":""},"categories":[60],"tags":[],"class_list":["post-198255","post","type-post","status-publish","format-standard","has-post-thumbnail","hentry","category-internacional"],"featured_image_urls":{"full":["https:\/\/radiofenix.com.ar\/2023\/wp-content\/uploads\/2025\/04\/wp-header-logo-78.png",960,540,false],"thumbnail":["https:\/\/radiofenix.com.ar\/2023\/wp-content\/uploads\/2025\/04\/wp-header-logo-78-150x150.png",150,150,true],"medium":["https:\/\/radiofenix.com.ar\/2023\/wp-content\/uploads\/2025\/04\/wp-header-logo-78-300x169.png",300,169,true],"medium_large":["https:\/\/radiofenix.com.ar\/2023\/wp-content\/uploads\/2025\/04\/wp-header-logo-78-768x432.png",640,360,true],"large":["https:\/\/radiofenix.com.ar\/2023\/wp-content\/uploads\/2025\/04\/wp-header-logo-78.png",640,360,false],"1536x1536":["https:\/\/radiofenix.com.ar\/2023\/wp-content\/uploads\/2025\/04\/wp-header-logo-78.png",960,540,false],"2048x2048":["https:\/\/radiofenix.com.ar\/2023\/wp-content\/uploads\/2025\/04\/wp-header-logo-78.png",960,540,false],"newsium-slider-full":["https:\/\/radiofenix.com.ar\/2023\/wp-content\/uploads\/2025\/04\/wp-header-logo-78.png",960,540,false],"newsium-featured":["https:\/\/radiofenix.com.ar\/2023\/wp-content\/uploads\/2025\/04\/wp-header-logo-78.png",960,540,false],"newsium-medium":["https:\/\/radiofenix.com.ar\/2023\/wp-content\/uploads\/2025\/04\/wp-header-logo-78-720x475.png",720,475,true]},"author_info":{"info":[""]},"category_info":"<a href=\"https:\/\/radiofenix.com.ar\/2023\/category\/internacional\/\" rel=\"category tag\">Internacional<\/a>","tag_info":"Internacional","comment_count":"0","_links":{"self":[{"href":"https:\/\/radiofenix.com.ar\/2023\/wp-json\/wp\/v2\/posts\/198255","targetHints":{"allow":["GET"]}}],"collection":[{"href":"https:\/\/radiofenix.com.ar\/2023\/wp-json\/wp\/v2\/posts"}],"about":[{"href":"https:\/\/radiofenix.com.ar\/2023\/wp-json\/wp\/v2\/types\/post"}],"replies":[{"embeddable":true,"href":"https:\/\/radiofenix.com.ar\/2023\/wp-json\/wp\/v2\/comments?post=198255"}],"version-history":[{"count":0,"href":"https:\/\/radiofenix.com.ar\/2023\/wp-json\/wp\/v2\/posts\/198255\/revisions"}],"wp:featuredmedia":[{"embeddable":true,"href":"https:\/\/radiofenix.com.ar\/2023\/wp-json\/wp\/v2\/media\/198256"}],"wp:attachment":[{"href":"https:\/\/radiofenix.com.ar\/2023\/wp-json\/wp\/v2\/media?parent=198255"}],"wp:term":[{"taxonomy":"category","embeddable":true,"href":"https:\/\/radiofenix.com.ar\/2023\/wp-json\/wp\/v2\/categories?post=198255"},{"taxonomy":"post_tag","embeddable":true,"href":"https:\/\/radiofenix.com.ar\/2023\/wp-json\/wp\/v2\/tags?post=198255"}],"curies":[{"name":"wp","href":"https:\/\/api.w.org\/{rel}","templated":true}]}}