{"id":198367,"date":"2025-05-01T08:58:14","date_gmt":"2025-05-01T08:58:14","guid":{"rendered":"https:\/\/radiofenix.com.ar\/2023\/colapinto-debuta-con-alpine-en-formula-1\/"},"modified":"2025-05-01T08:58:14","modified_gmt":"2025-05-01T08:58:14","slug":"colapinto-debuta-con-alpine-en-formula-1","status":"publish","type":"post","link":"https:\/\/radiofenix.com.ar\/2023\/colapinto-debuta-con-alpine-en-formula-1\/","title":{"rendered":"\u00bfColapinto debuta con Alpine en F\u00f3rmula 1?"},"content":{"rendered":"<div><!-- Body --><\/p>\n<p>En el final de una entrevista televisiva a <b>Horacio Mar\u00edn<\/b>, presidente de <b><a href=\"https:\/\/www.pagina12.com.ar\/822063-ypf-reducira-en-4-sus-precios-en-el-surtidor\">YPF<\/a><\/b>, uno de los <b>auspiciantes de <a href=\"https:\/\/www.pagina12.com.ar\/820698-colapinto-no-viajara-a-miami-y-seguira-trabajando-en-el-simu\">Franco Colapinto<\/a><\/b>, se le escap\u00f3 d\u00f3nde supuestamente el piloto argentino de <b>F\u00f3rmula 1<\/b> debutar\u00eda con <b><a href=\"https:\/\/www.pagina12.com.ar\/820177-formula-1-la-millonaria-suma-que-perdio-alpine-desde-el-inic\">Alpine<\/a><\/b>. <b>\u00abEn Imola\u00bb<\/b>, dijo pensando que los micr\u00f3fonos ya estaban apagados. A las pocas horas el funcionario desminti\u00f3 tener\u00a0 informaci\u00f3n: \u00abLo que digo es que espero que corra en Imola\u00bb.<\/p>\n<h3\/>\n<p>\u00abLo que digo es que espero que corra en Imola. Y si llega a pasar, me va a llamar. <b>\u00bfC\u00f3mo voy a tener el dato si yo soy el presidente de YPF, no el representante de Colapinto?<\/b> Tengo una relaci\u00f3n extraordinaria con \u00e9l, pero no estoy hablando todo el d\u00eda\u00bb, aclar\u00f3 Horacio Mar\u00edn, presidente de YPF, en declaraciones posteriores a <i>LN+<\/i>.<\/p>\n<h2>Colapinto en Miami<\/h2>\n<p>Es en ese marco que el argentino se subi\u00f3 nuevamente al simulador y explic\u00f3 c\u00f3mo se maneja en el GP de Miami. \u201c<b>Hola chicos, Franco de nuevo por ac\u00e1. Estamos en Miami este fin de semana. Vamos a dar una vuelta a esta pista, una de las m\u00e1s nuevas del calendario. Es un gran lugar para correr\u201d<\/b>, se le oye decir a Colapinto en un video que comparti\u00f3 Alpine en sus redes sociales.\u00a0<\/p>\n<div class=\"iframely-embed medium-embedded-content\" data-html=\"Jmx0O2RpdiZndDsmbHQ7ZGl2IHN0eWxlPSJsZWZ0OiAwOyB3aWR0aDogMTAwJTsgaGVpZ2h0OiAwOyBwb3NpdGlvbjogcmVsYXRpdmU7IHBhZGRpbmctYm90dG9tOiA1Ni4wNDE3JTsiJmd0OyZsdDtpZnJhbWUgc3JjPSJodHRwczovL2lmcmFtZWx5LnBhZ2luYTEyLmNvbS5hci9hcGkvaWZyYW1lP2NsaWNrX3RvX3BsYXk9MSZhbXA7dXJsPWh0dHBzJTNBJTJGJTJGZ2VvLmRhaWx5bW90aW9uLmNvbSUyRnBsYXllciUyRnh0NWVlLmh0bWwlM0Z2aWRlbyUzRHg5aXJzcWsmYW1wO2tleT00Njc2YjVmZGMwODMyNTdlYTg3ZjcxNjA4Yzc0ZTlmZSIgc3R5bGU9InRvcDogMDsgbGVmdDogMDsgd2lkdGg6IDEwMCU7IGhlaWdodDogMTAwJTsgcG9zaXRpb246IGFic29sdXRlOyBib3JkZXI6IDA7IiBhbGxvd2Z1bGxzY3JlZW4gc2Nyb2xsaW5nPSJubyIgYWxsb3c9ImVuY3J5cHRlZC1tZWRpYSAqOyImZ3Q7Jmx0Oy9pZnJhbWUmZ3Q7Jmx0Oy9kaXYmZ3Q7Jmx0Oy9kaXYmZ3Q7Jmx0O2RpdiBjbGFzcz0ibWVkaXVtLWluc2VydC1lbWJlZHMtbWV0YSImZ3Q7Jmx0O3NjcmlwdCB0eXBlPSJ0ZXh0L2pzb24iJmd0O3sidXJsIjoiaHR0cHM6Ly9nZW8uZGFpbHltb3Rpb24uY29tL3BsYXllci94dDVlZS5odG1sP3ZpZGVvPXg5aXJzcWsiLCJ0eXBlIjoidmlkZW8iLCJ2ZXJzaW9uIjoiMS4wIiwidGl0bGUiOiJGcmFuY28gQ29sYXBpbnRvIHNlIHZvbHZpw7MgYSBzdWJpciBhbCBzaW11bGFkb3IgZGUgQWxwaW5lIiwiYXV0aG9yIjoiUMOhZ2luYTEyIiwiYXV0aG9yX3VybCI6Imh0dHBzOi8vd3d3LmRhaWx5bW90aW9uLmNvbS9QYWdpbmExMiIsInByb3ZpZGVyX25hbWUiOiJEYWlseW1vdGlvbiIsImRlc2NyaXB0aW9uIjoiVmVyIEZyYW5jbyBDb2xhcGludG8gc2Ugdm9sdmnDsyBhIHN1YmlyIGFsIHNpbXVsYWRvciBkZSBBbHBpbmUgLSBQw6FnaW5hMTIgZW4gRGFpbHltb3Rpb24iLCJ0aHVtYm5haWxfdXJsIjoiaHR0cHM6Ly9zMi5kbWNkbi5uZXQvdi9ZS0UweTFlNFlHeDJ3djZwaS94NzIwIiwidGh1bWJuYWlsX3dpZHRoIjoxMjgwLCJ0aHVtYm5haWxfaGVpZ2h0Ijo3MjAsImNhY2hlX2FnZSI6ODY0MDB9Jmx0Oy9zY3JpcHQmZ3Q7Jmx0Oy9kaXYmZ3Q7\">\n                <a data-iframely-url=\"\" href=\"https:\/\/geo.dailymotion.com\/player\/xt5ee.html?video=x9irsqk\">https:\/\/geo.dailymotion.com\/player\/xt5ee.html?video=x9irsqk<\/a>\n              <\/div>\n<p>A continuaci\u00f3n, el oriundo de Pilar realiza la simulaci\u00f3n, detallando parte por parte las dificultades que la pista del\u00a0Aut\u00f3dromo Internacional de Miami presenta y las mejores maneras de sortearlas. <b>Colapinto no viaj\u00f3 a Estados Unidos\u00a0<\/b>y se qued\u00f3 en la f\u00e1brica de la escuder\u00eda para justamente ensayar en el simulador<\/p>\n<p>Es que este fin de semana se corre el GP de Miami, aunque en su \u00abpresunci\u00f3n\u00bb Mar\u00edn hizo referencia al <b>GP de Emilia-Romagna<\/b>, en Italia. <b>Esa carrera ser\u00e1 el domingo 20 de mayo en el\u00a0Autodromo Enzo e Dino Ferrari<\/b>.<\/p>\n<h2>Alpine en 2025: \u00bfsale Doohan y entra Colapinto?<\/h2>\n<p><b>Alpine <\/b>suma apenas 6 puntos y est\u00e1 en el fondo de la tabla del <b>Campeonato de Constructores<\/b> junto a Sauber. Esas unidades las consigui\u00f3 el franc\u00e9s <b>Pierre Gasly<\/b> en <b>B\u00e1hrein<\/b>, mientras que <b>Jack Doohan <\/b>es uno de los cuatro pilotos que no ha sumado puntos en lo que va de la temporada. El pobre rendimiento del australiano ya ven\u00eda haciendo crecer los rumores de un cambio de piloto de cara a \u00cdmola, los cuales se acrecentaron con los dichos de Mar\u00edn.<\/p>\n<h2>Gran Premio de Miami de F\u00f3rmula 1: d\u00edas, horarios y c\u00f3mo ver desde Argentina<\/h2>\n<h3>Viernes 2 de mayo<\/h3>\n<ul>\n<li><b>Pr\u00e1ctica Libre 1<\/b>\u00a0| 13:30\u00a0<\/li>\n<li><b>Clasificaci\u00f3n Sprint<\/b>\u00a0| 17.30\u00a0<\/li>\n<\/ul>\n<h3>S\u00e1bado 3 de mayo<\/h3>\n<ul>\n<li><b>Carrera Sprint\u00a0<\/b>| 13.00\u00a0<\/li>\n<li><b>Clasificaci\u00f3n <\/b>|<b>\u00a0<\/b>17.00\u00a0<\/li>\n<\/ul>\n<h3>Domingo 4 de mayo<\/h3>\n<p><b>TV<\/b>: <i>Disney+<\/i> y <i>Fox Sports<\/i>\u00a0\/ <i>F1TV <\/i>(plataforma oficial).<\/p>\n<p>Las se\u00f1ales televisivas se pueden sintonizar mediante plataformas de streaming como <b>DGO, Flow y Telecentro Play<\/b>, entre otras.<\/p>\n<h3>Segu\u00ed leyendo<\/h3>\n<h3\/><!-- Live Blog Post --><\/div>\n<p><a href=\"https:\/\/www.pagina12.com.ar\/822204-colapinto-debuta-con-alpine-en-formula-1\">source<\/a><\/p>\n","protected":false},"excerpt":{"rendered":"<p>En el final de una entrevista televisiva a Horacio Mar\u00edn, presidente de YPF, uno de&#8230;<\/p>\n","protected":false},"author":0,"featured_media":198368,"comment_status":"open","ping_status":"open","sticky":false,"template":"","format":"standard","meta":{"footnotes":""},"categories":[3],"tags":[],"class_list":["post-198367","post","type-post","status-publish","format-standard","has-post-thumbnail","hentry","category-deportes"],"featured_image_urls":{"full":["https:\/\/radiofenix.com.ar\/2023\/wp-content\/uploads\/2025\/05\/wp-header-logo-1.png",960,540,false],"thumbnail":["https:\/\/radiofenix.com.ar\/2023\/wp-content\/uploads\/2025\/05\/wp-header-logo-1-150x150.png",150,150,true],"medium":["https:\/\/radiofenix.com.ar\/2023\/wp-content\/uploads\/2025\/05\/wp-header-logo-1-300x169.png",300,169,true],"medium_large":["https:\/\/radiofenix.com.ar\/2023\/wp-content\/uploads\/2025\/05\/wp-header-logo-1-768x432.png",640,360,true],"large":["https:\/\/radiofenix.com.ar\/2023\/wp-content\/uploads\/2025\/05\/wp-header-logo-1.png",640,360,false],"1536x1536":["https:\/\/radiofenix.com.ar\/2023\/wp-content\/uploads\/2025\/05\/wp-header-logo-1.png",960,540,false],"2048x2048":["https:\/\/radiofenix.com.ar\/2023\/wp-content\/uploads\/2025\/05\/wp-header-logo-1.png",960,540,false],"newsium-slider-full":["https:\/\/radiofenix.com.ar\/2023\/wp-content\/uploads\/2025\/05\/wp-header-logo-1.png",960,540,false],"newsium-featured":["https:\/\/radiofenix.com.ar\/2023\/wp-content\/uploads\/2025\/05\/wp-header-logo-1.png",960,540,false],"newsium-medium":["https:\/\/radiofenix.com.ar\/2023\/wp-content\/uploads\/2025\/05\/wp-header-logo-1-720x475.png",720,475,true]},"author_info":{"info":[""]},"category_info":"<a href=\"https:\/\/radiofenix.com.ar\/2023\/category\/deportes\/\" rel=\"category tag\">Deportes<\/a>","tag_info":"Deportes","comment_count":"0","_links":{"self":[{"href":"https:\/\/radiofenix.com.ar\/2023\/wp-json\/wp\/v2\/posts\/198367","targetHints":{"allow":["GET"]}}],"collection":[{"href":"https:\/\/radiofenix.com.ar\/2023\/wp-json\/wp\/v2\/posts"}],"about":[{"href":"https:\/\/radiofenix.com.ar\/2023\/wp-json\/wp\/v2\/types\/post"}],"replies":[{"embeddable":true,"href":"https:\/\/radiofenix.com.ar\/2023\/wp-json\/wp\/v2\/comments?post=198367"}],"version-history":[{"count":0,"href":"https:\/\/radiofenix.com.ar\/2023\/wp-json\/wp\/v2\/posts\/198367\/revisions"}],"wp:featuredmedia":[{"embeddable":true,"href":"https:\/\/radiofenix.com.ar\/2023\/wp-json\/wp\/v2\/media\/198368"}],"wp:attachment":[{"href":"https:\/\/radiofenix.com.ar\/2023\/wp-json\/wp\/v2\/media?parent=198367"}],"wp:term":[{"taxonomy":"category","embeddable":true,"href":"https:\/\/radiofenix.com.ar\/2023\/wp-json\/wp\/v2\/categories?post=198367"},{"taxonomy":"post_tag","embeddable":true,"href":"https:\/\/radiofenix.com.ar\/2023\/wp-json\/wp\/v2\/tags?post=198367"}],"curies":[{"name":"wp","href":"https:\/\/api.w.org\/{rel}","templated":true}]}}