{"id":198369,"date":"2025-05-01T08:58:16","date_gmt":"2025-05-01T08:58:16","guid":{"rendered":"https:\/\/radiofenix.com.ar\/2023\/el-dia-que-cambio-la-historia\/"},"modified":"2025-05-01T08:58:16","modified_gmt":"2025-05-01T08:58:16","slug":"el-dia-que-cambio-la-historia","status":"publish","type":"post","link":"https:\/\/radiofenix.com.ar\/2023\/el-dia-que-cambio-la-historia\/","title":{"rendered":"El d\u00eda que cambi\u00f3 la historia\u00a0\u00a0"},"content":{"rendered":"<div><!-- Body --><\/p>\n<p>Hace medio siglo, el 30 de abril de 1975, ca\u00eda Saig\u00f3n. La imagen del \u00faltimo helic\u00f3ptero despegando desde la azotea de la embajada estadounidense marcaba el fin de una guerra brutal y el inicio de un nuevo cap\u00edtulo para Vietnam. Con la victoria del Frente Nacional de Liberaci\u00f3n y la retirada definitiva de las tropas norteamericanas, Indochina se convert\u00eda en el escenario de la derrota m\u00e1s humillante en la historia militar de los Estados Unidos.<\/p>\n<div class=\"iframely-embed medium-embedded-content\" data-html=\"Jmx0O2RpdiZndDsmbHQ7ZGl2IHN0eWxlPSJsZWZ0OiAwOyB3aWR0aDogMTAwJTsgaGVpZ2h0OiAwOyBwb3NpdGlvbjogcmVsYXRpdmU7IHBhZGRpbmctYm90dG9tOiA1Ni4wNDE3JTsiJmd0OyZsdDtpZnJhbWUgc3JjPSJodHRwczovL2lmcmFtZWx5LnBhZ2luYTEyLmNvbS5hci9hcGkvaWZyYW1lP2NsaWNrX3RvX3BsYXk9MSZhbXA7dXJsPWh0dHBzJTNBJTJGJTJGZ2VvLmRhaWx5bW90aW9uLmNvbSUyRnBsYXllciUyRnh0NWVlLmh0bWwlM0Z2aWRlbyUzRHg5aXJ4emMmYW1wO2tleT00Njc2YjVmZGMwODMyNTdlYTg3ZjcxNjA4Yzc0ZTlmZSIgc3R5bGU9InRvcDogMDsgbGVmdDogMDsgd2lkdGg6IDEwMCU7IGhlaWdodDogMTAwJTsgcG9zaXRpb246IGFic29sdXRlOyBib3JkZXI6IDA7IiBhbGxvd2Z1bGxzY3JlZW4gc2Nyb2xsaW5nPSJubyIgYWxsb3c9ImVuY3J5cHRlZC1tZWRpYSAqOyImZ3Q7Jmx0Oy9pZnJhbWUmZ3Q7Jmx0Oy9kaXYmZ3Q7Jmx0Oy9kaXYmZ3Q7Jmx0O2RpdiBjbGFzcz0ibWVkaXVtLWluc2VydC1lbWJlZHMtbWV0YSImZ3Q7Jmx0O3NjcmlwdCB0eXBlPSJ0ZXh0L2pzb24iJmd0O3sidXJsIjoiaHR0cHM6Ly9nZW8uZGFpbHltb3Rpb24uY29tL3BsYXllci94dDVlZS5odG1sP3ZpZGVvPXg5aXJ4emMiLCJ0eXBlIjoidmlkZW8iLCJ2ZXJzaW9uIjoiMS4wIiwidGl0bGUiOiJWaWV0bmFtIGRlc3RhY2Egc3UgdHJhbnNmb3JtYWNpw7NuIG5hY2lvbmFsIGVuIGVsIDUwIGFuaXZlcnNhcmlvIGRlbCBmaW4gZGUgbGEgZ3VlcnJhIiwiYXV0aG9yIjoiUMOhZ2luYTEyIiwiYXV0aG9yX3VybCI6Imh0dHBzOi8vd3d3LmRhaWx5bW90aW9uLmNvbS9QYWdpbmExMiIsInByb3ZpZGVyX25hbWUiOiJEYWlseW1vdGlvbiIsImRlc2NyaXB0aW9uIjoiRWwgbMOtZGVyIGRlIFZpZXRuYW0sIFRvIExhbSwgZGVzdGFjw7MgZXN0ZSBtacOpcmNvbGVzIGxhIHRyYW5zZm9ybWFjacOzbiBkZWwgcGHDrXMgXCJkZXNkZSB1bmEgbmFjacOzbiBkZXN0cm96YWRhIHBvciBsYSBndWVycmFcIiBhIHVuIGltw6FuIFwicGFyYSBsYSBpbnZlcnNpw7NuIGV4dHJhbmplcmFcIiwgZW4gdW4gZGlzY3Vyc28gcG9yIGVsIDUwIGFuaXZlcnNhcmlvIGRlbCBmaW4gZGUgbGEgZ3VlcnJhLCBjb24gbGFzIHJlbGFjaW9uZXMgZW50cmUgSGFuw7NpIHkgV2FzaGluZ3RvbiBlbiB1biBtb21lbnRvIGRlbGljYWRvIHBvciBsb3MgYXJhbmNlbGVzLiIsInRodW1ibmFpbF91cmwiOiJodHRwczovL3MyLmRtY2RuLm5ldC92L1lLRmg4MWU0Wm1YZkxXbzNpL3g3MjAiLCJ0aHVtYm5haWxfd2lkdGgiOjEyODAsInRodW1ibmFpbF9oZWlnaHQiOjcyMCwiY2FjaGVfYWdlIjo4NjQwMH0mbHQ7L3NjcmlwdCZndDsmbHQ7L2RpdiZndDs=\">\n                <a data-iframely-url=\"\" href=\"https:\/\/geo.dailymotion.com\/player\/xt5ee.html?video=x9irxzc\">https:\/\/geo.dailymotion.com\/player\/xt5ee.html?video=x9irxzc<\/a>\n              <\/div>\n<p>A diferencia de Europa tras la Segunda Guerra Mundial, Vietnam no cont\u00f3 con un plan de reconstrucci\u00f3n financiado por las potencias vencedoras. Todo lo contrario: fue empujado al aislamiento internacional, bloqueado econ\u00f3mica y diplom\u00e1ticamente por Estados Unidos y sus aliados, mientras enfrentaba amenazas militares en sus fronteras, desde Camboya en el suroeste hasta China en el norte.<\/p>\n<p>En ese contexto, el Partido Comunista de Vietnam asumi\u00f3 el control absoluto del proceso de reunificaci\u00f3n. Con mano firme, pero tambi\u00e9n con un relato cuidadosamente construido, se propuso consolidar la unidad nacional a trav\u00e9s de una narrativa \u00e9pica. Se exalt\u00f3 la figura del combatiente revolucionario, se glorific\u00f3 la resistencia y se impuso una visi\u00f3n de la historia que busc\u00f3 borrar las diferencias del pasado a favor de una identidad com\u00fan, marcada por el sacrificio y la lucha.<\/p>\n<p>La guerra en Indochina no fue convencional. No hubo frentes claramente definidos, ni campos de batalla cl\u00e1sicos. Los combates se libraron en aldeas, selvas, ciudades y entre la poblaci\u00f3n civil. Fue una guerra de desgaste que el Viet Minh y el Frente Nacional de Liberaci\u00f3n supieron aprovechar al m\u00e1ximo, con una estrategia que erosion\u00f3 lentamente a las fuerzas norteamericanas e inclin\u00f3 a su favor el apoyo de la opini\u00f3n p\u00fablica internacional.<\/p>\n<p>En Vietnam del Norte, el 70 por ciento de la infraestructura qued\u00f3 destruida: escuelas, hospitales, f\u00e1bricas y universidades. En el Sur, las consecuencias recayeron sobre los campos arados, los cursos de agua y las zonas selv\u00e1ticas y monta\u00f1osas. El uso masivo de agentes qu\u00edmicos, como el tristemente c\u00e9lebre Agente Naranja, oblig\u00f3 a millones de aldeanos a abandonar sus tierras, sus animales y sus costumbres. De hecho, la contaminaci\u00f3n y las enfermedades de largo plazo provocadas por las lluvias qu\u00edmicas siguen afectando las memorias colectivas del presente. <\/p>\n<p>El saldo humano de la guerra tambi\u00e9n estremece: m\u00e1s de 58 mil estadounidenses muertos, 250.000 survietnamitas y cerca de un mill\u00f3n de soldados de Vietnam del Norte, entre el Vietminh y el Frente Nacional de Liberaci\u00f3n, perdieron la vida. A eso hay que sumarle cerca de 2 millones de v\u00edctimas civiles. <\/p>\n<p>En los a\u00f1os posteriores a la guerra, el Partido Comunista construy\u00f3 una historia oficial que convirti\u00f3 al pueblo vietnamita en un sujeto homog\u00e9neo de resistencia. La figura del <i>nh\u00e2n d\u00e2n<\/i>, el \u201cpueblo\u201d, fue elevada a categor\u00eda hist\u00f3rica: un colectivo heroico, abnegado, capaz de vencer cualquier invasi\u00f3n extranjera. Pero es narrativa no fue suficiente para garantizar la cohesi\u00f3n nacional.<\/p>\n<p>Sin aliados poderosos tras la ca\u00edda del bloque sovi\u00e9tico, Vietnam entendi\u00f3 que deb\u00eda cambiar. A fines de los a\u00f1os 80, lanz\u00f3 una serie de reformas profundas bajo el programa conocido como <i>Doi Moi<\/i> (Renovaci\u00f3n), que signific\u00f3 un giro respecto de su proyecto ideol\u00f3gico. Si bien mantuvo el control pol\u00edtico del partido \u00fanico, el pa\u00eds abri\u00f3 sus puertas a la econom\u00eda de mercado, apost\u00f3 por la inversi\u00f3n extranjera y comenz\u00f3 su integraci\u00f3n al comercio global.<\/p>\n<p>El cambio no fue inmediato. Las primeras transformaciones se vieron a comienzo de la d\u00e9cada del 90. Hoy, Vietnam se muestra al mundo como una de las econom\u00edas m\u00e1s din\u00e1micas del Sudeste Asi\u00e1tico. Dej\u00f3 atr\u00e1s el estigma del pa\u00eds devastado por la guerra para convertirse en un actor relevante, con v\u00ednculos comerciales s\u00f3lidos con las principales potencias. Supo reconstruirse desde las ruinas y consolidarse como un pa\u00eds soberano y en paz. Vive en calma, integrado a un mundo que no le hace f\u00e1cil la tarea.<\/p>\n<p><!-- Live Blog Post --><\/div>\n<p><a href=\"https:\/\/www.pagina12.com.ar\/822167-el-dia-que-cambio-la-historia\">source<\/a><\/p>\n","protected":false},"excerpt":{"rendered":"<p>Hace medio siglo, el 30 de abril de 1975, ca\u00eda Saig\u00f3n. La imagen del \u00faltimo&#8230;<\/p>\n","protected":false},"author":0,"featured_media":198370,"comment_status":"open","ping_status":"open","sticky":false,"template":"","format":"standard","meta":{"footnotes":""},"categories":[60],"tags":[],"class_list":["post-198369","post","type-post","status-publish","format-standard","has-post-thumbnail","hentry","category-internacional"],"featured_image_urls":{"full":["https:\/\/radiofenix.com.ar\/2023\/wp-content\/uploads\/2025\/05\/wp-header-logo-2.png",960,540,false],"thumbnail":["https:\/\/radiofenix.com.ar\/2023\/wp-content\/uploads\/2025\/05\/wp-header-logo-2-150x150.png",150,150,true],"medium":["https:\/\/radiofenix.com.ar\/2023\/wp-content\/uploads\/2025\/05\/wp-header-logo-2-300x169.png",300,169,true],"medium_large":["https:\/\/radiofenix.com.ar\/2023\/wp-content\/uploads\/2025\/05\/wp-header-logo-2-768x432.png",640,360,true],"large":["https:\/\/radiofenix.com.ar\/2023\/wp-content\/uploads\/2025\/05\/wp-header-logo-2.png",640,360,false],"1536x1536":["https:\/\/radiofenix.com.ar\/2023\/wp-content\/uploads\/2025\/05\/wp-header-logo-2.png",960,540,false],"2048x2048":["https:\/\/radiofenix.com.ar\/2023\/wp-content\/uploads\/2025\/05\/wp-header-logo-2.png",960,540,false],"newsium-slider-full":["https:\/\/radiofenix.com.ar\/2023\/wp-content\/uploads\/2025\/05\/wp-header-logo-2.png",960,540,false],"newsium-featured":["https:\/\/radiofenix.com.ar\/2023\/wp-content\/uploads\/2025\/05\/wp-header-logo-2.png",960,540,false],"newsium-medium":["https:\/\/radiofenix.com.ar\/2023\/wp-content\/uploads\/2025\/05\/wp-header-logo-2-720x475.png",720,475,true]},"author_info":{"info":[""]},"category_info":"<a href=\"https:\/\/radiofenix.com.ar\/2023\/category\/internacional\/\" rel=\"category tag\">Internacional<\/a>","tag_info":"Internacional","comment_count":"0","_links":{"self":[{"href":"https:\/\/radiofenix.com.ar\/2023\/wp-json\/wp\/v2\/posts\/198369","targetHints":{"allow":["GET"]}}],"collection":[{"href":"https:\/\/radiofenix.com.ar\/2023\/wp-json\/wp\/v2\/posts"}],"about":[{"href":"https:\/\/radiofenix.com.ar\/2023\/wp-json\/wp\/v2\/types\/post"}],"replies":[{"embeddable":true,"href":"https:\/\/radiofenix.com.ar\/2023\/wp-json\/wp\/v2\/comments?post=198369"}],"version-history":[{"count":0,"href":"https:\/\/radiofenix.com.ar\/2023\/wp-json\/wp\/v2\/posts\/198369\/revisions"}],"wp:featuredmedia":[{"embeddable":true,"href":"https:\/\/radiofenix.com.ar\/2023\/wp-json\/wp\/v2\/media\/198370"}],"wp:attachment":[{"href":"https:\/\/radiofenix.com.ar\/2023\/wp-json\/wp\/v2\/media?parent=198369"}],"wp:term":[{"taxonomy":"category","embeddable":true,"href":"https:\/\/radiofenix.com.ar\/2023\/wp-json\/wp\/v2\/categories?post=198369"},{"taxonomy":"post_tag","embeddable":true,"href":"https:\/\/radiofenix.com.ar\/2023\/wp-json\/wp\/v2\/tags?post=198369"}],"curies":[{"name":"wp","href":"https:\/\/api.w.org\/{rel}","templated":true}]}}