{"id":198526,"date":"2025-05-14T08:58:09","date_gmt":"2025-05-14T08:58:09","guid":{"rendered":"https:\/\/radiofenix.com.ar\/2023\/efemerides-de-hoy-que-paso-un-14-de-mayo\/"},"modified":"2025-05-14T08:58:09","modified_gmt":"2025-05-14T08:58:09","slug":"efemerides-de-hoy-que-paso-un-14-de-mayo","status":"publish","type":"post","link":"https:\/\/radiofenix.com.ar\/2023\/efemerides-de-hoy-que-paso-un-14-de-mayo\/","title":{"rendered":"Efem\u00e9rides de hoy: qu\u00e9 pas\u00f3 un 14 de mayo\u00a0"},"content":{"rendered":"<div><!-- Body --><\/p>\n<p>En las<b> efem\u00e9rides del 14 de mayo <\/b>sobresalen estos hechos que ocurrieron un d\u00eda como hoy en la Argentina y el mundo:<\/p>\n<h2>1905. El nacimiento de Antonio Berni<\/h2>\n<p>En Rosario nace el m\u00e1s importante artista pl\u00e1stico de la Argentina en todo el siglo XX: <a href=\"https:\/\/www.pagina12.com.ar\/331389-el-ultimo-vuelo-de-antonio-berni\"><b>Antonio Berni<\/b><\/a>. En su obra mostr\u00f3 la pobreza.<b> Cre\u00f3 personajes como Ramona Montiel y Juanito Laguna<\/b>, que aparecen en varios de sus cuadros de <a href=\"https:\/\/www.pagina12.com.ar\/6785-el-artista-desencadenado\">contenido social<\/a>. Muri\u00f3 en Buenos Aires en 1981.<\/p>\n<p><iframe style=\"border: 0px; position: absolute; top: 0px; left: 0px; height: 100%;\" allowfullscreen=\"\" frameborder=\"0\" src=\"https:\/\/www.youtube.com\/embed\/eAYPxfP5It8\"><\/iframe><\/p>\n<h2>1944. Nace George Lucas<\/h2>\n<p>Nace<a href=\"https:\/\/www.pagina12.com.ar\/115710-la-guerra-de-un-solo-hombre\"> <b>George Lucas<\/b><\/a> en Modesto, California. Irrumpi\u00f3 con<i> American Graffiti <\/i>en 1973, producida por Francis Ford Coppola. La pel\u00edcula fue un \u00e9xito. Pero nada hac\u00eda prever lo que iba a representar su siguiente proyecto: <b><i>La guerra de las galaxias<\/i><\/b>. El suceso de su estreno en 1977 la convirti\u00f3 en un imponente \u00e9xito de taquilla, que dio paso a las superproducciones del g\u00e9nero de aventuras, con efectos especiales de \u00faltima generaci\u00f3n. <b>Lucas coordin\u00f3 las siguientes entregas de <i>La guerra de las galaxias<\/i>, que fueron <i>El Imperio contraataca<\/i>, en 1980 y, tres a\u00f1os m\u00e1s tarde, <i>El regreso del Jedi<\/i><\/b>. A fines de los 90 escribi\u00f3, produjo y dirigi\u00f3 una nueva trilog\u00eda que narra los hechos anteriores a la primera parte. M\u00e1s cerca en el tiempo, produjo nuevas pel\u00edculas de la saga.<\/p>\n<p><iframe style=\"border: 0px; position: absolute; top: 0px; left: 0px; height: 100%;\" allowfullscreen=\"\" frameborder=\"0\" src=\"https:\/\/www.youtube.com\/embed\/USJNgbfnpQE\"><\/iframe><\/p>\n<h2>1948. La proclamaci\u00f3n del Estado de Israel<\/h2>\n<p><a href=\"https:\/\/www.pagina12.com.ar\/225943-argentina-e-israel-un-vinculo-peronista\">Se proclama el <b>Estado de Israel<\/b><\/a>. David Ben-Guri\u00f3n anuncia el nacimiento del nuevo pa\u00eds en Tel Aviv y asume como primer ministro. <b>Es el fin del Mandato Brit\u00e1nico en Palestina<\/b>. La ONU hab\u00eda aprobado el a\u00f1o anterior el plan para dividir el territorio en dos estados: uno jud\u00edo y otro \u00e1rabe. El establecimiento de Israel como pa\u00eds sirve como cumplimiento de un viejo sue\u00f1o del pueblo jud\u00edo, despu\u00e9s del Holocausto. Sin embargo,<b> no se produce la creaci\u00f3n del estado palestino y los vecinos \u00e1rabes, que no reconocen a Israel, inician el primer conflicto b\u00e9lico en Medio Oriente<\/b> desde entonces con los hebreos, y que culmina un a\u00f1o despu\u00e9s con victoria israel\u00ed.<\/p>\n<p><iframe style=\"border: 0px; position: absolute; top: 0px; left: 0px; height: 100%;\" allowfullscreen=\"\" frameborder=\"0\" src=\"https:\/\/www.youtube.com\/embed\/6ZDSBF5xtoo\"><\/iframe><\/p>\n<h2>1953. El \u00abgol imposible\u00bb de Grillo<br \/>\na los ingleses<\/h2>\n<p>La <b>Selecci\u00f3n derrota a Inglaterra por 3 a 1<\/b> en el estadio Monumental, en lo que representa el primer gran triunfo del f\u00fatbol argentino desde el subcampeonato mundial de 1930. <a href=\"https:\/\/www.pagina12.com.ar\/diario\/suplementos\/libero\/11-7609-2013-05-13.html\">El partido entra en la historia por el tanto marcado por Ernesto Grillo, que se recuerda como \u00abgol imposible\u00bb, debido al \u00e1ngulo cerrado desde el cual remat\u00f3<\/a>. D\u00edas m\u00e1s tarde se juega la revancha, que se suspende a los pocos minutos, con el cotejo 0 a 0, por una fuerte lluvia. <a href=\"https:\/\/www.pagina12.com.ar\/301746-cambiar-el-dia-del-futbolista-seria-borrar-parte-de-nuestra-\">La fecha se conmemor\u00f3 como D\u00eda del Futbolista Argentino<\/a>, pero <a href=\"https:\/\/www.pagina12.com.ar\/284714-la-obra-de-maradona-quedara-marcada-a-fuego\">fue reemplazada por el 22 de junio<\/a>, en homenaje a la actuaci\u00f3n de Diego Maradona contra los ingleses en el mundial de M\u00e9xico.<\/p>\n<p><iframe style=\"border: 0px; position: absolute; top: 0px; left: 0px; height: 100%;\" allowfullscreen=\"\" frameborder=\"0\" src=\"https:\/\/www.youtube.com\/embed\/50HA5Xp1KIw\"><\/iframe><\/p>\n<h2>1976. El crimen de Floreal Avellaneda<\/h2>\n<p>En la costa uruguaya aparecen ocho cad\u00e1veres. Son v\u00edctimas de la dictadura argentina, arrojadas al R\u00edo de la Plata en los vuelos de la muerte. <b>Uno de los cad\u00e1veres no solamente tiene las se\u00f1ales del impacto de la ca\u00edda en el agua, sino que adem\u00e1s se comprueba que ha sido empalado<\/b>, y que esa habr\u00eda sido la causa de su muerte. Se trata de <b>Floreal Avellaneda<\/b>. El 15 de mayo hubiera cumplido 16 a\u00f1os. Era el hijo de dos militantes del Partido Comunista. Su madre, Iris Pereyra, que fue secuestrada el 15 de abril de 1976 con \u00e9l y sufri\u00f3 torturas en una comisar\u00eda de Villa Martelli, declara en el Juicio a las Juntas, en 1985. <a href=\"https:\/\/www.pagina12.com.ar\/diario\/elpais\/1-129896-2009-08-13.html\">Santiago Omar Riveros, comandante de Institutos Militares, ser\u00e1 condenado junto a otros oficiales en 2009 por la muerte del adolescente<\/a>.<\/p>\n<p><iframe style=\"border: 0px; position: absolute; top: 0px; left: 0px; height: 100%;\" allowfullscreen=\"\" frameborder=\"0\" src=\"https:\/\/www.youtube.com\/embed\/Jt5WgrUp5Oc\"><\/iframe><\/p>\n<h2>1983. El asesinato de Cambiaso y Pereyra<br \/>\nRossi<\/h2>\n<p>Se produce un hecho conmocionante en la Argentina de la dictadura en retirada. Dos militantes peronistas, <a href=\"https:\/\/www.pagina12.com.ar\/550129-los-asesinatos-de-cambiaso-y-pereyra-rossi-el-doble-crimen-q?utm_source=twitter&amp;utm_medium=dlvr.it\"><b>Eduardo Pereyra Rossi (de la conducci\u00f3n de Montoneros) y Osvaldo Cambiaso<\/b><\/a>, son llevados de un bar de Rosario, a plena luz del d\u00eda, por un grupo parapolicial. A los tres d\u00edas, <b>aparecen muertos a balazos en Z\u00e1rate<\/b>. Se informa que sus muertes fueron en un enfrentamiento. Sin embargo, los peritajes comprobaron que hab\u00edan sido torturados y que las heridas de muerte fueron a poca distancia. <b>Entre los polic\u00edas implicados estaba Luis Abelardo Patti<\/b>. Los efectivos permanecieron detenidos hasta noviembre de 1983, cuando se cerr\u00f3 el caso. <a href=\"https:\/\/www.pagina12.com.ar\/diario\/elpais\/1-103961-2008-05-11.html\">La causa se reflot\u00f3 en los a\u00f1os siguientes<\/a> y se pudo realizar un juicio en 2016. <a href=\"https:\/\/www.pagina12.com.ar\/diario\/elpais\/1-298565-2016-05-05.html\">Patti y otros tres represores fueron condenados a perpetua<\/a>. El exdictador Reynaldo Bignone y otros cinco acusados resultaron absueltos.<\/p>\n<p><iframe style=\"border: 0px; position: absolute; top: 0px; left: 0px; height: 100%;\" allowfullscreen=\"\" frameborder=\"0\" src=\"https:\/\/www.youtube.com\/embed\/iP9T43y20lY\"><\/iframe><\/p>\n<h2>1987. Adi\u00f3s a Rita Hayworth<\/h2>\n<p>En Manhattan fallece Margarita Carmen Cansino, universalmente conocida como <a href=\"https:\/\/www.pagina12.com.ar\/diario\/suplementos\/radar\/9-2383-2005-07-17.html\"><b>Rita Hayworth<\/b><\/a>. Una de las actrices m\u00e1s famosas del Hollywood cl\u00e1sico, ten\u00eda 68 a\u00f1os y padec\u00eda del mal de Alzheimer. Hab\u00eda nacido en Brooklyn. <b>Brill\u00f3 en pel\u00edculas como <i>Sangre y arena<\/i>, <i>Gilda<\/i> y <i>La dama de Shangh\u00e1i<\/i><\/b>, en la que la dirigi\u00f3 uno de sus maridos, Orson Welles.<\/p>\n<p><iframe style=\"border: 0px; position: absolute; top: 0px; left: 0px; height: 100%;\" allowfullscreen=\"\" frameborder=\"0\" src=\"https:\/\/www.youtube.com\/embed\/NY2IpSCV-Nk\"><\/iframe><\/p>\n<h2>1989. Menem gana las elecciones<\/h2>\n<p><b>Carlos Menem se impone a Eduardo Angeloz<\/b> y es electo presidente. El peronismo vuelve a gobernar por primera vez desde el golpe de 1976. <b>El entonces gobernador de La Rioja obtiene el 47,5 por ciento de los votos frente al 37 de su par de la provincia de C\u00f3rdoba y candidato de la UCR<\/b>. Las elecciones se realizan siete meses antes de la fecha de asunci\u00f3n y en medio de una grave crisis econ\u00f3mica que jaquea al presidente Ra\u00fal Alfons\u00edn. Menem gana con sus promesas de \u201csalariazo\u201d y \u201crevoluci\u00f3n productiva\u201d mientras la Argentina se acerca al abismo de la hiperinflaci\u00f3n.<\/p>\n<p><iframe style=\"border: 0px; position: absolute; top: 0px; left: 0px; height: 100%;\" allowfullscreen=\"\" frameborder=\"0\" src=\"https:\/\/www.youtube.com\/embed\/4-WTDilB-is\"><\/iframe><\/p>\n<h2>1995. La reelecci\u00f3n de Menem<\/h2>\n<p>Exactos seis a\u00f1os despu\u00e9s de su primera victoria, <b>Carlos Menem obtiene la reelecci\u00f3n<\/b>, un logro posible gracias a la reforma constitucional, antes de la cual le estaba vedado competir para un segundo mandato. <b>Solamente Juan Domingo Per\u00f3n hab\u00eda conseguido ser reelecto en la historia argentina<\/b>. Los comicios presidenciales de 1995 son los terceros desde 1983. No se hab\u00eda podido elegir presidente en tiempo y forma en tres ocasiones seguidas desde 1928. Menem gana sin colegio electoral (hay voto directo por la reforma de la Carta Magna) y sin necesidad del ballotage que estableci\u00f3 la reforma del 94. <b>Consigue el 50 por ciento frente al 29 de Jos\u00e9 Octavio Bord\u00f3n, candidato del Frepaso<\/b>, que rompe as\u00ed el bipartidismo. Horacio Massaccesi, de la UCR, consigue el 17 por ciento, el peor resultado en la historia del radicalismo hasta entonces. La reelecci\u00f3n de Menem se da en un pa\u00eds con estabilidad econ\u00f3mica, <a href=\"https:\/\/www.pagina12.com.ar\/324326-el-menemismo-fue-neoliberalismo\">pero con un gran costo social tras las privatizaciones y la desregulaci\u00f3n<\/a>: la desocupaci\u00f3n llega a la cifra r\u00e9cord del 18 por ciento.<\/p>\n<p><iframe style=\"border: 0px; position: absolute; top: 0px; left: 0px; height: 100%;\" allowfullscreen=\"\" frameborder=\"0\" src=\"https:\/\/www.youtube.com\/embed\/sogQBFJB754\"><\/iframe><\/p>\n<h2>1998. Fallece Frank Sinatra<\/h2>\n<p><a href=\"https:\/\/www.pagina12.com.ar\/diario\/suplementos\/radar\/9-11091-2015-11-29.html\"><b>Frank Sinatra<\/b><\/a> muere en Los \u00c1ngeles, a los 82 a\u00f1os. Nacido en 1915, el m\u00e1s famoso de los cantantes populares estadounidenses altern\u00f3 el canto con la actuaci\u00f3n. <b>Comenz\u00f3 con la orquesta de Tommy Dorsey y alcanz\u00f3 la fama en los 40<\/b>. Su actuaci\u00f3n en <i>De aqu\u00ed a la eternidad<\/i> le vali\u00f3 un Oscar como actor secundario en 1953. Form\u00f3 el c\u00e9lebre Brat Pack junto a Dean Martin y Sammy Davis Jr. <a href=\"https:\/\/www.pagina12.com.ar\/154564-no-se-traiciona-a-frank-sinatra\">Visit\u00f3 la Argentina en 1981<\/a>.<\/p>\n<p><iframe style=\"border: 0px; position: absolute; top: 0px; left: 0px; height: 100%;\" allowfullscreen=\"\" frameborder=\"0\" src=\"https:\/\/www.youtube.com\/embed\/Y2rDb4Ur2dw\"><\/iframe><\/p>\n<h2>1998. La despedida de <i>Seinfeld<\/i><\/h2>\n<p>Se emite el <b>\u00faltimo episodio de <\/b><a href=\"https:\/\/www.pagina12.com.ar\/365539-seinfeld-ya-tiene-fecha-en-netflix\"><b><i>Seinfeld<\/i><\/b><\/a>. La serie creada por Jerry Seinfeld y <a href=\"https:\/\/www.pagina12.com.ar\/302739-20-anos-de-curb-your-enthusiasm-larry-el-idiota-heroe\">Larry David <\/a>tuvo nueve temporadas desde 1989 y abarc\u00f3 180 episodios. Est\u00e1 considerada<a href=\"https:\/\/www.pagina12.com.ar\/375611-homo-seinfeldiano\"> una de las series m\u00e1s influyentes de la historia de la televisi\u00f3n<\/a>.<\/p>\n<p><iframe style=\"border: 0px; position: absolute; top: 0px; left: 0px; height: 100%;\" allowfullscreen=\"\" frameborder=\"0\" src=\"https:\/\/www.youtube.com\/embed\/AfdaTWOCTnk\"><\/iframe><\/p>\n<h2>2003. Menem se baja de la segunda vuelta<\/h2>\n<p>Cuando faltan cuatro d\u00edas para el primer ballotage de la historia argentina, Carlos Menem se baja de la segunda vuelta. <a href=\"https:\/\/www.pagina12.com.ar\/diario\/elpais\/1-20145-2003-05-15.html\">Alega que no est\u00e1n dadas las condiciones y desiste de participar, con lo que <b>N\u00e9stor Kirchner queda ungido como nuevo presidente<\/b><\/a>. Menem hab\u00eda obtenido el 25 por ciento de los votos en la elecci\u00f3n del 27 de abril, frente al 22 del gobernador santacruce\u00f1o. <b>La convicci\u00f3n de que iba a ser derrotado de manera aplastante lleva al exmandatario a tomar la decisi\u00f3n<\/b>, que marca su ocaso pol\u00edtico, si bien pudo pasar m\u00e1s de quince a\u00f1os como senador por La Rioja hasta su muerte, amparado en fueros que le evitaron problemas con la Justicia.<\/p>\n<p><iframe style=\"border: 0px; position: absolute; top: 0px; left: 0px; height: 100%;\" allowfullscreen=\"\" frameborder=\"0\" src=\"https:\/\/www.youtube.com\/embed\/1cVYns5Y--A\"><\/iframe><\/p>\n<h2>2015. Adi\u00f3s a B. B. King<\/h2>\n<p><a href=\"https:\/\/www.pagina12.com.ar\/diario\/suplementos\/espectaculos\/3-35542-2015-05-16.html\">A los 89 a\u00f1os muere en La Vegas el guitarrista <b>B. B. King<\/b><\/a>. Est\u00e1 considerado uno de los m\u00e1s grandes m\u00fasicos de blues de la historia. A sus guitarras las llam\u00f3 \u201cLucille\u201d por un episodio ocurrido a fines de los 40, cuando se incendi\u00f3 un local donde tocaba y entr\u00f3 para rescatar su instrumento: el incendio se hab\u00eda producido mientras dos hombres peleaban dentro del lugar por una mujer con ese nombre. <b>King se destac\u00f3 por su t\u00e9cnica <\/b>y por la gran cantidad de presentaciones en vivo que dio a lo largo de su vida, con hasta 300 conciertos por a\u00f1o. <b>Visit\u00f3 varias veces la Argentina y manifest\u00f3 su admiraci\u00f3n por Pappo<\/b>.<\/p>\n<p><iframe style=\"border: 0px; position: absolute; top: 0px; left: 0px; height: 100%;\" allowfullscreen=\"\" frameborder=\"0\" src=\"https:\/\/www.youtube.com\/embed\/dNr_eIgP0tI\"><\/iframe><\/p>\n<h2>2018. La muerte de Tom Wolfe<\/h2>\n<p><a href=\"https:\/\/www.pagina12.com.ar\/115059-el-adios-al-cronista-dandy-que-se-convirtio-en-estrella\"><b>Tom Wolfe, \u00edcono del Nuevo Periodismo, fallece a los 88 a\u00f1os<\/b><\/a>. Fue uno de los que renov\u00f3 el periodismo norteamericano en los a\u00f1os 60 con la utilizaci\u00f3n de recursos literarios. Sus reportajes se plasmaron en libros como <i>Elegidos para la gloria<\/i>, sobre la carrera espacial, <i>La Izquierda Exquisita &amp; Mau-Mauando al parachoques<\/i> y la antolog\u00eda <i>El Nuevo Periodismo<\/i>. <b>En 1987 public\u00f3 su primera novela, <i>La hoguera de las vanidades<\/i>, que se convirti\u00f3 en un best seller<\/b>.<\/p>\n<p><iframe style=\"border: 0px; position: absolute; top: 0px; left: 0px; height: 100%;\" allowfullscreen=\"\" frameborder=\"0\" src=\"https:\/\/www.youtube.com\/embed\/ZIz_RlNZZlg\"><\/iframe><\/p>\n<p>Adem\u00e1s, es el <b>D\u00eda Continental del Seguro<\/b>.<\/p>\n<p><!-- Live Blog Post --><\/div>\n<p><a href=\"https:\/\/www.pagina12.com.ar\/825509-efemerides-de-hoy-que-paso-un-14-de-mayo\">source<\/a><\/p>\n","protected":false},"excerpt":{"rendered":"<p>En las efem\u00e9rides del 14 de mayo sobresalen estos hechos que ocurrieron un d\u00eda como&#8230;<\/p>\n","protected":false},"author":0,"featured_media":198527,"comment_status":"open","ping_status":"open","sticky":false,"template":"","format":"standard","meta":{"footnotes":""},"categories":[7],"tags":[],"class_list":["post-198526","post","type-post","status-publish","format-standard","has-post-thumbnail","hentry","category-sociedad"],"featured_image_urls":{"full":["https:\/\/radiofenix.com.ar\/2023\/wp-content\/uploads\/2025\/05\/wp-header-logo-78.png",960,540,false],"thumbnail":["https:\/\/radiofenix.com.ar\/2023\/wp-content\/uploads\/2025\/05\/wp-header-logo-78-150x150.png",150,150,true],"medium":["https:\/\/radiofenix.com.ar\/2023\/wp-content\/uploads\/2025\/05\/wp-header-logo-78-300x169.png",300,169,true],"medium_large":["https:\/\/radiofenix.com.ar\/2023\/wp-content\/uploads\/2025\/05\/wp-header-logo-78-768x432.png",640,360,true],"large":["https:\/\/radiofenix.com.ar\/2023\/wp-content\/uploads\/2025\/05\/wp-header-logo-78.png",640,360,false],"1536x1536":["https:\/\/radiofenix.com.ar\/2023\/wp-content\/uploads\/2025\/05\/wp-header-logo-78.png",960,540,false],"2048x2048":["https:\/\/radiofenix.com.ar\/2023\/wp-content\/uploads\/2025\/05\/wp-header-logo-78.png",960,540,false],"newsium-slider-full":["https:\/\/radiofenix.com.ar\/2023\/wp-content\/uploads\/2025\/05\/wp-header-logo-78.png",960,540,false],"newsium-featured":["https:\/\/radiofenix.com.ar\/2023\/wp-content\/uploads\/2025\/05\/wp-header-logo-78.png",960,540,false],"newsium-medium":["https:\/\/radiofenix.com.ar\/2023\/wp-content\/uploads\/2025\/05\/wp-header-logo-78-720x475.png",720,475,true]},"author_info":{"info":[""]},"category_info":"<a href=\"https:\/\/radiofenix.com.ar\/2023\/category\/sociedad\/\" rel=\"category tag\">Sociedad<\/a>","tag_info":"Sociedad","comment_count":"0","_links":{"self":[{"href":"https:\/\/radiofenix.com.ar\/2023\/wp-json\/wp\/v2\/posts\/198526","targetHints":{"allow":["GET"]}}],"collection":[{"href":"https:\/\/radiofenix.com.ar\/2023\/wp-json\/wp\/v2\/posts"}],"about":[{"href":"https:\/\/radiofenix.com.ar\/2023\/wp-json\/wp\/v2\/types\/post"}],"replies":[{"embeddable":true,"href":"https:\/\/radiofenix.com.ar\/2023\/wp-json\/wp\/v2\/comments?post=198526"}],"version-history":[{"count":0,"href":"https:\/\/radiofenix.com.ar\/2023\/wp-json\/wp\/v2\/posts\/198526\/revisions"}],"wp:featuredmedia":[{"embeddable":true,"href":"https:\/\/radiofenix.com.ar\/2023\/wp-json\/wp\/v2\/media\/198527"}],"wp:attachment":[{"href":"https:\/\/radiofenix.com.ar\/2023\/wp-json\/wp\/v2\/media?parent=198526"}],"wp:term":[{"taxonomy":"category","embeddable":true,"href":"https:\/\/radiofenix.com.ar\/2023\/wp-json\/wp\/v2\/categories?post=198526"},{"taxonomy":"post_tag","embeddable":true,"href":"https:\/\/radiofenix.com.ar\/2023\/wp-json\/wp\/v2\/tags?post=198526"}],"curies":[{"name":"wp","href":"https:\/\/api.w.org\/{rel}","templated":true}]}}