{"id":198530,"date":"2025-05-14T08:58:14","date_gmt":"2025-05-14T08:58:14","guid":{"rendered":"https:\/\/radiofenix.com.ar\/2023\/pepe-mujica-y-su-perra-manuela-un-vinculo-que-ni-la-muerte-podra-separar\/"},"modified":"2025-05-14T08:58:14","modified_gmt":"2025-05-14T08:58:14","slug":"pepe-mujica-y-su-perra-manuela-un-vinculo-que-ni-la-muerte-podra-separar","status":"publish","type":"post","link":"https:\/\/radiofenix.com.ar\/2023\/pepe-mujica-y-su-perra-manuela-un-vinculo-que-ni-la-muerte-podra-separar\/","title":{"rendered":"Pepe Mujica y su perra Manuela, un v\u00ednculo que ni la muerte podr\u00e1 separar"},"content":{"rendered":"<div><!-- Body --><\/p>\n<p>La triste noticia del <b><a href=\"https:\/\/www.pagina12.com.ar\/825330-murio-jose-pepe-mujica-un-lider-historico-recordado-por-la-m\">fallecimiento del expresidente uruguayo Jos\u00e9 \u00abPepe\u00bb Mujica<\/a><\/b>, durante la tarde de este martes conmovi\u00f3 al mundo entero. Entre los mensajes de despedida y expresiones de profundo dolor, hubo quienes recordaron un pedido especial de \u00abPepe\u00bb, que lo hab\u00eda comentado en una reciente entrevista y ahora resuena como un testamento vital: <b>que sus restos descansen junto a su perrita Manuela.\u00a0<\/b><\/p>\n<p>Mujica, conocido por su sencillez y profundo afecto por los animales, expres\u00f3 en varias ocasiones su deseo de ser enterrado junto a su perra Manuela.<\/p>\n<div class=\"iframely-embed medium-embedded-content\" data-html=\"Jmx0O2RpdiBzdHlsZT0ibWF4LXdpZHRoOiA1N3ZoOyImZ3Q7Jmx0O2RpdiBzdHlsZT0ibGVmdDogMDsgd2lkdGg6IDEwMCU7IGhlaWdodDogMDsgcG9zaXRpb246IHJlbGF0aXZlOyBwYWRkaW5nLWJvdHRvbTogMTc2LjQ1ODMlOyImZ3Q7Jmx0O2lmcmFtZSBzcmM9Imh0dHBzOi8vaWZyYW1lbHkucGFnaW5hMTIuY29tLmFyL2FwaS9pZnJhbWU\/Y2xpY2tfdG9fcGxheT0xJmFtcDt1cmw9aHR0cHMlM0ElMkYlMkZnZW8uZGFpbHltb3Rpb24uY29tJTJGcGxheWVyJTJGeHQ1ZWUuaHRtbCUzRnZpZGVvJTNEeDlqZ291eSZhbXA7a2V5PTQ2NzZiNWZkYzA4MzI1N2VhODdmNzE2MDhjNzRlOWZlIiBzdHlsZT0idG9wOiAwOyBsZWZ0OiAwOyB3aWR0aDogMTAwJTsgaGVpZ2h0OiAxMDAlOyBwb3NpdGlvbjogYWJzb2x1dGU7IGJvcmRlcjogMDsiIGFsbG93ZnVsbHNjcmVlbiBzY3JvbGxpbmc9Im5vIiBhbGxvdz0iZW5jcnlwdGVkLW1lZGlhICo7IiZndDsmbHQ7L2lmcmFtZSZndDsmbHQ7L2RpdiZndDsmbHQ7L2RpdiZndDsmbHQ7ZGl2IGNsYXNzPSJtZWRpdW0taW5zZXJ0LWVtYmVkcy1tZXRhIiZndDsmbHQ7c2NyaXB0IHR5cGU9InRleHQvanNvbiImZ3Q7eyJ1cmwiOiJodHRwczovL2dlby5kYWlseW1vdGlvbi5jb20vcGxheWVyL3h0NWVlLmh0bWw\/dmlkZW89eDlqZ291eSIsInR5cGUiOiJ2aWRlbyIsInZlcnNpb24iOiIxLjAiLCJ0aXRsZSI6IlBlcGUgTXVqaWNhOiBcIkN1YW5kbyBtZSBtdWVyYSB0aWVuZW4gcXVlIHByZW5kZXJtZSBmdWVnbyB5IGVudGVycmFybWUgYWPDoVwiIGp1bnRvIGEgTWFudWVsYSIsImF1dGhvciI6IlDDoWdpbmExMiIsImF1dGhvcl91cmwiOiJodHRwczovL3d3dy5kYWlseW1vdGlvbi5jb20vUGFnaW5hMTIiLCJwcm92aWRlcl9uYW1lIjoiRGFpbHltb3Rpb24iLCJkZXNjcmlwdGlvbiI6IlZlciBQZXBlIE11amljYTogXCJDdWFuZG8gbWUgbXVlcmEgdGllbmVuIHF1ZSBwcmVuZGVybWUgZnVlZ28geSBlbnRlcnJhcm1lIGFjw6FcIiBqdW50byBhIE1hbnVlbGEgLSBQw6FnaW5hMTIgZW4gRGFpbHltb3Rpb24iLCJ0aHVtYm5haWxfdXJsIjoiaHR0cHM6Ly9zMi5kbWNkbi5uZXQvdi9ZT2ZaUTFlOHhvZjZrcDBhTy94NzIwIiwidGh1bWJuYWlsX3dpZHRoIjo0MDgsInRodW1ibmFpbF9oZWlnaHQiOjcyMCwiY2FjaGVfYWdlIjo4NjQwMH0mbHQ7L3NjcmlwdCZndDsmbHQ7L2RpdiZndDs=\">\n                <a data-iframely-url=\"\" href=\"https:\/\/geo.dailymotion.com\/player\/xt5ee.html?video=x9jgouy\">https:\/\/geo.dailymotion.com\/player\/xt5ee.html?video=x9jgouy<\/a>\n              <\/div>\n<p>\u00ab<b>El d\u00eda que yo me muera he pedido que me incineren y que las cenizas las pongan ah\u00ed, abajo de ese \u00e1rbol, junto a Manuela<\/b>\u00ab, hab\u00eda dicho Mujica, para luego rematar: \u00abCuanto m\u00e1s conozco a los humanos, m\u00e1s adoro a los perros\u00bb.<\/p>\n<p><b>Manuela era la compa\u00f1era m\u00e1s fiel del expresidente de Uruguay y de su esposa Luc\u00eda Topolansky.<\/b> La mascota ten\u00eda incluso varios videos en Youtube y adem\u00e1s una cuenta no oficial en Twitter, donde sub\u00eda contenido relacionado con el entonces mandatario.<\/p>\n<p>La perrita, que falleci\u00f3 en junio de 2018, fue testigo de reuniones del m\u00e1s alto nivel de gobierno, de encuentros con diplom\u00e1ticos y de entrevistas con decenas de medios de comunicaci\u00f3n de todo el mundo.<\/p>\n<p>Tal era el cari\u00f1o que, el can, de 22 a\u00f1os, sin pedigr\u00ed y con solo tres patas<b>, fue enterrada en la chacra familiar.<\/b><\/p>\n<h2>La compa\u00f1era m\u00e1s fiel\u00a0<\/h2>\n<p><b>Manuela lleg\u00f3 a la chacra de los Mujica a trav\u00e9s de la hermana de Luc\u00eda<\/b>. \u00abEs medio marca perro\u00bb, bromeaba Topolansky cuando le consultaban por su \u00abcuriosa\u00bb mascota.\u00a0<\/p>\n<p>Desde ese entonces, se convirti\u00f3 en la compa\u00f1era inseparable de \u00abPepe\u00bb, al punto tal que, en una de tantas andanzas, <b>perdi\u00f3 una pata un d\u00eda que acompa\u00f1aba al tractor que el exmandatario tiene en su chacra.<\/b><\/p>\n<p>\u00abSe pele\u00f3 con unos perros de al lado y la corrieron. <b>Manuela recul\u00f3 y fue a parar debajo de la disquera. Por m\u00e1s que Pepe fren\u00f3, se la llev\u00f3 por delante<\/b>. No le lleg\u00f3 a cortar la pata en ese momento, qued\u00f3 con el tend\u00f3n colgando. Ah\u00ed sali\u00f3, pero despu\u00e9s fue y se pele\u00f3 con otra perrita, que le caz\u00f3 ese brazo, que era el que no ten\u00eda movimiento. Casi que se lo cort\u00f3\u00bb, record\u00f3 Topolansky durante una entrevista.<\/p>\n<p><b>Manuela conoc\u00eda todos los movimientos de sus due\u00f1os.<\/b> Cada vez que Mujica se ausentaba por un tiempo, se notaba que lo extra\u00f1aba, seg\u00fan Luc\u00eda. En 2005, Mujica -entonces ministro de Ganader\u00eda- se enferm\u00f3 y estuvo un mes internado. \u00abYo iba a las seis de la ma\u00f1ana a cuidarlo y volv\u00eda a las seis de la tarde (a la chacra). <b>Cuando llegaba en el auto, ella estaba ah\u00ed esperando. \u00bfQu\u00e9 esperaba? Que se bajara Pepe\u00bb<\/b>.<\/p>\n<p>En esa misma entrevista<b>, Topolansky cont\u00f3 que Mujica era quien le preparaba la comida a Manuela.<\/b> \u00abEs una perrita finoli, huele todo antes (&#8230;) Por la edad, ya se le empezaron a caer los dientes; por eso le compramos carne picada. Se la ponemos con cebollita salteadita\u00bb, dijo.<\/p>\n<h2>La m\u00e1s famosa<\/h2>\n<p>Luego de que Mujica asumiera la presidencia, varias agencias internacionales de prensa publicaron art\u00edculos contando c\u00f3mo viv\u00eda \u00abel presidente m\u00e1s pobre del mundo\u00bb. En esas notas, <b>Manuela era casi siempre protagonista<\/b>. El diario espa\u00f1ol <i>El Mundo <\/i>la describ\u00eda como la \u00abinseparable\u00bb mascota.<\/p>\n<p><b>Manuela particip\u00f3 de muchos eventos sociales a los que convoc\u00f3 Mujica cuando era presidente<\/b>. En 2012, por ejemplo, organiz\u00f3 una cena de fin de a\u00f1o. Entre las personalidades invitadas estuvo la empresaria uruguaya Laetitia d&#8217;Arenberg, que acudi\u00f3 con Frida, la chihuahua mascota de la princesa. Ambos canes fueron fotografiados en una imagen que Laetitia public\u00f3 en Twitter: \u00abFrida y su amiga Manuela\u00bb. La acicalada Frida desbordaba de elegancia; Manuela, de sencillez.<\/p>\n<p><b>Cuando falleci\u00f3 la actriz \u00abChina\u00bb Zorrilla, en septiembre de 2014, Mujica asisti\u00f3 al funeral con su perra en brazos. <\/b>La mascota \u00abproletaria\u00bb del presidente tambi\u00e9n estuvo presente en actos del Pit-Cnt.<\/p>\n<p>Poco despu\u00e9s de terminar su mandato, Mujica describi\u00f3 en una entrevista con la <i>BBC<\/i> lo que lleg\u00f3 a significar su mascota.<\/p>\n<p>\u00ab<b>Es la integrante m\u00e1s fiel que tuve en el gobierno. Hace 18 a\u00f1os que me acompa\u00f1a. Es una anciana. Cuanto m\u00e1s conozco a la gente, quiero m\u00e1s a los animales<\/b>\u00ab, coment\u00f3.\u00a0<\/p>\n<p><!-- Live Blog Post --><\/div>\n<p><a href=\"https:\/\/www.pagina12.com.ar\/825392-pepe-mujica-y-su-perra-manuela-un-vinculo-que-ni-la-muerte-p\">source<\/a><\/p>\n","protected":false},"excerpt":{"rendered":"<p>La triste noticia del fallecimiento del expresidente uruguayo Jos\u00e9 \u00abPepe\u00bb Mujica, durante la tarde de&#8230;<\/p>\n","protected":false},"author":0,"featured_media":198531,"comment_status":"open","ping_status":"open","sticky":false,"template":"","format":"standard","meta":{"footnotes":""},"categories":[60],"tags":[],"class_list":["post-198530","post","type-post","status-publish","format-standard","has-post-thumbnail","hentry","category-internacional"],"featured_image_urls":{"full":["https:\/\/radiofenix.com.ar\/2023\/wp-content\/uploads\/2025\/05\/wp-header-logo-80.png",960,540,false],"thumbnail":["https:\/\/radiofenix.com.ar\/2023\/wp-content\/uploads\/2025\/05\/wp-header-logo-80-150x150.png",150,150,true],"medium":["https:\/\/radiofenix.com.ar\/2023\/wp-content\/uploads\/2025\/05\/wp-header-logo-80-300x169.png",300,169,true],"medium_large":["https:\/\/radiofenix.com.ar\/2023\/wp-content\/uploads\/2025\/05\/wp-header-logo-80-768x432.png",640,360,true],"large":["https:\/\/radiofenix.com.ar\/2023\/wp-content\/uploads\/2025\/05\/wp-header-logo-80.png",640,360,false],"1536x1536":["https:\/\/radiofenix.com.ar\/2023\/wp-content\/uploads\/2025\/05\/wp-header-logo-80.png",960,540,false],"2048x2048":["https:\/\/radiofenix.com.ar\/2023\/wp-content\/uploads\/2025\/05\/wp-header-logo-80.png",960,540,false],"newsium-slider-full":["https:\/\/radiofenix.com.ar\/2023\/wp-content\/uploads\/2025\/05\/wp-header-logo-80.png",960,540,false],"newsium-featured":["https:\/\/radiofenix.com.ar\/2023\/wp-content\/uploads\/2025\/05\/wp-header-logo-80.png",960,540,false],"newsium-medium":["https:\/\/radiofenix.com.ar\/2023\/wp-content\/uploads\/2025\/05\/wp-header-logo-80-720x475.png",720,475,true]},"author_info":{"info":[""]},"category_info":"<a href=\"https:\/\/radiofenix.com.ar\/2023\/category\/internacional\/\" rel=\"category tag\">Internacional<\/a>","tag_info":"Internacional","comment_count":"0","_links":{"self":[{"href":"https:\/\/radiofenix.com.ar\/2023\/wp-json\/wp\/v2\/posts\/198530","targetHints":{"allow":["GET"]}}],"collection":[{"href":"https:\/\/radiofenix.com.ar\/2023\/wp-json\/wp\/v2\/posts"}],"about":[{"href":"https:\/\/radiofenix.com.ar\/2023\/wp-json\/wp\/v2\/types\/post"}],"replies":[{"embeddable":true,"href":"https:\/\/radiofenix.com.ar\/2023\/wp-json\/wp\/v2\/comments?post=198530"}],"version-history":[{"count":0,"href":"https:\/\/radiofenix.com.ar\/2023\/wp-json\/wp\/v2\/posts\/198530\/revisions"}],"wp:featuredmedia":[{"embeddable":true,"href":"https:\/\/radiofenix.com.ar\/2023\/wp-json\/wp\/v2\/media\/198531"}],"wp:attachment":[{"href":"https:\/\/radiofenix.com.ar\/2023\/wp-json\/wp\/v2\/media?parent=198530"}],"wp:term":[{"taxonomy":"category","embeddable":true,"href":"https:\/\/radiofenix.com.ar\/2023\/wp-json\/wp\/v2\/categories?post=198530"},{"taxonomy":"post_tag","embeddable":true,"href":"https:\/\/radiofenix.com.ar\/2023\/wp-json\/wp\/v2\/tags?post=198530"}],"curies":[{"name":"wp","href":"https:\/\/api.w.org\/{rel}","templated":true}]}}