{"id":198576,"date":"2025-05-18T08:58:13","date_gmt":"2025-05-18T08:58:13","guid":{"rendered":"https:\/\/radiofenix.com.ar\/2023\/bolivia-miles-de-personas-marcharon-para-respaldar-la-candidatura-de-evo-morales\/"},"modified":"2025-05-18T08:58:13","modified_gmt":"2025-05-18T08:58:13","slug":"bolivia-miles-de-personas-marcharon-para-respaldar-la-candidatura-de-evo-morales","status":"publish","type":"post","link":"https:\/\/radiofenix.com.ar\/2023\/bolivia-miles-de-personas-marcharon-para-respaldar-la-candidatura-de-evo-morales\/","title":{"rendered":"Bolivia: Miles de personas marcharon para respaldar la candidatura de Evo Morales"},"content":{"rendered":"<div><!-- Body --><\/p>\n<p><b>Una caravana compuesta por miles de seguidores del expresidente de Bolivia, <a href=\"https:\/\/www.pagina12.com.ar\/823296-bolivia-detienen-a-la-jueza-que-anulo-la-orden-de-captura-co\">Evo Morales<\/a>, encabez\u00f3 este viernes una marcha hacia el centro de La Paz para pedir que el l\u00edder cocalero pueda inscribirse como candidato a la presidencia del pa\u00eds<\/b>, de cara a las <a href=\"https:\/\/www.pagina12.com.ar\/825748-bolivia-luis-arce-renuncio-a-su-candidatura-presidencial\">elecciones generales<\/a> previstas para el 17 de agosto. La marcha estuvo integrada por delegaciones de cocaleros, mineros, campesinos y otras organizaciones que apoyan a Morales y del Tr\u00f3pico de Cochabamba, su principal basti\u00f3n pol\u00edtico y sindical. <b>La polic\u00eda reprimi\u00f3 a los manifestantes con gas lacrim\u00f3geno en su llegada a las inmediaciones del Tribunal Supremo Electoral en La Paz.<\/b><\/p>\n<h2>\u00abTodos somos Evo\u00bb<\/h2>\n<p>Varios de los seguidores que caminaban hacia La Paz llevaban puestas m\u00e1scaras con la cara del expresidente, bajo el lema \u00abTodos somos Evo\u00bb. <b>\u00ab\u00a1Se siente, se siente, Evo presidente!\u00bb<\/b>, gritaban los manifestantes, quienes adem\u00e1s llevaban banderas del nuevo partido de Morales, Evo Pueblo, y la whipala, representativa de los pueblos originarios. \u00ab<b>La segunda Marcha para Salvar Bolivia fue contundente, impresionante y emocionante. Movilizados somos inalcanzables e invencibles<\/b>. Electoralmente  somos imbatibles. El pueblo unido siempre es una garant\u00eda para el triunfo del mismo pueblo\u00bb, expres\u00f3 <b>Morales <\/b>en la red social X.<\/p>\n<div class=\"iframely-embed medium-embedded-content\" data-html=\"Jmx0O2Jsb2NrcXVvdGUgY2xhc3M9InR3aXR0ZXItdHdlZXQiIGRhdGEtZG50PSJ0cnVlIiBhbGlnbj0iY2VudGVyIiZndDsmbHQ7cCBsYW5nPSJlcyIgZGlyPSJsdHIiJmd0O0xhIHNlZ3VuZGEgTWFyY2hhIHBhcmEgU2FsdmFyIEJvbGl2aWEgZnVlIGNvbnR1bmRlbnRlLCBpbXByZXNpb25hbnRlIHkgZW1vY2lvbmFudGUuIE1vdmlsaXphZG9zIHNvbW9zIGluYWxjYW56YWJsZXMgZSBpbnZlbmNpYmxlcy4gRWxlY3RvcmFsbWVudGUgIHNvbW9zIGltYmF0aWJsZXMuIEVsIHB1ZWJsbyB1bmlkbyBzaWVtcHJlIGVzIHVuYSBnYXJhbnTDrWEgcGFyYSBlbCB0cml1bmZvIGRlbCBtaXNtbyBwdWVibG8uJmx0O2JyJmd0OyZsdDticiZndDtDb24gcmVzcGV0bywgY2FyacOxbywgYWRtaXJhY2nDs24geSB1buKApiAmbHQ7YSBocmVmPSJodHRwczovL3QuY28vaVdJeXVxZ0FUdCImZ3Q7cGljLnR3aXR0ZXIuY29tL2lXSXl1cWdBVHQmbHQ7L2EmZ3Q7Jmx0Oy9wJmd0OyZhbXA7bWRhc2g7IEV2byBNb3JhbGVzIEF5bWEgKEBldm9lc3B1ZWJsbykgJmx0O2EgaHJlZj0iaHR0cHM6Ly90d2l0dGVyLmNvbS9ldm9lc3B1ZWJsby9zdGF0dXMvMTkyMzQ3NTkzMzkwMzYyMjQxNj9yZWZfc3JjPXR3c3JjJTVFdGZ3IiZndDtNYXkgMTYsIDIwMjUmbHQ7L2EmZ3Q7Jmx0Oy9ibG9ja3F1b3RlJmd0OwombHQ7c2NyaXB0IGFzeW5jIHNyYz0iaHR0cHM6Ly9wbGF0Zm9ybS50d2l0dGVyLmNvbS93aWRnZXRzLmpzIiBjaGFyc2V0PSJ1dGYtOCImZ3Q7Jmx0Oy9zY3JpcHQmZ3Q7CgombHQ7ZGl2IGNsYXNzPSJtZWRpdW0taW5zZXJ0LWVtYmVkcy1tZXRhIiZndDsmbHQ7c2NyaXB0IHR5cGU9InRleHQvanNvbiImZ3Q7eyJ1cmwiOiJodHRwczovL3R3aXR0ZXIuY29tL2V2b2VzcHVlYmxvL3N0YXR1cy8xOTIzNDc1OTMzOTAzNjIyNDE2IiwidHlwZSI6InJpY2giLCJ2ZXJzaW9uIjoiMS4wIiwidGl0bGUiOiJFdm8gTW9yYWxlcyBBeW1hIG9uIFR3aXR0ZXIgLyBYIiwiYXV0aG9yIjoiRXZvIE1vcmFsZXMgQXltYSIsImF1dGhvcl91cmwiOiJodHRwczovL3R3aXR0ZXIuY29tL2V2b2VzcHVlYmxvIiwicHJvdmlkZXJfbmFtZSI6IlR3aXR0ZXIiLCJkZXNjcmlwdGlvbiI6IkxhIHNlZ3VuZGEgTWFyY2hhIHBhcmEgU2FsdmFyIEJvbGl2aWEgZnVlIGNvbnR1bmRlbnRlLCBpbXByZXNpb25hbnRlIHkgZW1vY2lvbmFudGUuIE1vdmlsaXphZG9zIHNvbW9zIGluYWxjYW56YWJsZXMgZSBpbnZlbmNpYmxlcy4gRWxlY3RvcmFsbWVudGUgIHNvbW9zIGltYmF0aWJsZXMuIEVsIHB1ZWJsbyB1bmlkbyBzaWVtcHJlIGVzIHVuYSBnYXJhbnTDrWEgcGFyYSBlbCB0cml1bmZvIGRlbCBtaXNtbyBwdWVibG8uQ29uIHJlc3BldG8sIGNhcmnDsW8sIGFkbWlyYWNpw7NuIHkgdW7igKYgcGljLnR3aXR0ZXIuY29tL2lXSXl1cWdBVHTigJQgRXZvIE1vcmFsZXMgQXltYSAoQGV2b2VzcHVlYmxvKSBNYXkgMTYsIDIwMjVcblxuXG4iLCJ0aHVtYm5haWxfdXJsIjoiaHR0cHM6Ly9wYnMudHdpbWcuY29tL2V4dF90d192aWRlb190aHVtYi8xOTIzNDc1ODM3ODMzMDk3MjE2L3B1L2ltZy9TdUtSeW56Z0xmRHRGYmxpLmpwZzpsYXJnZSIsInRodW1ibmFpbF93aWR0aCI6NzIwLCJ0aHVtYm5haWxfaGVpZ2h0IjoxMjgwLCJjYWNoZV9hZ2UiOjg2NDAwLCJvcHRpb25zIjp7Il9oaWRlX21lZGlhIjp7ImxhYmVsIjoiSGlkZSBwaG90b3MsIHZpZGVvcywgYW5kIGNhcmRzIiwidmFsdWUiOmZhbHNlfSwiX3RoZW1lIjp7InZhbHVlIjoiIiwidmFsdWVzIjp7ImRhcmsiOiJVc2UgZGFyayB0aGVtZSJ9fSwiX21heHdpZHRoIjp7InZhbHVlIjoiIiwibGFiZWwiOiJBZGp1c3Qgd2lkdGgiLCJwbGFjZWhvbGRlciI6IjIyMC01NTAsIGluIHB4In19fSZsdDsvc2NyaXB0Jmd0OyZsdDsvZGl2Jmd0Ow==\">\n                <a data-iframely-url=\"\" href=\"https:\/\/twitter.com\/evoespueblo\/status\/1923475933903622416\">https:\/\/twitter.com\/evoespueblo\/status\/1923475933903622416<\/a>\n              <\/div>\n<p><b>\u00abMientras el gobierno, la derecha y el Imperio pretenden inhabilitarme, ustedes, el pueblo, ya me han habilitado con su cari\u00f1o y su militancia en las calles y caminos\u00bb<\/b>, se\u00f1al\u00f3 el exmandatario, aunque tambi\u00e9n denunci\u00f3 en otro posteo que los manifestantes fueron reprimidos por la polic\u00eda. \u00abMiles de hermanas y hermanos que hac\u00edan una manifestaci\u00f3n pac\u00edfica -exigiendo el respeto a los derechos democr\u00e1ticos-\u00a0 fueron brutalmente reprimidos por centenares de polic\u00edas del actual gobierno\u00bb, apunt\u00f3.<\/p>\n<p>\u00abPedimos a organismos internacionales una visita a Bolivia para investigar el Terrorismo de Estado que se vive con las violaciones a los derechos humanos, detenciones indebidas, como el de nuestro hermano, Ejecutivo Nacional de la CSUTCB (Confederaci\u00f3n Sindical \u00danica de Trabajadores Campesinos de Bolivia Ponciano Santos), Ponciano Santos\u00bb, remarc\u00f3 Morales. A falta de confirmaci\u00f3n oficial, los medios locales informaron que un periodista result\u00f3 herido, adem\u00e1s de comerciantes y un efectivo policial.<\/p>\n<div class=\"iframely-embed medium-embedded-content\" data-html=\"Jmx0O2Jsb2NrcXVvdGUgY2xhc3M9InR3aXR0ZXItdHdlZXQiIGRhdGEtZG50PSJ0cnVlIiBhbGlnbj0iY2VudGVyIiZndDsmbHQ7cCBsYW5nPSJlcyIgZGlyPSJsdHIiJmd0O01pbGVzIGRlIGhlcm1hbmFzIHkgaGVybWFub3MgcXVlIGhhY8OtYW4gdW5hIG1hbmlmZXN0YWNpw7NuIHBhY8OtZmljYSAtZXhpZ2llbmRvIGVsIHJlc3BldG8gYSBsb3MgZGVyZWNob3MgZGVtb2Nyw6F0aWNvcy0gIGZ1ZXJvbiBicnV0YWxtZW50ZSByZXByaW1pZG9zIHBvciBjZW50ZW5hcmVzIGRlIHBvbGljw61hcyBkZWwgYWN0dWFsIGdvYmllcm5vLiZsdDticiZndDsmbHQ7YnImZ3Q7UGVkaW1vcyBhIG9yZ2FuaXNtb3MgaW50ZXJuYWNpb25hbGVzIHVuYSB2aXNpdGEgYSBCb2xpdmlhIHBhcmEgaW52ZXN0aWdhciBlbOKApiAmbHQ7YSBocmVmPSJodHRwczovL3QuY28vZzhRd1JuTTBJSSImZ3Q7cGljLnR3aXR0ZXIuY29tL2c4UXdSbk0wSUkmbHQ7L2EmZ3Q7Jmx0Oy9wJmd0OyZhbXA7bWRhc2g7IEV2byBNb3JhbGVzIEF5bWEgKEBldm9lc3B1ZWJsbykgJmx0O2EgaHJlZj0iaHR0cHM6Ly90d2l0dGVyLmNvbS9ldm9lc3B1ZWJsby9zdGF0dXMvMTkyMzQ3OTg0MDA4ODMzNDM0OD9yZWZfc3JjPXR3c3JjJTVFdGZ3IiZndDtNYXkgMTYsIDIwMjUmbHQ7L2EmZ3Q7Jmx0Oy9ibG9ja3F1b3RlJmd0OwombHQ7c2NyaXB0IGFzeW5jIHNyYz0iaHR0cHM6Ly9wbGF0Zm9ybS50d2l0dGVyLmNvbS93aWRnZXRzLmpzIiBjaGFyc2V0PSJ1dGYtOCImZ3Q7Jmx0Oy9zY3JpcHQmZ3Q7CgombHQ7ZGl2IGNsYXNzPSJtZWRpdW0taW5zZXJ0LWVtYmVkcy1tZXRhIiZndDsmbHQ7c2NyaXB0IHR5cGU9InRleHQvanNvbiImZ3Q7eyJ1cmwiOiJodHRwczovL3R3aXR0ZXIuY29tL2V2b2VzcHVlYmxvL3N0YXR1cy8xOTIzNDc5ODQwMDg4MzM0MzQ4IiwidHlwZSI6InJpY2giLCJ2ZXJzaW9uIjoiMS4wIiwidGl0bGUiOiJFdm8gTW9yYWxlcyBBeW1hIG9uIFR3aXR0ZXIgLyBYIiwiYXV0aG9yIjoiRXZvIE1vcmFsZXMgQXltYSIsImF1dGhvcl91cmwiOiJodHRwczovL3R3aXR0ZXIuY29tL2V2b2VzcHVlYmxvIiwicHJvdmlkZXJfbmFtZSI6IlR3aXR0ZXIiLCJkZXNjcmlwdGlvbiI6Ik1pbGVzIGRlIGhlcm1hbmFzIHkgaGVybWFub3MgcXVlIGhhY8OtYW4gdW5hIG1hbmlmZXN0YWNpw7NuIHBhY8OtZmljYSAtZXhpZ2llbmRvIGVsIHJlc3BldG8gYSBsb3MgZGVyZWNob3MgZGVtb2Nyw6F0aWNvcy0gIGZ1ZXJvbiBicnV0YWxtZW50ZSByZXByaW1pZG9zIHBvciBjZW50ZW5hcmVzIGRlIHBvbGljw61hcyBkZWwgYWN0dWFsIGdvYmllcm5vLlBlZGltb3MgYSBvcmdhbmlzbW9zIGludGVybmFjaW9uYWxlcyB1bmEgdmlzaXRhIGEgQm9saXZpYSBwYXJhIGludmVzdGlnYXIgZWzigKYgcGljLnR3aXR0ZXIuY29tL2c4UXdSbk0wSUnigJQgRXZvIE1vcmFsZXMgQXltYSAoQGV2b2VzcHVlYmxvKSBNYXkgMTYsIDIwMjVcblxuXG4iLCJ0aHVtYm5haWxfdXJsIjoiaHR0cHM6Ly9wYnMudHdpbWcuY29tL21lZGlhL0dyR1N0Z0ZXVUFBOW5Zcy5qcGc6bGFyZ2UiLCJ0aHVtYm5haWxfd2lkdGgiOjEwMjQsInRodW1ibmFpbF9oZWlnaHQiOjY4MiwiY2FjaGVfYWdlIjo4NjQwMCwib3B0aW9ucyI6eyJfaGlkZV9tZWRpYSI6eyJsYWJlbCI6IkhpZGUgcGhvdG9zLCB2aWRlb3MsIGFuZCBjYXJkcyIsInZhbHVlIjpmYWxzZX0sIl90aGVtZSI6eyJ2YWx1ZSI6IiIsInZhbHVlcyI6eyJkYXJrIjoiVXNlIGRhcmsgdGhlbWUifX0sIl9tYXh3aWR0aCI6eyJ2YWx1ZSI6IiIsImxhYmVsIjoiQWRqdXN0IHdpZHRoIiwicGxhY2Vob2xkZXIiOiIyMjAtNTUwLCBpbiBweCJ9fX0mbHQ7L3NjcmlwdCZndDsmbHQ7L2RpdiZndDs=\">\n                <a data-iframely-url=\"\" href=\"https:\/\/twitter.com\/evoespueblo\/status\/1923479840088334348\">https:\/\/twitter.com\/evoespueblo\/status\/1923479840088334348<\/a>\n              <\/div>\n<p>El Tribunal Constitucional Plurinacional (TCP) contin\u00faa poniendo trabas a la candidatura del l\u00edder cocalero. El mi\u00e9rcoles reiter\u00f3 que la reelecci\u00f3n presidencial se da por una sola vez de forma continua y sin posibilidad de un tercer mandato, por lo que Morales no podr\u00eda volver a ser candidato al haber gobernado Bolivia en tres ocasiones (2006-2009, 2010-2014 y 2015-2019).<\/p>\n<p>Evo Morales est\u00e1 distanciado de Luis Arce desde finales de 2021 por diferencias en la administraci\u00f3n del Estado y por el control del oficialista Movimiento al Socialismo (MAS), al que lider\u00f3 durante casi 30 a\u00f1os hasta que en noviembre la justicia y el ente electoral reconocieron como presidente del partido a Grover Garc\u00eda, af\u00edn al gobierno.<\/p>\n<p>El expresidente renunci\u00f3 al MAS e impuls\u00f3 la creaci\u00f3n del partido pol\u00edtico Evo Pueblo para participar de las elecciones. Esta semana, <b>Morales tambi\u00e9n rechaz\u00f3 la propuesta de Arce, quien se dio de baja de la carrera presidencial y le pidi\u00f3 que hiciera lo mismo<\/b>. Pero el expresidente respondi\u00f3 que \u00absolo el pueblo\u00bb puede pedirle que lo haga.<\/p>\n<p><!-- Live Blog Post --><\/div>\n<p><script async src=\"\/\/platform.twitter.com\/widgets.js\" charset=\"utf-8\"><\/script><br \/><a href=\"https:\/\/www.pagina12.com.ar\/826285-bolivia-miles-de-personas-marcharon-para-respaldar-la-candid\">source<\/a><\/p>\n","protected":false},"excerpt":{"rendered":"<p>Una caravana compuesta por miles de seguidores del expresidente de Bolivia, Evo Morales, encabez\u00f3 este&#8230;<\/p>\n","protected":false},"author":0,"featured_media":198577,"comment_status":"open","ping_status":"open","sticky":false,"template":"","format":"standard","meta":{"footnotes":""},"categories":[60],"tags":[],"class_list":["post-198576","post","type-post","status-publish","format-standard","has-post-thumbnail","hentry","category-internacional"],"featured_image_urls":{"full":["https:\/\/radiofenix.com.ar\/2023\/wp-content\/uploads\/2025\/05\/wp-header-logo-103.png",960,540,false],"thumbnail":["https:\/\/radiofenix.com.ar\/2023\/wp-content\/uploads\/2025\/05\/wp-header-logo-103-150x150.png",150,150,true],"medium":["https:\/\/radiofenix.com.ar\/2023\/wp-content\/uploads\/2025\/05\/wp-header-logo-103-300x169.png",300,169,true],"medium_large":["https:\/\/radiofenix.com.ar\/2023\/wp-content\/uploads\/2025\/05\/wp-header-logo-103-768x432.png",640,360,true],"large":["https:\/\/radiofenix.com.ar\/2023\/wp-content\/uploads\/2025\/05\/wp-header-logo-103.png",640,360,false],"1536x1536":["https:\/\/radiofenix.com.ar\/2023\/wp-content\/uploads\/2025\/05\/wp-header-logo-103.png",960,540,false],"2048x2048":["https:\/\/radiofenix.com.ar\/2023\/wp-content\/uploads\/2025\/05\/wp-header-logo-103.png",960,540,false],"newsium-slider-full":["https:\/\/radiofenix.com.ar\/2023\/wp-content\/uploads\/2025\/05\/wp-header-logo-103.png",960,540,false],"newsium-featured":["https:\/\/radiofenix.com.ar\/2023\/wp-content\/uploads\/2025\/05\/wp-header-logo-103.png",960,540,false],"newsium-medium":["https:\/\/radiofenix.com.ar\/2023\/wp-content\/uploads\/2025\/05\/wp-header-logo-103-720x475.png",720,475,true]},"author_info":{"info":[""]},"category_info":"<a href=\"https:\/\/radiofenix.com.ar\/2023\/category\/internacional\/\" rel=\"category tag\">Internacional<\/a>","tag_info":"Internacional","comment_count":"0","_links":{"self":[{"href":"https:\/\/radiofenix.com.ar\/2023\/wp-json\/wp\/v2\/posts\/198576","targetHints":{"allow":["GET"]}}],"collection":[{"href":"https:\/\/radiofenix.com.ar\/2023\/wp-json\/wp\/v2\/posts"}],"about":[{"href":"https:\/\/radiofenix.com.ar\/2023\/wp-json\/wp\/v2\/types\/post"}],"replies":[{"embeddable":true,"href":"https:\/\/radiofenix.com.ar\/2023\/wp-json\/wp\/v2\/comments?post=198576"}],"version-history":[{"count":0,"href":"https:\/\/radiofenix.com.ar\/2023\/wp-json\/wp\/v2\/posts\/198576\/revisions"}],"wp:featuredmedia":[{"embeddable":true,"href":"https:\/\/radiofenix.com.ar\/2023\/wp-json\/wp\/v2\/media\/198577"}],"wp:attachment":[{"href":"https:\/\/radiofenix.com.ar\/2023\/wp-json\/wp\/v2\/media?parent=198576"}],"wp:term":[{"taxonomy":"category","embeddable":true,"href":"https:\/\/radiofenix.com.ar\/2023\/wp-json\/wp\/v2\/categories?post=198576"},{"taxonomy":"post_tag","embeddable":true,"href":"https:\/\/radiofenix.com.ar\/2023\/wp-json\/wp\/v2\/tags?post=198576"}],"curies":[{"name":"wp","href":"https:\/\/api.w.org\/{rel}","templated":true}]}}