{"id":198578,"date":"2025-05-18T08:58:15","date_gmt":"2025-05-18T08:58:15","guid":{"rendered":"https:\/\/radiofenix.com.ar\/2023\/presentaron-la-denuncia-por-la-fake-news-de-los-libertarios-delito-penal-de-extrema-gravedad\/"},"modified":"2025-05-18T08:58:15","modified_gmt":"2025-05-18T08:58:15","slug":"presentaron-la-denuncia-por-la-fake-news-de-los-libertarios-delito-penal-de-extrema-gravedad","status":"publish","type":"post","link":"https:\/\/radiofenix.com.ar\/2023\/presentaron-la-denuncia-por-la-fake-news-de-los-libertarios-delito-penal-de-extrema-gravedad\/","title":{"rendered":"Presentaron la denuncia por la fake news de los libertarios: &quot;delito penal de extrema gravedad&quot;"},"content":{"rendered":"<div id=\"\">\n<h2>La denuncia presentada este s\u00e1bado a \u00faltima hora<\/h2>\n<p>Los apoderados del frente que encabeza Lospennato presentaron la denuncia por la maniobra de los socios del PRO en el Congreso de la Naci\u00f3n, algo llamativo, donde marcan que se trata de \u00abun delito penal de extrema gravedad institucional\u00bb<\/p>\n<p><strong>\u00abVenimos a formular la presente denuncia por infracci\u00f3n a la normativa electoral vigente y la comisi\u00f3n de un delito, en raz\u00f3n de la circulaci\u00f3n masiva, en redes sociales y plataformas digitales, de un video manipulado que simula la imagen y voz del ex Presidente de la Naci\u00f3n, Mauricio Macri, con el claro objetivo de confundir al electorado e inducirlo a modificar su decisi\u00f3n de voto a menos de 24 horas del comicio\u00bb<\/strong>, se\u00f1ala el escrito.<\/p>\n<p><strong>\u00abLa maniobra, adem\u00e1s de constituir un delito penal de extrema gravedad institucional, atenta contra el principio de integridad del proceso electoral, y de forma ostensible busca favorecer a la lista encabezada por Manuel Adorni, perteneciente a la Alianza La Libertad Avanza, en desmedro de nuestra lista, encabezada por Silvia Lospennato<\/strong>\u00ab, dice la denuncia a la que tuvo acceso minutouno.com.<\/p>\n<div contenteditable=\"false\" class=\"embed_cont type_imagen\" id=\"8076223-Libre-348293084_wrap\">\n<p>image.png <span onclick=\"parent.parent.TinyMCETdcuerpo.preview_embed('8076223-Libre-348293084')\" class=\"embed_colapse less\" id=\"8076223-Libre-348293084_colapse\"\/>  <span onclick=\"parent.parent.TinyMCETdcuerpo.delete_embed('8076223-Libre-348293084')\" class=\"embed_delete less\" id=\"8076223-Libre-348293084_delete\"\/><\/p>\n<div id=\"8076223-Libre-348293084_content\" class=\"embed_content\"><img decoding=\"async\" src=\"https:\/\/media.minutouno.com\/p\/5c7e6baa3c458c7e2446390412ab86f3\/adjuntos\/150\/imagenes\/042\/431\/0042431264\/610x0\/smart\/imagepng.png\" alt=\"\" title=\"\" width=\"610\" height=\"undefined\" id=\"8076223-Libre-348293084_embed\"\/><\/div>\n<\/p><\/div>\n<p>\u00abEsta maniobra tiene un \u00fanico objetivo evidente: desinformar y manipular al electorado, generando confusi\u00f3n e induciendo al cambio de voto, con un impacto particularmente grave por tratarse de la v\u00edspera de la elecci\u00f3n\u00bb, se expone en la denuncia.<\/p>\n<p>Y agrega: \u00abResulta igualmente claro que la lista a la que se pretende beneficiar con esta maniobra es la encabezada por Manuel Adorni, de la alianza La Libertad Avanza. Tal favorecimiento es innegable, dado que el video induce a interpretar falsamente una declinaci\u00f3n del respaldo pol\u00edtico hacia nuestra lista y una redirecci\u00f3n del voto hacia su espacio\u00bb.<\/p>\n<p>En el escrito, los apoderados solicitan con car\u00e1cter urgente las siguientes medidas cautelares, entre otros:<\/p>\n<ol>\n<li>La remoci\u00f3n inmediata del video ap\u00f3crifo de todas las plataformas digitales.<\/li>\n<li>El bloqueo preventivo de toda publicaci\u00f3n que reproduzca o amplifique el contenido denunciado.<\/li>\n<li>Se libren oficios urgentes a X, YouTube, Meta\/Facebook, Instagram, TikTok y otras plataformas relevantes, a fin de: Preservar los registros de publicaci\u00f3n.<\/li>\n<li>Informar los datos de identificaci\u00f3n t\u00e9cnica (usuarios, IPs, fechas).<\/li>\n<\/ol>\n<h2><strong> \u00bfSeguir\u00e1n juntos Macri y Milei en el Congreso?<\/strong><\/h2>\n<p><strong> La feroz interna entre La Libertad Avanza de Javier Milei y el PRO de Mauricio Macri suma un nuevo cap\u00edtulo:<\/strong> seg\u00fan denunci\u00f3 la mism\u00edsima <strong>Silvia Lospennato<\/strong> -candidata a legisladora porte\u00f1a en las elecciones legislativas de la Ciudad- el Gordo Dan, la cuenta de X @MileiEmperador -atribu\u00edda a Santiago Caputo- y otros usuarios libertarios difundieron un video donde el titular del partido amarillo manifiesta que se baja de los comicios para que \u00abno gane el kirchnerismo\u00bb.<\/p>\n<p>En este sentido, la candidata del PRO sostuvo que \u00abLa Libertad Avanza volvi\u00f3 a cruzar todos los l\u00edmites de la mentira\u00bb para \u00abconfundir a los electores\u00bb. Y agreg\u00f3: <strong>\u00abEso es un delito electoral. A los mentirosos y los que no respetan las reglas se les gana con votos y decencia\u00bb<\/strong>, manifest\u00f3 Lospennato en su cuenta de X.<\/p>\n<p>En el material en cuesti\u00f3n, se puede ver a un cambiado Mauricio Macri diciendo: \u00abQuer\u00eda contarles que tom\u00e9 la decisi\u00f3n de bajar la candidatura de Silvia Lospennato. Y ya s\u00e9, se preguntar\u00e1n por qu\u00e9, y no estar\u00e1n entendiendo el mensaje, pero todos los pron\u00f3sticos muestran que el kirchnerismo est\u00e1 primero en la Ciudad y eso no lo podemos permitir\u00bb.<\/p>\n<p>Con una voz que claramente no es la suya y un rostro que delata el uso de inteligencia artificial, el falso Mauricio contin\u00faa: \u00abPor eso, te pido que este domingo vayas a votar por Manuel Adorni. Si bien recientemente tuve diferencias con el presidente Javier Milei, ustedes bien saben que siempre voy a defender la Rep\u00fablica y las instituciones\u00bb.<\/p>\n<p>\u00abCuando vayas a votar ma\u00f1ana, por cuestiones t\u00e9cnicas y de tiempo, la lista de Silvia seguir\u00e1 apareciendo en la pantalla, por eso este mensaje. <strong>Votemos todos al candidato del presidente Milei y no permitamos que el kirchnerismo gane en la Ciudad de Buenos Aires<\/strong>\u00ab, cierra.<\/p>\n<p>Con m\u00fasica majestuosa, propia de los libertarios, el video pide que \u00abfrenemos al kirchnerismo, votando a Manuel Adorni\u00bb.<\/p>\n<p>Uno de los encargados de fogonear el falso video fue <strong>Daniel Parisini, m\u00e1s conocido como \u00abGordo Dan\u00bb<\/strong>, tal como denunci\u00f3 Lospennato. As\u00ed tambi\u00e9n lo hicieron otras tantas cuentas de trolls libertarios, con el objetivo de darle un golpe bajo al partido amarillo.<\/p>\n<\/div>\n<p><a href=\"https:\/\/www.minutouno.com\/politica\/presentaron-la-denuncia-la-fake-news-los-libertarios-delito-penal-extrema-gravedad-n6146430\">source<\/a><\/p>\n","protected":false},"excerpt":{"rendered":"<p>La denuncia presentada este s\u00e1bado a \u00faltima hora Los apoderados del frente que encabeza Lospennato&#8230;<\/p>\n","protected":false},"author":0,"featured_media":198579,"comment_status":"open","ping_status":"open","sticky":false,"template":"","format":"standard","meta":{"footnotes":""},"categories":[2],"tags":[],"class_list":["post-198578","post","type-post","status-publish","format-standard","has-post-thumbnail","hentry","category-politica"],"featured_image_urls":{"full":["https:\/\/radiofenix.com.ar\/2023\/wp-content\/uploads\/2025\/05\/wp-header-logo-104.png",610,446,false],"thumbnail":["https:\/\/radiofenix.com.ar\/2023\/wp-content\/uploads\/2025\/05\/wp-header-logo-104-150x150.png",150,150,true],"medium":["https:\/\/radiofenix.com.ar\/2023\/wp-content\/uploads\/2025\/05\/wp-header-logo-104-300x219.png",300,219,true],"medium_large":["https:\/\/radiofenix.com.ar\/2023\/wp-content\/uploads\/2025\/05\/wp-header-logo-104.png",610,446,false],"large":["https:\/\/radiofenix.com.ar\/2023\/wp-content\/uploads\/2025\/05\/wp-header-logo-104.png",610,446,false],"1536x1536":["https:\/\/radiofenix.com.ar\/2023\/wp-content\/uploads\/2025\/05\/wp-header-logo-104.png",610,446,false],"2048x2048":["https:\/\/radiofenix.com.ar\/2023\/wp-content\/uploads\/2025\/05\/wp-header-logo-104.png",610,446,false],"newsium-slider-full":["https:\/\/radiofenix.com.ar\/2023\/wp-content\/uploads\/2025\/05\/wp-header-logo-104.png",610,446,false],"newsium-featured":["https:\/\/radiofenix.com.ar\/2023\/wp-content\/uploads\/2025\/05\/wp-header-logo-104.png",610,446,false],"newsium-medium":["https:\/\/radiofenix.com.ar\/2023\/wp-content\/uploads\/2025\/05\/wp-header-logo-104.png",610,446,false]},"author_info":{"info":[""]},"category_info":"<a href=\"https:\/\/radiofenix.com.ar\/2023\/category\/politica\/\" rel=\"category tag\">Pol\u00edtica<\/a>","tag_info":"Pol\u00edtica","comment_count":"0","_links":{"self":[{"href":"https:\/\/radiofenix.com.ar\/2023\/wp-json\/wp\/v2\/posts\/198578","targetHints":{"allow":["GET"]}}],"collection":[{"href":"https:\/\/radiofenix.com.ar\/2023\/wp-json\/wp\/v2\/posts"}],"about":[{"href":"https:\/\/radiofenix.com.ar\/2023\/wp-json\/wp\/v2\/types\/post"}],"replies":[{"embeddable":true,"href":"https:\/\/radiofenix.com.ar\/2023\/wp-json\/wp\/v2\/comments?post=198578"}],"version-history":[{"count":0,"href":"https:\/\/radiofenix.com.ar\/2023\/wp-json\/wp\/v2\/posts\/198578\/revisions"}],"wp:featuredmedia":[{"embeddable":true,"href":"https:\/\/radiofenix.com.ar\/2023\/wp-json\/wp\/v2\/media\/198579"}],"wp:attachment":[{"href":"https:\/\/radiofenix.com.ar\/2023\/wp-json\/wp\/v2\/media?parent=198578"}],"wp:term":[{"taxonomy":"category","embeddable":true,"href":"https:\/\/radiofenix.com.ar\/2023\/wp-json\/wp\/v2\/categories?post=198578"},{"taxonomy":"post_tag","embeddable":true,"href":"https:\/\/radiofenix.com.ar\/2023\/wp-json\/wp\/v2\/tags?post=198578"}],"curies":[{"name":"wp","href":"https:\/\/api.w.org\/{rel}","templated":true}]}}