{"id":198584,"date":"2025-05-19T08:57:17","date_gmt":"2025-05-19T08:57:17","guid":{"rendered":"https:\/\/radiofenix.com.ar\/2023\/un-hombre-apunala-a-varias-personas-entre-ellas-ninos\/"},"modified":"2025-05-19T08:57:17","modified_gmt":"2025-05-19T08:57:17","slug":"un-hombre-apunala-a-varias-personas-entre-ellas-ninos","status":"publish","type":"post","link":"https:\/\/radiofenix.com.ar\/2023\/un-hombre-apunala-a-varias-personas-entre-ellas-ninos\/","title":{"rendered":"Un hombre apu\u00f1ala a varias personas, entre ellas ni\u00f1os\u00a0"},"content":{"rendered":"<div><!-- Body --><\/p>\n<p>Un hombre h<b>a apu\u00f1alado con un cuchillo a varias personas, entre ellas varios ni\u00f1os<\/b>, en Halle, cerca de la ciudad alemana de <b>Leipzig<\/b>, en el este del pa\u00eds, inform\u00f3 el peri\u00f3dico <i>Mitteldeutsche Zeitung<\/i>. <\/p>\n<p>Un portavoz de la Polic\u00eda confirm\u00f3 a ese medio que al menos tres personas resultaron heridas. Entre los heridos figurar\u00eda una ni\u00f1a de 12 a\u00f1os, seg\u00fan el diario <i>Bild<\/i>. El sospechoso fue localizado en un edificio de apartamentos y detenido.<\/p>\n<p>Un testigo presencial inform\u00f3 al <i>Mitteldeutsche Zeitung<\/i> que <b>hab\u00eda visto a un hombre apu\u00f1alando con un cuchillo de grandes dimensiones a varios ni\u00f1os que estaban sentados frente a la entrada de una casa.<\/b><\/p>\n<p>Seg\u00fan lo publicado por el\u00a0<i>Bild <\/i>en su portal web, antes del ataque, ocurrido hacia las 16.30 GMT, hubo u<b>na discusi\u00f3n verbal en el edificio de apartamentos<\/b>, que acab\u00f3 subiendo de tono.<\/p>\n<p>El ataque ocurre despu\u00e9s de <b>otro que tuvo lugar el s\u00e1bado por la noche en Bielefeld<\/b>, en el oeste de Alemania, donde <b>un hombre hiri\u00f3 al menos a cinco personas con un objeto punzante.\u00a0<\/b>El hombre se ha dado a la fuga y la Polic\u00eda lo busca.<\/p>\n<p>Cuatro v\u00edctimas sufrieron heridas graves y est\u00e1n siendo atendidas en el hospital, seg\u00fan la Polic\u00eda.<\/p>\n<p>A\u00fan se desconoce el trasfondo del delito y el m\u00f3vil del sospechoso, que atac\u00f3 a unas personas que festejaban ruidosamente, bastante alcoholizados, frente a un bar del centro de la ciudad, que eran supuestamente hinchas problem\u00e1ticos del ambiente futbol\u00edstico de Bielefeld.<\/p>\n<p>Durante la b\u00fasqueda de pruebas en el lugar del crimen, los agentes se incautaron de varios cuchillos. Tambi\u00e9n encontraron una bolsa abandonada por el presunto autor, que conten\u00eda documentos de identidad y una botella con un l\u00edquido desconocido que ol\u00eda a gasolina y que ser\u00e1 sometido a peritajes. Seg\u00fan los resultados de esos an\u00e1lisis, se podr\u00eda agregar a lo imputado al sospechoso el delito de tentativa de incendio.<\/p>\n<p><!-- Live Blog Post --><\/div>\n<p><a href=\"https:\/\/www.pagina12.com.ar\/826773-un-hombre-apunala-a-varias-personas-entre-ellas-ninos\">source<\/a><\/p>\n","protected":false},"excerpt":{"rendered":"<p>Un hombre ha apu\u00f1alado con un cuchillo a varias personas, entre ellas varios ni\u00f1os, en&#8230;<\/p>\n","protected":false},"author":0,"featured_media":198585,"comment_status":"open","ping_status":"open","sticky":false,"template":"","format":"standard","meta":{"footnotes":""},"categories":[7],"tags":[],"class_list":["post-198584","post","type-post","status-publish","format-standard","has-post-thumbnail","hentry","category-sociedad"],"featured_image_urls":{"full":["https:\/\/radiofenix.com.ar\/2023\/wp-content\/uploads\/2025\/05\/wp-header-logo-107.png",960,540,false],"thumbnail":["https:\/\/radiofenix.com.ar\/2023\/wp-content\/uploads\/2025\/05\/wp-header-logo-107-150x150.png",150,150,true],"medium":["https:\/\/radiofenix.com.ar\/2023\/wp-content\/uploads\/2025\/05\/wp-header-logo-107-300x169.png",300,169,true],"medium_large":["https:\/\/radiofenix.com.ar\/2023\/wp-content\/uploads\/2025\/05\/wp-header-logo-107-768x432.png",640,360,true],"large":["https:\/\/radiofenix.com.ar\/2023\/wp-content\/uploads\/2025\/05\/wp-header-logo-107.png",640,360,false],"1536x1536":["https:\/\/radiofenix.com.ar\/2023\/wp-content\/uploads\/2025\/05\/wp-header-logo-107.png",960,540,false],"2048x2048":["https:\/\/radiofenix.com.ar\/2023\/wp-content\/uploads\/2025\/05\/wp-header-logo-107.png",960,540,false],"newsium-slider-full":["https:\/\/radiofenix.com.ar\/2023\/wp-content\/uploads\/2025\/05\/wp-header-logo-107.png",960,540,false],"newsium-featured":["https:\/\/radiofenix.com.ar\/2023\/wp-content\/uploads\/2025\/05\/wp-header-logo-107.png",960,540,false],"newsium-medium":["https:\/\/radiofenix.com.ar\/2023\/wp-content\/uploads\/2025\/05\/wp-header-logo-107-720x475.png",720,475,true]},"author_info":{"info":[""]},"category_info":"<a href=\"https:\/\/radiofenix.com.ar\/2023\/category\/sociedad\/\" rel=\"category tag\">Sociedad<\/a>","tag_info":"Sociedad","comment_count":"0","_links":{"self":[{"href":"https:\/\/radiofenix.com.ar\/2023\/wp-json\/wp\/v2\/posts\/198584","targetHints":{"allow":["GET"]}}],"collection":[{"href":"https:\/\/radiofenix.com.ar\/2023\/wp-json\/wp\/v2\/posts"}],"about":[{"href":"https:\/\/radiofenix.com.ar\/2023\/wp-json\/wp\/v2\/types\/post"}],"replies":[{"embeddable":true,"href":"https:\/\/radiofenix.com.ar\/2023\/wp-json\/wp\/v2\/comments?post=198584"}],"version-history":[{"count":0,"href":"https:\/\/radiofenix.com.ar\/2023\/wp-json\/wp\/v2\/posts\/198584\/revisions"}],"wp:featuredmedia":[{"embeddable":true,"href":"https:\/\/radiofenix.com.ar\/2023\/wp-json\/wp\/v2\/media\/198585"}],"wp:attachment":[{"href":"https:\/\/radiofenix.com.ar\/2023\/wp-json\/wp\/v2\/media?parent=198584"}],"wp:term":[{"taxonomy":"category","embeddable":true,"href":"https:\/\/radiofenix.com.ar\/2023\/wp-json\/wp\/v2\/categories?post=198584"},{"taxonomy":"post_tag","embeddable":true,"href":"https:\/\/radiofenix.com.ar\/2023\/wp-json\/wp\/v2\/tags?post=198584"}],"curies":[{"name":"wp","href":"https:\/\/api.w.org\/{rel}","templated":true}]}}