{"id":198588,"date":"2025-05-19T08:57:21","date_gmt":"2025-05-19T08:57:21","guid":{"rendered":"https:\/\/radiofenix.com.ar\/2023\/estados-unidos-joe-biden-sufre-un-cancer-de-prostata-agresivo\/"},"modified":"2025-05-19T08:57:21","modified_gmt":"2025-05-19T08:57:21","slug":"estados-unidos-joe-biden-sufre-un-cancer-de-prostata-agresivo","status":"publish","type":"post","link":"https:\/\/radiofenix.com.ar\/2023\/estados-unidos-joe-biden-sufre-un-cancer-de-prostata-agresivo\/","title":{"rendered":"Estados Unidos: Joe Biden sufre un c\u00e1ncer de pr\u00f3stata agresivo"},"content":{"rendered":"<div><!-- Body --><\/p>\n<p>El expresidente estadounidense<b> Joe Biden<\/b> fue diagnosticado con una <b>forma \u00abagresiva\u00bb de c\u00e1ncer de pr\u00f3stata<\/b> que se ha extendido a sus huesos, por lo que eval\u00faa opciones de tratamiento junto a su familia, seg\u00fan un comunicado de su oficina emitido el domingo.<\/p>\n<p>El viernes, el dem\u00f3crata de 82 a\u00f1os recibi\u00f3 el diagn\u00f3stico despu\u00e9s de experimentar s\u00edntomas urinarios cada vez m\u00e1s intensos y de que se le detectara un nuevo n\u00f3dulo en la pr\u00f3stata, seg\u00fan la nota.<\/p>\n<p>\u00abSi bien se trata de una forma m\u00e1s agresiva de la enfermedad, el c\u00e1ncer parece ser sensible a las hormonas, lo que permite un manejo eficaz. <b>El presidente y su familia est\u00e1n estudiando las opciones de tratamiento con sus m\u00e9dicos\u00bb<\/b>, contin\u00faa el texto.<\/p>\n<p>El presidente de Estados Unidos, <b>Donald Trump<\/b>, quien durante mucho tiempo ha criticado a Biden por sus capacidades cognitivas y su edad, a pesar de ser solo cuatro a\u00f1os m\u00e1s joven, dijo que estaba \u00abentristecido\u00bb por la noticia.<\/p>\n<p>\u00abEnviamos nuestros m\u00e1s c\u00e1lidos y mejores deseos a Jill y a la familia, y le deseamos a Joe una r\u00e1pida y exitosa recuperaci\u00f3n\u00bb, dijo el magnate en su red Truth Social, en referencia a la esposa de Biden.<\/p>\n<p><b>\u00abJoe es un luchador\u00bb, dijo tambi\u00e9n en X Kamala Harris, la vicepresidenta de Biden, quien lo sustituy\u00f3 como candidata en la batalla contra Trump<\/b> despu\u00e9s de que el dem\u00f3crata se retirara de las presidenciales del a\u00f1o pasado.<\/p>\n<p>\u00abS\u00e9 que afrontar\u00e1 este reto con la misma fuerza, resiliencia y optimismo que siempre han caracterizado su vida y su liderazgo. Esperamos que se recupere pronto y por completo\u00bb, continu\u00f3.<\/p>\n<p>El c\u00e1ncer de pr\u00f3stata es el tipo de c\u00e1ncer m\u00e1s com\u00fan en los hombres. La terapia hormonal es un tratamiento habitual que puede reducir los tumores y ralentizar su crecimiento, pero no es una cura.<\/p>\n<p>Seg\u00fan el comunicado de su despacho, el c\u00e1ncer que padece el expresidente tiene \u00abuna puntuaci\u00f3n de Gleason de 9 (grupo de grado 5)\u00bb. <\/p>\n<p>El c\u00e1ncer de pr\u00f3stata que presenta un aspecto \u00abmuy anormal\u00bb recibe la calificaci\u00f3n m\u00e1s alta, el grado 5, seg\u00fan la Sociedad Americana contra el C\u00e1ncer. La puntuaci\u00f3n de Gleason suele indicar la suma de los grados de las dos \u00e1reas de la pr\u00f3stata donde se concentra la mayor parte del c\u00e1ncer.<\/p>\n<h2>\u00a0\u00abM\u00edrenme\u00bb\u00a0<\/h2>\n<p>Biden dej\u00f3 el cargo en enero de este a\u00f1o como el presidente en ejercicio m\u00e1s veterano de la historia de Estados Unidos, y durante gran parte de su administraci\u00f3n se vio acosado por preguntas sobre su salud y su edad.<\/p>\n<p>Durante a\u00f1os se enfrent\u00f3 a preguntas, incluso de votantes dem\u00f3cratas, sobre si era demasiado mayor \u2014 debido a lapsus de agudeza mental o problemas resistencia f\u00edsica\u2014 para un trabajo tan exigente como la presidencia.<\/p>\n<p>Su respuesta a los esc\u00e9pticos fue contundente: \u00abM\u00edrenme\u00bb.<\/p>\n<p>Pero en julio del a\u00f1o pasado se vio obligado a abandonar su candidatura a la reelecci\u00f3n tras un desastroso debate contra Trump, en el que surgieron temores sobre su declive y sus capacidades cognitivas.<\/p>\n<p>La vicepresidenta Harris termin\u00f3 perdiendo frente al magnate.<\/p>\n<p>Biden, que venci\u00f3 a Trump en las urnas en 2020, sostiene que podr\u00eda haber ganado las elecciones de 2024 tambi\u00e9n, pero desde hace meses circulan interrogantes sobre las respuestas de su equipo y de figuras clave del Partido Dem\u00f3crata ante los evidentes signos de su deterioro.<\/p>\n<p>Estos se han avivado con la pr\u00f3xima publicaci\u00f3n, prevista para el martes, del libro \u00abOriginal Sin: President Biden&#8217;s Decline, Its Cover-Up, and His Disastrous Choice to Run Again\u00bb <i>(El pecado original: el declive del presidente Biden, su encubrimiento y su desastrosa decisi\u00f3n de volver a postularse)<\/i>, del periodista de la CNN Jake Tapper y Alex Thompson, de Axios.<\/p>\n<p>La semana pasada, la difusi\u00f3n de una grabaci\u00f3n en la que Biden hablaba con vacilaci\u00f3n y le cuesta recordar acontecimientos y fechas clave reaviv\u00f3 el debate sobre sus capacidades mientras a\u00fan ocupaba el cargo.<\/p>\n<p>La vida de Biden ha estado marcada por tragedias personales. En 1972, su esposa y su hija peque\u00f1a murieron en un accidente de autom\u00f3vil, pocos d\u00edas despu\u00e9s de que fuera elegido senador a la edad de 29 a\u00f1os.<\/p>\n<p>Biden se someti\u00f3 a dos cirug\u00edas en 1988 por aneurismas cerebrales. En 2023, le extirparon una lesi\u00f3n cut\u00e1nea, un carcinoma basocelular, del pecho. Y antes, le hab\u00edan extra\u00eddo otras lesiones cut\u00e1neas no melan\u00f3micas.<\/p>\n<p>Otro de sus hijos, Beau Biden, falleci\u00f3 de c\u00e1ncer cerebral en 2015.<\/p>\n<p><!-- Live Blog Post --><\/div>\n<p><a href=\"https:\/\/www.pagina12.com.ar\/826820-estados-unidos-joe-biden-sufre-un-cancer-de-prostata-agresiv\">source<\/a><\/p>\n","protected":false},"excerpt":{"rendered":"<p>El expresidente estadounidense Joe Biden fue diagnosticado con una forma \u00abagresiva\u00bb de c\u00e1ncer de pr\u00f3stata&#8230;<\/p>\n","protected":false},"author":0,"featured_media":198589,"comment_status":"open","ping_status":"open","sticky":false,"template":"","format":"standard","meta":{"footnotes":""},"categories":[60],"tags":[],"class_list":["post-198588","post","type-post","status-publish","format-standard","has-post-thumbnail","hentry","category-internacional"],"featured_image_urls":{"full":["https:\/\/radiofenix.com.ar\/2023\/wp-content\/uploads\/2025\/05\/wp-header-logo-109.png",960,540,false],"thumbnail":["https:\/\/radiofenix.com.ar\/2023\/wp-content\/uploads\/2025\/05\/wp-header-logo-109-150x150.png",150,150,true],"medium":["https:\/\/radiofenix.com.ar\/2023\/wp-content\/uploads\/2025\/05\/wp-header-logo-109-300x169.png",300,169,true],"medium_large":["https:\/\/radiofenix.com.ar\/2023\/wp-content\/uploads\/2025\/05\/wp-header-logo-109-768x432.png",640,360,true],"large":["https:\/\/radiofenix.com.ar\/2023\/wp-content\/uploads\/2025\/05\/wp-header-logo-109.png",640,360,false],"1536x1536":["https:\/\/radiofenix.com.ar\/2023\/wp-content\/uploads\/2025\/05\/wp-header-logo-109.png",960,540,false],"2048x2048":["https:\/\/radiofenix.com.ar\/2023\/wp-content\/uploads\/2025\/05\/wp-header-logo-109.png",960,540,false],"newsium-slider-full":["https:\/\/radiofenix.com.ar\/2023\/wp-content\/uploads\/2025\/05\/wp-header-logo-109.png",960,540,false],"newsium-featured":["https:\/\/radiofenix.com.ar\/2023\/wp-content\/uploads\/2025\/05\/wp-header-logo-109.png",960,540,false],"newsium-medium":["https:\/\/radiofenix.com.ar\/2023\/wp-content\/uploads\/2025\/05\/wp-header-logo-109-720x475.png",720,475,true]},"author_info":{"info":[""]},"category_info":"<a href=\"https:\/\/radiofenix.com.ar\/2023\/category\/internacional\/\" rel=\"category tag\">Internacional<\/a>","tag_info":"Internacional","comment_count":"0","_links":{"self":[{"href":"https:\/\/radiofenix.com.ar\/2023\/wp-json\/wp\/v2\/posts\/198588","targetHints":{"allow":["GET"]}}],"collection":[{"href":"https:\/\/radiofenix.com.ar\/2023\/wp-json\/wp\/v2\/posts"}],"about":[{"href":"https:\/\/radiofenix.com.ar\/2023\/wp-json\/wp\/v2\/types\/post"}],"replies":[{"embeddable":true,"href":"https:\/\/radiofenix.com.ar\/2023\/wp-json\/wp\/v2\/comments?post=198588"}],"version-history":[{"count":0,"href":"https:\/\/radiofenix.com.ar\/2023\/wp-json\/wp\/v2\/posts\/198588\/revisions"}],"wp:featuredmedia":[{"embeddable":true,"href":"https:\/\/radiofenix.com.ar\/2023\/wp-json\/wp\/v2\/media\/198589"}],"wp:attachment":[{"href":"https:\/\/radiofenix.com.ar\/2023\/wp-json\/wp\/v2\/media?parent=198588"}],"wp:term":[{"taxonomy":"category","embeddable":true,"href":"https:\/\/radiofenix.com.ar\/2023\/wp-json\/wp\/v2\/categories?post=198588"},{"taxonomy":"post_tag","embeddable":true,"href":"https:\/\/radiofenix.com.ar\/2023\/wp-json\/wp\/v2\/tags?post=198588"}],"curies":[{"name":"wp","href":"https:\/\/api.w.org\/{rel}","templated":true}]}}