{"id":198590,"date":"2025-05-19T08:57:24","date_gmt":"2025-05-19T08:57:24","guid":{"rendered":"https:\/\/radiofenix.com.ar\/2023\/federico-sturzenegger-sobre-la-fake-news-contra-el-pro-era-bastante-gracioso-y-parecia-un-chiste\/"},"modified":"2025-05-19T08:57:24","modified_gmt":"2025-05-19T08:57:24","slug":"federico-sturzenegger-sobre-la-fake-news-contra-el-pro-era-bastante-gracioso-y-parecia-un-chiste","status":"publish","type":"post","link":"https:\/\/radiofenix.com.ar\/2023\/federico-sturzenegger-sobre-la-fake-news-contra-el-pro-era-bastante-gracioso-y-parecia-un-chiste\/","title":{"rendered":"Federico Sturzenegger, sobre la fake news contra el PRO: &quot;Era bastante gracioso y parec\u00eda un chiste&quot;"},"content":{"rendered":"<div id=\"\">\n<p><span id=\"saysCMSEmphasiswhipp7afn9s\">M\u00e1s all\u00e1 de esta primera definici\u00f3n, se separ\u00f3 de la postura beligerante de Patricia Bullrich y reconoci\u00f3: \u00abHoy, en realidad cuando haces este tipo de cosas con IA, que replica la voz perfecta, creo que era m\u00e1s o menos un gancho que nos daba el que lo hab\u00eda hecho que era un chiste, me parece que hay que interpretarlo as\u00ed\u00bb. <\/span><\/p>\n<p><span class=\"saysCMSEmphasis\" id=\"saysCMSEmphasism4nu7blzpb\"> \u00abObviamente en un mundo donde hay libertad de expresi\u00f3n y en estos tiempos de IA, bueno pasa eso. A nosotros tambi\u00e9n nos hacen esos, fotos con IA, videos y me parece que es parte de esa libertad de expresi\u00f3n. De ah\u00ed a relacionarlo con alg\u00fan partido o algo me parece que no tiene ning\u00fan sentido\u201d, consign\u00f3. <\/span><\/p>\n<h2>Al igual que Javier Milei, Patricia Bullrich atac\u00f3 a Mauricio Macri<\/h2>\n<p><span class=\"saysCMSEmphasis\" id=\"saysCMSEmphasiswvqualn9zce\">Al ser consultada por a fake news difundida por los tuiteros libertarios, la ministra de Seguridad, Patricia Bullrich, manifest\u00f3: \u00abLa realidad es que sacaron un video que era un insulto a todos y cada uno de los que conformamos el gobierno. Pegaron abajo de la cintura y ahora aparece un video que nadie sabe qui\u00e9n lo hizo, que no es de La Libertad Avanza, sino de alg\u00fan ingenioso; y Macri dice que fue Santiago Caputo pero eso es algo que \u00e9l cree\u00bb.<\/span><\/p>\n<p>\u00abEllos sacaron un video agresiv\u00edsimo en su cuenta oficial, esto es un video hecho por el ingenio de las nuevas generaciones. Lo que hace Macri es ponerse en una situaci\u00f3n de poco car\u00e1cter\u00bb, asegur\u00f3.<\/p>\n<p>Asimismo, coment\u00f3: \u00abAyer estuve todo el d\u00eda en Z\u00e1rate y Campana, volv\u00ed, estuve con otra cosa.<strong> La conferencia que hizo hoy de Macri me pareci\u00f3 de muy poco car\u00e1cter, porque despu\u00e9s de la campa\u00f1a que hizo, no puede decir que un video silvestre, que no es de la LLA, lo critica. <\/strong><strong>No importa qui\u00e9n lo difunde, lo que importa es que no es oficial<\/strong>\u00ab, continu\u00f3 Patricia Bullrich, con el poco esp\u00edritu democr\u00e1tico que la caracteriza.<\/p>\n<p>\u00ab\u00bfPor qu\u00e9 no miran ese video agresivo que hicieron el jueves, con el Presidente diciendo traidores? Si pegaste abajo de la cintura, \u00bfsale alguien silvestre y saca un video y te pon\u00e9s sin car\u00e1cter y te pas\u00e1s una ma\u00f1ana hablando de eso para distraer la elecci\u00f3n?<strong> El &#8216;vale todo&#8217; lo instal\u00f3 el equipo de campa\u00f1a de Mauricio Macri\u00bb<\/strong>, concluy\u00f3.<\/p>\n<\/p><\/div>\n<p><a href=\"https:\/\/www.minutouno.com\/politica\/federico-sturzenegger-la-fake-news-contra-el-pro-era-bastante-gracioso-y-parecia-un-chiste-n6146587\">source<\/a><\/p>\n","protected":false},"excerpt":{"rendered":"<p>M\u00e1s all\u00e1 de esta primera definici\u00f3n, se separ\u00f3 de la postura beligerante de Patricia Bullrich&#8230;<\/p>\n","protected":false},"author":0,"featured_media":198591,"comment_status":"open","ping_status":"open","sticky":false,"template":"","format":"standard","meta":{"footnotes":""},"categories":[2],"tags":[],"class_list":["post-198590","post","type-post","status-publish","format-standard","has-post-thumbnail","hentry","category-politica"],"featured_image_urls":{"full":["https:\/\/radiofenix.com.ar\/2023\/wp-content\/uploads\/2025\/05\/wp-header-logo-110.png",1200,675,false],"thumbnail":["https:\/\/radiofenix.com.ar\/2023\/wp-content\/uploads\/2025\/05\/wp-header-logo-110-150x150.png",150,150,true],"medium":["https:\/\/radiofenix.com.ar\/2023\/wp-content\/uploads\/2025\/05\/wp-header-logo-110-300x169.png",300,169,true],"medium_large":["https:\/\/radiofenix.com.ar\/2023\/wp-content\/uploads\/2025\/05\/wp-header-logo-110-768x432.png",640,360,true],"large":["https:\/\/radiofenix.com.ar\/2023\/wp-content\/uploads\/2025\/05\/wp-header-logo-110-1024x576.png",640,360,true],"1536x1536":["https:\/\/radiofenix.com.ar\/2023\/wp-content\/uploads\/2025\/05\/wp-header-logo-110.png",1200,675,false],"2048x2048":["https:\/\/radiofenix.com.ar\/2023\/wp-content\/uploads\/2025\/05\/wp-header-logo-110.png",1200,675,false],"newsium-slider-full":["https:\/\/radiofenix.com.ar\/2023\/wp-content\/uploads\/2025\/05\/wp-header-logo-110.png",1200,675,false],"newsium-featured":["https:\/\/radiofenix.com.ar\/2023\/wp-content\/uploads\/2025\/05\/wp-header-logo-110-1024x576.png",1024,576,true],"newsium-medium":["https:\/\/radiofenix.com.ar\/2023\/wp-content\/uploads\/2025\/05\/wp-header-logo-110-720x475.png",720,475,true]},"author_info":{"info":[""]},"category_info":"<a href=\"https:\/\/radiofenix.com.ar\/2023\/category\/politica\/\" rel=\"category tag\">Pol\u00edtica<\/a>","tag_info":"Pol\u00edtica","comment_count":"0","_links":{"self":[{"href":"https:\/\/radiofenix.com.ar\/2023\/wp-json\/wp\/v2\/posts\/198590","targetHints":{"allow":["GET"]}}],"collection":[{"href":"https:\/\/radiofenix.com.ar\/2023\/wp-json\/wp\/v2\/posts"}],"about":[{"href":"https:\/\/radiofenix.com.ar\/2023\/wp-json\/wp\/v2\/types\/post"}],"replies":[{"embeddable":true,"href":"https:\/\/radiofenix.com.ar\/2023\/wp-json\/wp\/v2\/comments?post=198590"}],"version-history":[{"count":0,"href":"https:\/\/radiofenix.com.ar\/2023\/wp-json\/wp\/v2\/posts\/198590\/revisions"}],"wp:featuredmedia":[{"embeddable":true,"href":"https:\/\/radiofenix.com.ar\/2023\/wp-json\/wp\/v2\/media\/198591"}],"wp:attachment":[{"href":"https:\/\/radiofenix.com.ar\/2023\/wp-json\/wp\/v2\/media?parent=198590"}],"wp:term":[{"taxonomy":"category","embeddable":true,"href":"https:\/\/radiofenix.com.ar\/2023\/wp-json\/wp\/v2\/categories?post=198590"},{"taxonomy":"post_tag","embeddable":true,"href":"https:\/\/radiofenix.com.ar\/2023\/wp-json\/wp\/v2\/tags?post=198590"}],"curies":[{"name":"wp","href":"https:\/\/api.w.org\/{rel}","templated":true}]}}