{"id":198600,"date":"2025-05-20T08:58:09","date_gmt":"2025-05-20T08:58:09","guid":{"rendered":"https:\/\/radiofenix.com.ar\/2023\/los-afrikaners-son-bienvenidos-en-ee-uu-una-excepcion-a-la-politica-migratoria-de-trump\/"},"modified":"2025-05-20T08:58:09","modified_gmt":"2025-05-20T08:58:09","slug":"los-afrikaners-son-bienvenidos-en-ee-uu-una-excepcion-a-la-politica-migratoria-de-trump","status":"publish","type":"post","link":"https:\/\/radiofenix.com.ar\/2023\/los-afrikaners-son-bienvenidos-en-ee-uu-una-excepcion-a-la-politica-migratoria-de-trump\/","title":{"rendered":"Los afrik\u00e1ners son bienvenidos en EE.UU, una excepci\u00f3n a la pol\u00edtica migratoria de Trump"},"content":{"rendered":"<div><!-- Body --><\/p>\n<p><b>  Donald Trump<\/b> acaba de hacer una excepci\u00f3n a su <b>agresiva pol\u00edtica migratoria<\/b>. Las <b>deportaciones masivas<\/b> que anunci\u00f3 su gobierno no contemplan a los llamados <b>afrik\u00e1ners de origen neerland\u00e9s<\/b>. Al contrario, 59 de ellos fueron bien recibidos en Estados Unidos bajo el argumento de que en Sud\u00e1frica se los discriminaba y sufr\u00edan racismo en la cuna del Apartheid. Incluso que hab\u00edan sido despojados de sus tierras, algo que Pretoria neg\u00f3. Pese a eso, se les concedi\u00f3 de inmediato el estatus de refugiados. <b>Hay una raz\u00f3n aparente: son blancos, de ascendiente europeo germ\u00e1nico<\/b> y no hispanos provenientes de M\u00e9xico, Guatemala, El Salvador, Honduras, Venezuela, negros que llegaron de Hait\u00ed o ciudadanos de otros pa\u00edses latinoamericanos que est\u00e1n <a href=\"https:\/\/www.pagina12.com.ar\/825974-la-nueva-caza-de-brujas\">siendo expulsados de a miles. <\/a><\/p>\n<p>  Esta recepci\u00f3n selectiva de EE.UU abri\u00f3 un conflicto diplom\u00e1tico con Sud\u00e1frica, gobernada desde 1994 por <b>el Congreso Nacional Africano (ANC)<\/b> &#8211; el partido de Nelson Mandela-, despu\u00e9s de que cayera el r\u00e9gimen de segregaci\u00f3n racial. <b>Su presidente Cyril Ramaphosa visitar\u00e1 Washington esta semana para reunirse con Trump<\/b> el mi\u00e9rcoles. La condici\u00f3n de refugiados que les concedi\u00f3 la Casa Blanca a los afrik\u00e1ners seguramente ser\u00e1 uno de los temas que tratar\u00e1n los dos jefes de Estado. <\/p>\n<p>  EE.UU tom\u00f3 represalias econ\u00f3micas contra Sud\u00e1frica en febrero pasado cuando el magnate del Partido Republicano acus\u00f3 a su gobierno de \u201cconfiscar tierras de agricultores blancos sin compensaci\u00f3n\u201d. El argumento de Trump para justificarse qued\u00f3 corto. Hab\u00eda algo m\u00e1s. Se supo que no le gust\u00f3 nada que el gobierno de Ramaphosa denunciara a Israel el 29 de diciembre de 2023 ante la Corte Penal Internacional (CPI) por \u201cconducta genocida\u201d en Gaza. <\/p>\n<p><b>  Cuando los ciudadanos blancos sudafricanos llegaron a Washington<\/b> el 13 de mayo, el subsecretario de Estado Christoph Landau les dijo: \u201cBienvenidos a la tierra de la libertad\u201d. Hab\u00edan viajado en un vuelo charter privado, \u201cal parecer pagado por el Departamento de Estado\u201d, public\u00f3 el medio alem\u00e1n DW. <\/p>\n<p>  La injerencia de EE.UU en la pol\u00edtica de Sud\u00e1frica caus\u00f3 fuerte rechazo en este pa\u00eds. <b>Trump<\/b> se apoy\u00f3 al hacer sus declaraciones en una ley promulgada a fines de enero por el Congreso en Ciudad del Cabo \u2013 ah\u00ed sesiona el parlamento sudafricano &#8211; para posibilitar expropiaciones de tierras. Tambi\u00e9n <b>agreg\u00f3 que se violaban los derechos humanos de la minor\u00eda blanca.<\/b> La historia del sistema de segregaci\u00f3n racial, conocido popularmente como Apartheid (1948-1991), no se compadece con los dichos del presidente estadounidense. Sobre todo cuando <b>alrededor del 72% de las tierras les pertenecen a los blancos. <\/b><\/p>\n<p>  Seg\u00fan la C\u00e1mara de Comercio de Sud\u00e1frica en EE.UU. (SACCUSA), 67.042 afrik\u00e1ners expresaron su inter\u00e9s por acogerse al programa de inserci\u00f3n. \u201cMuchos de ellos aludieron a su preocupaci\u00f3n por la reforma agraria y por el trato que reciben en el pa\u00eds seg\u00fan su percepci\u00f3n\u201d, declar\u00f3 el presidente de SACCUSA, Neil Diamond. A\u00f1adi\u00f3 que la mayor\u00eda de los interesados tienen entre 25 y 45 a\u00f1os.<\/p>\n<p>  Ese prop\u00f3sito de emigrar a Estados Unidos lejos est\u00e1 de las estad\u00edsticas demogr\u00e1ficas de la naci\u00f3n m\u00e1s rica del \u00c1frica. Seg\u00fan los \u00faltimos datos oficiales, viven en Sud\u00e1frica unos 4,5 millones de  blancos, que representan aproximadamente el 7,2 % de la poblaci\u00f3n total. Pese a que solo el 1,49 % de ese grupo manifest\u00f3 su inter\u00e9s de emigrar a EE.UU, la iniciativa revolvi\u00f3 el avispero dentro del pa\u00eds. <\/p>\n<p>  El presidente Ramaphosa se refiri\u00f3 a la pol\u00edtica que impulsa Trump: \u201c<b>Las personas que han sido persuadidas para ir a los Estados Unidos no se ajustan a la definici\u00f3n de refugiados.<\/b> Un refugiado es alguien que tiene que abandonar su pa\u00eds por temor a la persecuci\u00f3n pol\u00edtica, persecuci\u00f3n religiosa o persecuci\u00f3n econ\u00f3mica\u201d.  <\/p>\n<p>  Sud\u00e1frica hoy ya no es gobernada por el ANC en soledad. Tuvo que formar una coalici\u00f3n con otros partidos por la ca\u00edda de su caudal electoral y el principal representa a la minor\u00eda blanca, la Alianza Democr\u00e1tica (DA). Se trata de la segunda fuerza del pa\u00eds que hasta las elecciones de mayo de 2024 estaba en la oposici\u00f3n. <\/p>\n<p>  El ministro sudafricano de Relaciones Internacionales y Cooperaci\u00f3n, Ronald Lamola, declar\u00f3 que<b> \u201cno existe absolutamente ning\u00fan dato que pruebe una persecuci\u00f3n contra los sudafricanos blancos o, m\u00e1s espec\u00edficamente, contra los afrik\u00e1ners<\/b> que se dedican a la agricultura\u201d. La historia de Sud\u00e1frica le da la raz\u00f3n al funcionario y demuestra que ha sido completamente al rev\u00e9s a lo que sostiene Trump, incluso desde mucho tiempo antes del Apartheid. <\/p>\n<p>  En Sud\u00e1frica rigi\u00f3 a partir de 1913 la Ley de Nativos que fijaba la distribuci\u00f3n de la tierra con el objetivo de proteger a los granjeros blancos. En ese momento, a los negros s\u00f3lo se les permit\u00eda tener el 7% de las hect\u00e1reas disponibles, un porcentaje que reci\u00e9n se duplic\u00f3 en 1936, a pesar de que siempre rondaron el 80 por ciento de la poblaci\u00f3n total del pa\u00eds. <\/p>\n<p>  Muy distinto a lo que piensa el canciller Lamola es lo que sostiene la organizaci\u00f3n AfriForum. En su p\u00e1gina oficial declara que est\u00e1 en lucha \u201cpor los derechos de propiedad privada y en oposici\u00f3n a la expropiaci\u00f3n sin compensaci\u00f3n\u201d. Esta ONG fundada el 26 de marzo de 2006 persigue un objetivo: \u201cSe cre\u00f3 para convocar a los afrik\u00e1ners a participar en debates p\u00fablicos y acciones fuera del \u00e1mbito de la pol\u00edtica partidista. AfriForum no es una organizaci\u00f3n com\u00fan y corriente, sino una herramienta para que nosotros y nuestros descendientes construyamos un futuro mejor aplicando su triple f\u00f3rmula de \u00e9xito para la esperanza\u201d. <\/p>\n<p>  Instigadora de una nueva teor\u00eda del racismo al rev\u00e9s de lo que marcan siglos de historia, la organizaci\u00f3n de extrema derecha elogi\u00f3 la decisi\u00f3n de Trump de recibir a afrik\u00e1ners en Estados Unidos bajo el paraguas de refugiados. Adem\u00e1s acus\u00f3 al gobierno de Sud\u00e1frica de aplicar \u201cuna legislaci\u00f3n racial discriminatoria\u201d. <\/p>\n<h2>Elon Musk se sum\u00f3 a la pol\u00e9mica<\/h2>\n<p>  A este conflicto por la propiedad de la tierra se sum\u00f3 <b>un nativo de Sud\u00e1frica: el multimillonario Elon Musk, <\/b>quien <b>est\u00e1 detr\u00e1s de las medidas que adopt\u00f3 el presidente de EE.UU para recibir afrik\u00e1ners. <\/b>En febrero, despu\u00e9s de que Pretoria aprobara con demora su ley de expropiaci\u00f3n \u2013 que en algunos casos ser\u00e1 sin compensaci\u00f3n cuando las tierras no se utilicen o exista inter\u00e9s p\u00fablico en su redistribuci\u00f3n \u2013 el due\u00f1o de Tesla afirm\u00f3 que se estaba cometiendo \u201cun genocidio\u201d contra los granjeros blancos. <\/p>\n<p>  Tan disparatada result\u00f3 su declaraci\u00f3n que otras organizaciones afrik\u00e1ners se pronunciaron de manera distinta. El movimiento Orania reside en una localidad autogestionada por blancos de origen neerland\u00e9s. Este grupo dice que su premisa es clara: \u201cNo buscamos convertirnos en refugiados en otro pa\u00eds, sino seguir siendo afrik\u00e1ners en \u00c1frica. Por lo tanto, cualquier ayuda debe centrarse en lo local. Los afrik\u00e1ners no quieren ser refugiados\u201d.<\/p>\n<p>  El debate en curso sobre \u201cel genocidio blanco\u201d instalado por Musk y reavivado con la medida que adopt\u00f3 Trump de migraci\u00f3n selectiva, lo refut\u00f3 en 2018 el exembajador de Estados Unidos en Sud\u00e1frica, Patrick Gaspard. Calific\u00f3 esa idea como un \u201cmito\u201d.<\/p>\n<p><a href=\"\/cdn-cgi\/l\/email-protection\" class=\"__cf_email__\" data-cfemail=\"cdaabba8a4aaac8dbdacaaa4a3acfcffe3aea2a0e3acbf\">[email\u00a0protected]<\/a><\/p>\n<p><!-- Live Blog Post --><\/div>\n<p><a href=\"https:\/\/www.pagina12.com.ar\/827068-los-afrikaners-son-bienvenidos-en-ee-uu-una-excepcion-a-la-p\">source<\/a><\/p>\n","protected":false},"excerpt":{"rendered":"<p>Donald Trump acaba de hacer una excepci\u00f3n a su agresiva pol\u00edtica migratoria. Las deportaciones masivas&#8230;<\/p>\n","protected":false},"author":0,"featured_media":198601,"comment_status":"open","ping_status":"open","sticky":false,"template":"","format":"standard","meta":{"footnotes":""},"categories":[60],"tags":[],"class_list":["post-198600","post","type-post","status-publish","format-standard","has-post-thumbnail","hentry","category-internacional"],"featured_image_urls":{"full":["https:\/\/radiofenix.com.ar\/2023\/wp-content\/uploads\/2025\/05\/wp-header-logo-115.png",960,540,false],"thumbnail":["https:\/\/radiofenix.com.ar\/2023\/wp-content\/uploads\/2025\/05\/wp-header-logo-115-150x150.png",150,150,true],"medium":["https:\/\/radiofenix.com.ar\/2023\/wp-content\/uploads\/2025\/05\/wp-header-logo-115-300x169.png",300,169,true],"medium_large":["https:\/\/radiofenix.com.ar\/2023\/wp-content\/uploads\/2025\/05\/wp-header-logo-115-768x432.png",640,360,true],"large":["https:\/\/radiofenix.com.ar\/2023\/wp-content\/uploads\/2025\/05\/wp-header-logo-115.png",640,360,false],"1536x1536":["https:\/\/radiofenix.com.ar\/2023\/wp-content\/uploads\/2025\/05\/wp-header-logo-115.png",960,540,false],"2048x2048":["https:\/\/radiofenix.com.ar\/2023\/wp-content\/uploads\/2025\/05\/wp-header-logo-115.png",960,540,false],"newsium-slider-full":["https:\/\/radiofenix.com.ar\/2023\/wp-content\/uploads\/2025\/05\/wp-header-logo-115.png",960,540,false],"newsium-featured":["https:\/\/radiofenix.com.ar\/2023\/wp-content\/uploads\/2025\/05\/wp-header-logo-115.png",960,540,false],"newsium-medium":["https:\/\/radiofenix.com.ar\/2023\/wp-content\/uploads\/2025\/05\/wp-header-logo-115-720x475.png",720,475,true]},"author_info":{"info":[""]},"category_info":"<a href=\"https:\/\/radiofenix.com.ar\/2023\/category\/internacional\/\" rel=\"category tag\">Internacional<\/a>","tag_info":"Internacional","comment_count":"0","_links":{"self":[{"href":"https:\/\/radiofenix.com.ar\/2023\/wp-json\/wp\/v2\/posts\/198600","targetHints":{"allow":["GET"]}}],"collection":[{"href":"https:\/\/radiofenix.com.ar\/2023\/wp-json\/wp\/v2\/posts"}],"about":[{"href":"https:\/\/radiofenix.com.ar\/2023\/wp-json\/wp\/v2\/types\/post"}],"replies":[{"embeddable":true,"href":"https:\/\/radiofenix.com.ar\/2023\/wp-json\/wp\/v2\/comments?post=198600"}],"version-history":[{"count":0,"href":"https:\/\/radiofenix.com.ar\/2023\/wp-json\/wp\/v2\/posts\/198600\/revisions"}],"wp:featuredmedia":[{"embeddable":true,"href":"https:\/\/radiofenix.com.ar\/2023\/wp-json\/wp\/v2\/media\/198601"}],"wp:attachment":[{"href":"https:\/\/radiofenix.com.ar\/2023\/wp-json\/wp\/v2\/media?parent=198600"}],"wp:term":[{"taxonomy":"category","embeddable":true,"href":"https:\/\/radiofenix.com.ar\/2023\/wp-json\/wp\/v2\/categories?post=198600"},{"taxonomy":"post_tag","embeddable":true,"href":"https:\/\/radiofenix.com.ar\/2023\/wp-json\/wp\/v2\/tags?post=198600"}],"curies":[{"name":"wp","href":"https:\/\/api.w.org\/{rel}","templated":true}]}}