{"id":198622,"date":"2025-05-22T08:58:15","date_gmt":"2025-05-22T08:58:15","guid":{"rendered":"https:\/\/radiofenix.com.ar\/2023\/china-denuncia-que-el-nuevo-escudo-antimisiles-de-trump-altera-el-equilibrio-global\/"},"modified":"2025-05-22T08:58:15","modified_gmt":"2025-05-22T08:58:15","slug":"china-denuncia-que-el-nuevo-escudo-antimisiles-de-trump-altera-el-equilibrio-global","status":"publish","type":"post","link":"https:\/\/radiofenix.com.ar\/2023\/china-denuncia-que-el-nuevo-escudo-antimisiles-de-trump-altera-el-equilibrio-global\/","title":{"rendered":"China denuncia que el nuevo escudo antimisiles de Trump altera el equilibrio global"},"content":{"rendered":"<div><!-- Body --><\/p>\n<p><b\/><a href=\"https:\/\/www.pagina12.com.ar\/825096-los-desafios-para-china-junto-a-america-latina-y-el-caribe\"><b>China<\/b> <\/a>manifest\u00f3 este mi\u00e9rcoles su <b><a href=\"https:\/\/www.pagina12.com.ar\/817103-china-firme-contra-las-medidas-de-los-estados-unidos\">preocupaci\u00f3n <\/a><\/b>por el proyecto <a href=\"https:\/\/www.pagina12.com.ar\/824998-estados-unidos-y-china-llegaron-a-un-acuerdo-para-retrotraer\">estadounidense <\/a>de un <b>escudo antimisiles global<\/b>, bautizado como \u00ab<b>C\u00fapula Dorada<\/b>\u00ab, presentado el martes por el presidente,\u00a0<b><a href=\"https:\/\/www.pagina12.com.ar\/825143-estados-unidos-y-china-firmaron-una-tregua-comercial-por-90-\">Donald Trump<\/a><\/b>. Seg\u00fan Beijing, este plan \u00ab<b>socava la estabilidad mundial<\/b>\u00bb y altera el <b>equilibrio estrat\u00e9gico<\/b> internacional.<\/p>\n<p>\u00abEsto afecta gravemente el <b>equilibrio estrat\u00e9gico<\/b> y la <b>estabilidad global<\/b>. China expresa su profunda preocupaci\u00f3n al respecto. <b>Urgimos a Estados Unidos a que detenga cuanto antes el desarrollo y despliegue de este sistema de defensa antimisiles global<\/b>\u00ab, declar\u00f3 la vocera del <a href=\"https:\/\/fmprc.gov.cn\/esp\/xwfw\/lxjzzdh\/202505\/t20250521_11629832.html\" target=\"_blank\">Ministerio de Relaciones Exteriores<\/a> chino,  <b>Mao Ning<\/b><i> (foto)<\/i>, durante una rueda de prensa regular en la que consider\u00f3 que este \u00abpropicia una <b>carrera armament\u00edstica<\/b>\u00ab.<\/p>\n<p>Asimismo, alert\u00f3 que la iniciativa podr\u00eda suponer una \u00abviolaci\u00f3n de los principios del uso pac\u00edfico del <b>Tratado sobre el espacio exterior<\/b>\u00ab, ya que incluye un impulso a la investigaci\u00f3n y desarrollo de \u00absistemas de intercepci\u00f3n orbitales\u00bb. Mao a\u00f1adi\u00f3 que <b>Estados Unidos \u00abpersigue \u00fanicamente sus propios intereses<\/b> nacionales\u00bb, y acus\u00f3 a Washington de estar \u00abobsesionado con garantizar su seguridad\u00bb a costa de la estabilidad internacional.<\/p>\n<p>El presidente Trump hab\u00eda anunciado el plan en la v\u00edspera, meses despu\u00e9s de haber firmado un decreto para avanzar en la creaci\u00f3n de un escudo antimisiles <b>inspirado la C\u00fapula de Hierro israel\u00ed<\/b>. Seg\u00fan indic\u00f3, el sistema estar\u00e1 operativo <b>antes de que finalice su mandato<\/b> y tendr\u00e1 un costo total estimado de \u00abunos <b>175.000 millones de d\u00f3lares\u00bb\u00a0<\/b>, y a\u00f1adi\u00f3 que <b>Canad\u00e1 tambi\u00e9n participar\u00e1<\/b> en el proyecto.<\/p>\n<p><!-- Live Blog Post --><\/div>\n<p><a href=\"https:\/\/www.pagina12.com.ar\/827769-china-denuncia-que-el-nuevo-escudo-antimisiles-de-trump-alte\">source<\/a><\/p>\n","protected":false},"excerpt":{"rendered":"<p>China manifest\u00f3 este mi\u00e9rcoles su preocupaci\u00f3n por el proyecto estadounidense de un escudo antimisiles global,&#8230;<\/p>\n","protected":false},"author":0,"featured_media":198623,"comment_status":"open","ping_status":"open","sticky":false,"template":"","format":"standard","meta":{"footnotes":""},"categories":[60],"tags":[],"class_list":["post-198622","post","type-post","status-publish","format-standard","has-post-thumbnail","hentry","category-internacional"],"featured_image_urls":{"full":["https:\/\/radiofenix.com.ar\/2023\/wp-content\/uploads\/2025\/05\/wp-header-logo-126.png",960,540,false],"thumbnail":["https:\/\/radiofenix.com.ar\/2023\/wp-content\/uploads\/2025\/05\/wp-header-logo-126-150x150.png",150,150,true],"medium":["https:\/\/radiofenix.com.ar\/2023\/wp-content\/uploads\/2025\/05\/wp-header-logo-126-300x169.png",300,169,true],"medium_large":["https:\/\/radiofenix.com.ar\/2023\/wp-content\/uploads\/2025\/05\/wp-header-logo-126-768x432.png",640,360,true],"large":["https:\/\/radiofenix.com.ar\/2023\/wp-content\/uploads\/2025\/05\/wp-header-logo-126.png",640,360,false],"1536x1536":["https:\/\/radiofenix.com.ar\/2023\/wp-content\/uploads\/2025\/05\/wp-header-logo-126.png",960,540,false],"2048x2048":["https:\/\/radiofenix.com.ar\/2023\/wp-content\/uploads\/2025\/05\/wp-header-logo-126.png",960,540,false],"newsium-slider-full":["https:\/\/radiofenix.com.ar\/2023\/wp-content\/uploads\/2025\/05\/wp-header-logo-126.png",960,540,false],"newsium-featured":["https:\/\/radiofenix.com.ar\/2023\/wp-content\/uploads\/2025\/05\/wp-header-logo-126.png",960,540,false],"newsium-medium":["https:\/\/radiofenix.com.ar\/2023\/wp-content\/uploads\/2025\/05\/wp-header-logo-126-720x475.png",720,475,true]},"author_info":{"info":[""]},"category_info":"<a href=\"https:\/\/radiofenix.com.ar\/2023\/category\/internacional\/\" rel=\"category tag\">Internacional<\/a>","tag_info":"Internacional","comment_count":"0","_links":{"self":[{"href":"https:\/\/radiofenix.com.ar\/2023\/wp-json\/wp\/v2\/posts\/198622","targetHints":{"allow":["GET"]}}],"collection":[{"href":"https:\/\/radiofenix.com.ar\/2023\/wp-json\/wp\/v2\/posts"}],"about":[{"href":"https:\/\/radiofenix.com.ar\/2023\/wp-json\/wp\/v2\/types\/post"}],"replies":[{"embeddable":true,"href":"https:\/\/radiofenix.com.ar\/2023\/wp-json\/wp\/v2\/comments?post=198622"}],"version-history":[{"count":0,"href":"https:\/\/radiofenix.com.ar\/2023\/wp-json\/wp\/v2\/posts\/198622\/revisions"}],"wp:featuredmedia":[{"embeddable":true,"href":"https:\/\/radiofenix.com.ar\/2023\/wp-json\/wp\/v2\/media\/198623"}],"wp:attachment":[{"href":"https:\/\/radiofenix.com.ar\/2023\/wp-json\/wp\/v2\/media?parent=198622"}],"wp:term":[{"taxonomy":"category","embeddable":true,"href":"https:\/\/radiofenix.com.ar\/2023\/wp-json\/wp\/v2\/categories?post=198622"},{"taxonomy":"post_tag","embeddable":true,"href":"https:\/\/radiofenix.com.ar\/2023\/wp-json\/wp\/v2\/tags?post=198622"}],"curies":[{"name":"wp","href":"https:\/\/api.w.org\/{rel}","templated":true}]}}