{"id":198624,"date":"2025-05-22T08:58:18","date_gmt":"2025-05-22T08:58:18","guid":{"rendered":"https:\/\/radiofenix.com.ar\/2023\/definido-diputados-debate-este-miercoles-un-aumento-de-emergencia-para-jubilados\/"},"modified":"2025-05-22T08:58:18","modified_gmt":"2025-05-22T08:58:18","slug":"definido-diputados-debate-este-miercoles-un-aumento-de-emergencia-para-jubilados","status":"publish","type":"post","link":"https:\/\/radiofenix.com.ar\/2023\/definido-diputados-debate-este-miercoles-un-aumento-de-emergencia-para-jubilados\/","title":{"rendered":"Definido: Diputados debate este mi\u00e9rcoles un aumento de emergencia para jubilados"},"content":{"rendered":"<div id=\"\">\n<p class=\"\" data-start=\"746\" data-end=\"1182\">El temario incluye el tratamiento de un aumento excepcional para los haberes jubilatorios y pensiones que abona la ANSES, una medida que busca aliviar la situaci\u00f3n de millones de beneficiarios ante la p\u00e9rdida de poder adquisitivo. Tambi\u00e9n se debatir\u00e1 una modificaci\u00f3n a las leyes de Reparaci\u00f3n Hist\u00f3rica y el Plan de Pago de Deuda Previsional, con el objetivo de corregir desactualizaciones y mejorar el acceso a derechos previsionales.<\/p>\n<div contenteditable=\"false\" class=\"embed_cont type_documento\" id=\"8077242-2144001864_wrap\">\n<p>Diputados_ se fij\u00f3 para este mi\u00e9rcoles la sesi\u00f3n especial por el incremento de emergencia a jubilados.pdf <span onclick=\"parent.parent.TinyMCETdcuerpo.preview_embed('8077242-2144001864')\" class=\"embed_colapse less\" id=\"8077242-2144001864_colapse\"\/>  <span onclick=\"parent.parent.TinyMCETdcuerpo.delete_embed('8077242-2144001864')\" class=\"embed_delete less\" id=\"8077242-2144001864_delete\"\/><\/p>\n<\/p><\/div>\n<p class=\"\" data-start=\"1184\" data-end=\"1760\">En paralelo, los diputados discutir\u00e1n una bater\u00eda de proyectos vinculados a las graves inundaciones que afectaron varias localidades bonaerenses. En concreto, se pondr\u00e1n a consideraci\u00f3n declaraciones de emergencia y desastre ambiental, econ\u00f3mica, social y productiva para los distritos de Z\u00e1rate, Campana, Arrecifes, Salto, San Antonio de Areco, Baradero, Exaltaci\u00f3n de la Cruz y Rojas, entre otros. Las iniciativas proponen otorgar asistencia y recursos especiales durante al menos 180 d\u00edas, prorrogables, para afrontar los da\u00f1os sufridos por las lluvias de mediados de mayo.<\/p>\n<p class=\"\" data-start=\"1762\" data-end=\"2152\">El pedido de sesi\u00f3n lleva las firmas de diputados del oficialismo y tambi\u00e9n de otros bloques como la UCR, Encuentro Federal y Democracia Para Siempre. Adem\u00e1s, los legisladores solicitaron ampliar el temario con otros puntos, entre ellos el funcionamiento de una comisi\u00f3n investigadora sobre la criptomoneda $Libra y la designaci\u00f3n de nuevas autoridades en la Auditor\u00eda General de la Naci\u00f3n.<\/p>\n<div contenteditable=\"false\" class=\"embed_cont type_imagen\" id=\"8071307-Libre-1004626703_wrap\">\n<p>german martinez comision1.jpeg <span onclick=\"parent.parent.TinyMCETdcuerpo.preview_embed('8071307-Libre-1004626703')\" class=\"embed_colapse less\" id=\"8071307-Libre-1004626703_colapse\"\/>  <span onclick=\"parent.parent.TinyMCETdcuerpo.delete_embed('8071307-Libre-1004626703')\" class=\"embed_delete less\" id=\"8071307-Libre-1004626703_delete\"\/><\/p>\n<div id=\"8071307-Libre-1004626703_content\" class=\"embed_content\"><img decoding=\"async\" src=\"https:\/\/media.minutouno.com\/p\/746f43e4e3cd763a86696035f0df5518\/adjuntos\/150\/imagenes\/042\/402\/0042402471\/610x0\/smart\/german-martinez-uxp-la-comision-legislacion-penal-diputados-foto-mariano-fuchila.jpeg\" alt=\"Germ\u00e1n Mart\u00ednez (UxP) en la Comisi\u00f3n de Legislaci\u00f3n Penal de Diputados (Foto: Mariano Fuchila)\" title=\"Germ\u00e1n Mart\u00ednez (UxP) en la Comisi\u00f3n de Legislaci\u00f3n Penal de Diputados (Foto: Mariano Fuchila)\" width=\"610\" height=\"undefined\" id=\"8071307-Libre-1004626703_embed\"\/><\/div>\n<div id=\"8071307-Libre-1004626703_epigrafe\" class=\"embed_epigrafe\">\n<p> Germ\u00e1n Mart\u00ednez (UxP) en la Comisi\u00f3n de Legislaci\u00f3n Penal de Diputados (Foto: Mariano Fuchila)<\/p>\n<\/div><\/div>\n<p class=\"\" data-start=\"2154\" data-end=\"2693\">La jornada promete ser intensa en el recinto, ya que tanto los temas previsionales como los derivados del desastre clim\u00e1tico generan fuerte consenso, pero tambi\u00e9n diferencias en cuanto a las soluciones y recursos a asignar. La oposici\u00f3n buscar\u00e1 avanzar con los dict\u00e1menes existentes y forzar votaciones, en tanto que el oficialismo a\u00fan no confirm\u00f3 si dar\u00e1 qu\u00f3rum pleno.<\/p>\n<p class=\"\" data-start=\"2154\" data-end=\"2693\">La expectativa est\u00e1 puesta en si el Congreso logra avanzar con medidas concretas para los sectores m\u00e1s golpeados en un contexto econ\u00f3mico y social cada vez m\u00e1s complejo.<\/p>\n<div contenteditable=\"false\" class=\"embed_cont type_freetext\" rel=\"freetext\" id=\"embed88_wrap\">\n<p>Embed <span onclick=\"parent.parent.TinyMCETdcuerpo.preview_embed('embed88')\" class=\"embed_colapse less\" id=\"embed88_colapse\"\/>  <span onclick=\"parent.parent.TinyMCETdcuerpo.delete_embed('embed88')\" class=\"embed_delete less\" id=\"embed88_delete\"\/><\/p>\n<div id=\"embed88_content\" class=\"embed_content\">\n<div id=\"embed88_embed\">\n<figure class=\"figure\"><a href=\"https:\/\/t.me\/minutounocom\" target=\"_blank\" rel=\"noopener\"><img decoding=\"async\" src=\"https:\/\/media.minutouno.com\/adjuntos\/150\/banners\/039\/099\/0039099175.jpg\" class=\"figure-img img-fluid\" style=\"width:100%;height:auto;\"\/><\/a><\/figure>\n<\/p><\/div>\n<\/div><\/div>\n<\/p><\/div>\n<p><a href=\"https:\/\/www.minutouno.com\/politica\/definido-diputados-debate-este-miercoles-un-aumento-emergencia-jubilados-n6147307\">source<\/a><\/p>\n","protected":false},"excerpt":{"rendered":"<p>El temario incluye el tratamiento de un aumento excepcional para los haberes jubilatorios y pensiones&#8230;<\/p>\n","protected":false},"author":0,"featured_media":198625,"comment_status":"open","ping_status":"open","sticky":false,"template":"","format":"standard","meta":{"footnotes":""},"categories":[2],"tags":[],"class_list":["post-198624","post","type-post","status-publish","format-standard","has-post-thumbnail","hentry","category-politica"],"featured_image_urls":{"full":["https:\/\/radiofenix.com.ar\/2023\/wp-content\/uploads\/2025\/05\/wp-header-logo-127.png",610,414,false],"thumbnail":["https:\/\/radiofenix.com.ar\/2023\/wp-content\/uploads\/2025\/05\/wp-header-logo-127-150x150.png",150,150,true],"medium":["https:\/\/radiofenix.com.ar\/2023\/wp-content\/uploads\/2025\/05\/wp-header-logo-127-300x204.png",300,204,true],"medium_large":["https:\/\/radiofenix.com.ar\/2023\/wp-content\/uploads\/2025\/05\/wp-header-logo-127.png",610,414,false],"large":["https:\/\/radiofenix.com.ar\/2023\/wp-content\/uploads\/2025\/05\/wp-header-logo-127.png",610,414,false],"1536x1536":["https:\/\/radiofenix.com.ar\/2023\/wp-content\/uploads\/2025\/05\/wp-header-logo-127.png",610,414,false],"2048x2048":["https:\/\/radiofenix.com.ar\/2023\/wp-content\/uploads\/2025\/05\/wp-header-logo-127.png",610,414,false],"newsium-slider-full":["https:\/\/radiofenix.com.ar\/2023\/wp-content\/uploads\/2025\/05\/wp-header-logo-127.png",610,414,false],"newsium-featured":["https:\/\/radiofenix.com.ar\/2023\/wp-content\/uploads\/2025\/05\/wp-header-logo-127.png",610,414,false],"newsium-medium":["https:\/\/radiofenix.com.ar\/2023\/wp-content\/uploads\/2025\/05\/wp-header-logo-127.png",610,414,false]},"author_info":{"info":[""]},"category_info":"<a href=\"https:\/\/radiofenix.com.ar\/2023\/category\/politica\/\" rel=\"category tag\">Pol\u00edtica<\/a>","tag_info":"Pol\u00edtica","comment_count":"0","_links":{"self":[{"href":"https:\/\/radiofenix.com.ar\/2023\/wp-json\/wp\/v2\/posts\/198624","targetHints":{"allow":["GET"]}}],"collection":[{"href":"https:\/\/radiofenix.com.ar\/2023\/wp-json\/wp\/v2\/posts"}],"about":[{"href":"https:\/\/radiofenix.com.ar\/2023\/wp-json\/wp\/v2\/types\/post"}],"replies":[{"embeddable":true,"href":"https:\/\/radiofenix.com.ar\/2023\/wp-json\/wp\/v2\/comments?post=198624"}],"version-history":[{"count":0,"href":"https:\/\/radiofenix.com.ar\/2023\/wp-json\/wp\/v2\/posts\/198624\/revisions"}],"wp:featuredmedia":[{"embeddable":true,"href":"https:\/\/radiofenix.com.ar\/2023\/wp-json\/wp\/v2\/media\/198625"}],"wp:attachment":[{"href":"https:\/\/radiofenix.com.ar\/2023\/wp-json\/wp\/v2\/media?parent=198624"}],"wp:term":[{"taxonomy":"category","embeddable":true,"href":"https:\/\/radiofenix.com.ar\/2023\/wp-json\/wp\/v2\/categories?post=198624"},{"taxonomy":"post_tag","embeddable":true,"href":"https:\/\/radiofenix.com.ar\/2023\/wp-json\/wp\/v2\/tags?post=198624"}],"curies":[{"name":"wp","href":"https:\/\/api.w.org\/{rel}","templated":true}]}}