{"id":198626,"date":"2025-05-22T08:58:19","date_gmt":"2025-05-22T08:58:19","guid":{"rendered":"https:\/\/radiofenix.com.ar\/2023\/nadia-larcher-necesitaba-conversar-intimamente-con-la-musica\/"},"modified":"2025-05-22T08:58:19","modified_gmt":"2025-05-22T08:58:19","slug":"nadia-larcher-necesitaba-conversar-intimamente-con-la-musica","status":"publish","type":"post","link":"https:\/\/radiofenix.com.ar\/2023\/nadia-larcher-necesitaba-conversar-intimamente-con-la-musica\/","title":{"rendered":"Nadia Larcher:\u00a0&quot;Necesitaba conversar \u00edntimamente con la m\u00fasica&quot;"},"content":{"rendered":"<div><!-- Body --><\/p>\n<p><b>Nadia Larcher<\/b> es una artista que contin\u00faa la tradici\u00f3n de cantoras o int\u00e9rpretes argentinas de la espesura de Mercedes Sosa o Liliana Herrero. Despu\u00e9s de un largo tr\u00e1nsito y aprendizaje junto a proyectos colectivos como Seraarrebol, Proyecto Pato, Don Olimpio y Tri\u00e1ngula \u2013 grupo experimental que comparte con Noelia Recalde y Micaela Vita-, Larcher decidi\u00f3 esta vez <b>ponerle cuerpo y voz a sus propias composiciones<\/b>. El resultado es el notable disco <i>Trinar: La flor<\/i> (2025), un conjunto de <b>ocho canciones<\/b> que transitan por territorios folkl\u00f3ricos, pero que ampl\u00edan sus l\u00edmites. En definitiva, se trata de un material consistente y maduro que da cuenta del largo camino recorrido. \u201cSiento que sintetiza y guarda los doce a\u00f1os de mi vida ac\u00e1 en Buenos Aires\u201d, desliza Nadia, <b>oriunda de Andalgal\u00e1<\/b>, quien adem\u00e1s prepara un segundo cap\u00edtulo del disco para fin de a\u00f1o.<\/p>\n<p>\u201cEs un proceso&#8230; no s\u00e9 si la palabra es \u2018de llegada\u2019, pero me encanta la palabra moj\u00f3n, una palabra muy norte\u00f1a\u201d, repara ella sobre el car\u00e1cter del disco. \u201cEs como un moj\u00f3n para dejar un registro de estos doce a\u00f1os por ac\u00e1, por eso tambi\u00e9n todos los compa\u00f1eros que est\u00e1n y todos los sonidos que hay. <b>Es un disco que condensa todo el aprendizaje, las experiencias con la m\u00fasica desde que me vine de Catamarca a Buenos Aires<\/b>\u201d, enmarca la cantora y compositora. \u201cEste es el momento ideal, porque es en el que sucedi\u00f3. Desde que llegu\u00e9 ac\u00e1 estuve muy abocada al trabajo colectivo, porque ten\u00eda una intuici\u00f3n muy clara de que era la \u00fanica forma de aprender todo lo que necesitaba, porque yo no estudi\u00e9 m\u00fasica, siempre fui autodidacta\u201d, explica sobre por qu\u00e9 no public\u00f3 antes un disco solista con su sus canciones. \u201cLa intuici\u00f3n fue acertada porque la construcci\u00f3n colectiva me permiti\u00f3 aprender distintas cosas y org\u00e1nicamente se da que este es el momento de hacer estas canciones\u201d.<\/p>\n<p><b>-\u00bfNo fue sencillo lanzar un disco solista con tu nombre, no?<\/b><\/p>\n<p>-Creo que me cost\u00f3 m\u00e1s esperar en el sentido de que me dec\u00edan \u00ab\u00bfCu\u00e1ndo viene un disco tuyo?\u00bb, y yo respond\u00eda \u00abBueno, no es el tiempo ahora, pero en alg\u00fan momento va a suceder\u00bb. Adem\u00e1s, porque los discos que hice con mis bandas los siento m\u00edos tambi\u00e9n. Entonces, todos estos a\u00f1os, no es que sent\u00ed que no estaba haciendo algo m\u00edo, al contrario, siempre sent\u00ed los proyectos muy propios. En este disco est\u00e1 mi nombre y, como me dijo mi amiga Mery Mur\u00faa, que us\u00f3 una met\u00e1fora muy clara y muy cruda, \u00abSi no met\u00e9s las manos en el barro vos nadie las va a meter por tus canciones\u00bb. Entonces, fue como decir \u00abClaro, si quiero cantar mis canciones esto tiene que ser as\u00ed\u00bb. As\u00ed que por eso tambi\u00e9n se dio de esta manera. En el disco hay un mont\u00f3n de amigos y gente con la que en alg\u00fan momento toqu\u00e9, colabor\u00e9, compart\u00ed vida, amistad, alegr\u00eda, amor, de todo. El disco viene en el momento preciso.<\/p>\n<p>Si bien en el disco aparece su voz muy presente, hay tambi\u00e9n un esp\u00edritu colectivo y colaborativo, porque participan como<b> invitados Tiki Cantero, Juan Quintero, Luna Monti, Nicol\u00e1s Ibarburu, Santiago Segret, Ramiro Flores, Juan Pablo Di Leone y Sergio Wagner<\/b>, entre otros. Adem\u00e1s, Larcher trabaj\u00f3 codo a codo con uno de sus compa\u00f1eros en Don Olimpio, <b>el pianista Andr\u00e9s Pilar<\/b>, quien se ocup\u00f3 de los arreglos y la producci\u00f3n art\u00edstica del disco. \u201cCreo que la m\u00fasica popular tiene en esencia un esp\u00edritu colaborativo y cooperativo. En el entretejido dif\u00edcil en el que se encuentra la cultura argentina hoy en d\u00eda es la \u00fanica manera de construir\u201d, resalta la artista.<\/p>\n<p>\u201cAntes que todo hay que cuidar la forma en la que la gente est\u00e1, c\u00f3mo se siente, c\u00f3mo llega la m\u00fasica -contin\u00faa-. Eso fue muy hermoso de atender ahora que ven\u00edan a tocar mis canciones. Necesit\u00e9 mucho cuidar a esas personas, en el sentido de que est\u00e9n tranquilos y puedan poner su coraz\u00f3n ah\u00ed. La m\u00fasica les invitaba e iba a recibir lo que cada quien pudiera aportar. Fue muy sabio dejar que las personas aporten y lleguen con lo que ten\u00edan. Eso aliment\u00f3 mucho la energ\u00eda cooperativa y le dio algo hermoso a la m\u00fasica. Y eso hace que las canciones tengan un sesgo de un momento y un tiempo\u201d.<\/p>\n<p><b>-\u00bfC\u00f3mo construiste el cuerpo de canciones que desembocaron en el disco?<\/b><\/p>\n<p>-Las canciones aparecen a trav\u00e9s de un pedido de intimidad con la m\u00fasica que yo ya ven\u00eda de hace a\u00f1os gestando, porque mi quehacer musical siempre estuvo en la escena, en el estudio o en los trabajos colectivos, pero necesitaba una conversaci\u00f3n \u00edntima con la m\u00fasica. En pandemia dejamos de tocar entre todos y me qued\u00e9 a solas con mi guitarra. Y una convivencia a modo de supervivencia con mi gran amiga Noelia Recalde, que me recibi\u00f3 en su casa y adem\u00e1s propici\u00f3 la llama para que tenga confianza de ponerme a componer mis canciones. Ah\u00ed empez\u00f3 este proceso que primero se materializ\u00f3 en <i>Trece<\/i> \u2013un concierto intimista para trece personas-. Algunas canciones vienen de ah\u00ed y otras son m\u00e1s nuevas, pero esa idea de abrazar el proceso de la composici\u00f3n surge de ah\u00ed. Trabaj\u00e9 dos a\u00f1os en <i>Trece<\/i> para poder consolidar o aceptar esta nueva identidad, este nuevo aspecto de la m\u00fasica, que es fruto de un proceso. Al ser int\u00e9rprete de m\u00fasica popular y de folklore, de pronto abrazo la identidad de canciones que esbozan un g\u00e9nero, pero que no se instalan absolutamente en el g\u00e9nero folkl\u00f3rico sino que tienen influencias de todos lados.<\/p>\n<p><iframe style=\"border: 0px; position: absolute; top: 0px; left: 0px; height: 100%;\" allowfullscreen=\"\" frameborder=\"0\" src=\"https:\/\/www.youtube.com\/embed\/jbV30-zn3eU\"><\/iframe><\/p>\n<p>De alguna manera, <b>el folklore atraviesa todo el disco<\/b>, pero no lo hace a trav\u00e9s de motivos o ritmos folkl\u00f3ricos delimitados o r\u00edgidos. La m\u00fasica de ra\u00edz folkl\u00f3rica est\u00e1 ah\u00ed como cobijando o abrazando, <b>pero con una intenci\u00f3n m\u00e1s abierta y din\u00e1mica<\/b>. Hay aires de zamba (\u201cTrinar\u201d, con Juan Pablo Di Leone) y bailecito (\u201cCari\u00f1o\u201d, con Juan Quintero y Miguel Vilca), s\u00ed, pero tambi\u00e9n aparece Spinetta en alg\u00fan giro vocal (\u201cPor el agua de tu r\u00edo\u201d) y la m\u00fasica se expande hacia otros lados, como queda claro en \u201cVos\u201d. \u201cMe encanta eso porque es bastante org\u00e1nico con el trayecto, porque vamos hacia la ra\u00edz, lo \u00faltimo es la ra\u00edz, a pesar de que de ah\u00ed partimos en la expresi\u00f3n. Por algo est\u00e1 en la flor la met\u00e1fora, como eso que surge en un momento determinado, pero que tambi\u00e9n vuelve a la tierra\u201d, explica Larcher sobre su esp\u00edritu inquieto.<\/p>\n<p>\u201cEs perecedera la flor, guarda una semilla adentro, tiene una belleza ef\u00edmera \u2013sostiene-. Abrazo la met\u00e1fora de la flor, que la puse como un subt\u00edtulo del disco por dos razones. Porque es un primer cap\u00edtulo y segundo porque lo ubico en un lugar, como si mi construcci\u00f3n fuera un \u00e1rbol. Ubico este disco en la copa, en el follaje, en la posibilidad de lo que est\u00e1 en contacto con el afuera. El viaje es a trav\u00e9s de la madera hacia las ra\u00edces. Me gusta estar vivi\u00e9ndolo as\u00ed porque tambi\u00e9n me hace aceptar que ah\u00ed est\u00e1n mis influencias; los deseos de que haya sonoridades que referencien a otras m\u00fasicas dentro de la m\u00fasica popular, pero que no son solo el folklore. Y eso tambi\u00e9n me representa. He escuchado mucho a Spinetta, lo he cantado, tuve la suerte de interpretarlo y fue como \u2018bueno, est\u00e1 ah\u00ed, vive ac\u00e1\u2019. As\u00ed que s\u00ed, me encantan esas referencias, que est\u00e9n sonando tambi\u00e9n\u201d.<\/p>\n<p><b>-Y la canci\u00f3n es como un territorio que pod\u00e9s vestir o abordar desde cualquier lugar, \u00bfno?<\/b><\/p>\n<p>-Exacto. Siento que voy en viaje, que la canci\u00f3n es mi veh\u00edculo para este conocimiento profundo que es ir hacia la tierra y encontrar el sentido de c\u00f3mo hemos organizado la m\u00fasica que nos dio esta tierra, c\u00f3mo habla ese territorio. Me encanta una imagen que comparti\u00f3 Liliana Herrero hace mucho tiempo: es como si sintiera que el folklore est\u00e1 adelante, que todav\u00eda me est\u00e1 esperando. Es necesario que haga este viaje desde las canciones y desde este mundo interno, \u00edntimo, del decir, porque quiero construir. Est\u00e1 en mi anhelo construir un oficio compositor y creo que lo tengo. Ojal\u00e1 que la vida y la voluntad me acompa\u00f1en para eso.<\/p>\n<p><b>-\u00bfTe interesa dejar una obra propia?<\/b><\/p>\n<p>-Por lo menos hacer el tr\u00e1nsito, porque vengo de un origen de mujeres de monta\u00f1a, silenciadas, acalladas por muchas razones. Desde el racismo hasta su propia condici\u00f3n de mujeres; desde la pobreza hasta la propia condici\u00f3n de la marginaci\u00f3n. Entonces, me interesa por lo menos hacer el ejercicio de poder decir para que todo el esfuerzo que hicieron esas mujeres por mi presente tenga sentido. De alguna manera siento eso: por lo que hicieron mi abuela, mi madre, mis hermanas; por lo que hacen todas mis t\u00edas d\u00eda a d\u00eda. Por ellas. Hay algo de eso, una lealtad a ese esfuerzo y muchas ganas de agradecer.<\/p>\n<div class=\"medium-insert-embeds\">\n<figure>\n<div class=\"medium-insert-embed\">\n<div align=\"center\">\n<figure role=\"group\" class=\"caption caption-drupal-entity\"><figcaption>La abuela de Larcher en la tapa del disco.<\/figcaption><\/figure>\n<\/div>\n<\/div>\n<\/figure>\n<p>\u00a0<\/p>\n<\/div>\n<p>\u00a0<\/p>\n<p>El disco, en t\u00e9rminos conceptuales, est\u00e1 <b>vinculado con su linaje familiar y femenino<\/b>. La imagen de portada, de hecho, muestra el rostro de su abuela materna, Mar\u00eda, que era pastora de cabras. \u201cCanta, Mar\u00eda, que a tu voz la escuchen los vientos\/ Gr\u00edtale al tiempo un lamento\/ Sana mi herida\u201d, canta en \u201cTrinar\u201d Larcher apenas comienza el disco. \u201cHay algo que me encanta de que ella est\u00e9 en la tapa, de poder mencionar el origen de mi abuela y c\u00f3mo ella vive con su fuerza dentro de todo este disco. Porque podr\u00eda ser muy lineal e ir directamente a un disco muy folkl\u00f3rico, muy de ra\u00edz, pero sin embargo ac\u00e1 suena otra cosa\u201d, distingue la cantora. \u201cLo que me interesa de esta relaci\u00f3n es que no represente una idea de lo que es venir de un origen as\u00ed, de monta\u00f1a, de pastoras de cabra, desde la mirada de la ciudad. Porque hay una regionalizaci\u00f3n de c\u00f3mo mira la gente de la ciudad a quienes venimos de la monta\u00f1a, quienes descendemos o reconocemos nuestro origen en campesinos y campesinas\u201d, dice.<\/p>\n<p>\u201cHay una idea de que somos de una determinada manera, como un arquetipo del campesino que habla y se mueve de tal forma \u2013contin\u00faa-. Y ah\u00ed hay una sumisi\u00f3n muy grande, porque nosotros somos muy complejos, muy variados, muy diversos y tenemos identidades muy diferentes tambi\u00e9n. Entonces, me encanta que la tapa sea mi abuela con esa cara, esa sonrisa originaria, y que a la vez entres al disco y escuches toda una m\u00fasica &#8211; la m\u00fasica de su nieta- que apela a esa fuerza, que nombra esa fuerza y la honra, pero que tambi\u00e9n se desarrolla en el presente dialogando con la contemporaneidad y con los sonidos tambi\u00e9n de la ciudad que han sido los de esta d\u00e9cada viviendo ac\u00e1\u201d.<\/p>\n<p><b>-\u00bfLa idea era poner en discusi\u00f3n el estereotipo y a la vez ampliar el sentido del lugar de donde ven\u00eds y la m\u00fasica que deber\u00edas hacer?<\/b><\/p>\n<p>-Exacto, que sepan que me cri\u00e9 entre cabras y piedras, pero que mi procesamiento de todo lo que me dej\u00f3 ese origen y esa infancia se convierte en este disco. Eso me importa mucho, al menos poder colaborar un poquito en desarmar el estereotipo de lo que cree el resto del pa\u00eds acerca de qui\u00e9nes somos los norte\u00f1os o las norte\u00f1as. Me interesa mucho eso y me alegra haber tenido la ayuda de muchos amigos y compa\u00f1eras de la m\u00fasica para llevarlo a cabo. No es con ning\u00fan prop\u00f3sito aleccionador ni nada, simplemente para abrir un poco las fronteras de la comprensi\u00f3n o de lo que se cree. Hay varias canciones del disco que fueron compuestas en el patio de la casa de mi mam\u00e1. Entonces, inevitablemente hay ah\u00ed una conexi\u00f3n y es lo que soy tambi\u00e9n. Me encuentro en un momento en el que necesito poder anclarme desde este territorio, desde Latinoam\u00e9rica. Mis discos salen desde ac\u00e1, con esta sonoridad.<\/p>\n<p><b>-\u00bfC\u00f3mo fue el trabajo con Andr\u00e9s Pilar, que se ocup\u00f3 de la producci\u00f3n del disco?<\/b><\/p>\n<p>-Fue hermoso el trabajo con Andr\u00e9s, porque fue paralelo al que hicimos con <i>Amor y conocimiento<\/i> (2023), que es el disco que \u00e9l comparti\u00f3 hace dos a\u00f1os a d\u00fao conmigo, musicalizando la poes\u00eda de su pap\u00e1. Entonces, se dio algo muy natural, porque est\u00e1bamos laburando en ese disco y en los recreos yo le mostraba las canciones. Estuvo buen\u00edsimo porque al toque se contagi\u00f3 de una energ\u00eda ah\u00ed. La amistad es muy importante para estos procesos tambi\u00e9n, porque es la confianza del amigo o la amiga que te piden que le muestres lo que est\u00e1s haciendo. Fue muy del juego, muy de ponernos a tocar, muy del recreo tambi\u00e9n. Y eso estuvo bueno porque desde el principio no tuvo la carga de \u00abnecesito que me produzcas esto\u00bb. \u00c9l fue una de las primeras personas que escuch\u00f3 todas las canciones. Por eso cuando decidimos grabarlas fue todo muy natural, porque ya las conoc\u00eda. Y ah\u00ed fuimos eligiendo. De hecho, tenemos ocho canciones m\u00e1s para grabar y decidimos hacer esta primera parte de esta forma. A fin de a\u00f1o esperamos grabar la otra parte de <i>Trinar<\/i>. As\u00ed que se fue dando as\u00ed, muy de la compartida, sin una presi\u00f3n por llevar adelante un trabajo discogr\u00e1fico. Eso me encanta, porque vengo muy de ah\u00ed, de hacer as\u00ed las cosas.<\/p>\n<p><b>-\u00bfLa idea es que sea una serie de discos a partir del concepto <i>Trinar<\/i>?<\/b><\/p>\n<p>-S\u00ed, Trinar tiene estas dos partes, que es <i>Trinar: La flor<\/i> y <i>Trinar: Los frutos<\/i>. Ah\u00ed tambi\u00e9n hay un juego con el viaje vegetal de la flor hacia la concreci\u00f3n del fruto. Me gustaba la idea porque hay tambi\u00e9n una concatenaci\u00f3n de sentidos con las otras canciones que est\u00e1n por llegar y que las tocamos en la presentaci\u00f3n en el Xirgu. Porque nos parec\u00eda lindo que el escenario sea un lugar tambi\u00e9n de laboratorio, de trabajo, que es algo muy de la m\u00fasica popular. Los m\u00fasicos populares a medida que van presentando discos van tocando canciones nuevas que se van compartiendo. Me interesa poner las canciones tambi\u00e9n al servicio de ese momento, porque yo me siento una artista del vivo. Ah\u00ed logro mis momentos m\u00e1s valiosos: cantando para la gente.<\/p>\n<p>\u00a0<\/p>\n<h3>\u00abCaminantes\u00bb<\/h3>\n<h2>Espiritualidad como medicina<\/h2>\n<p>En el disco hay una canci\u00f3n que refleja la fuerza femenina y el compromiso que Larcher que sostiene con el medio ambiente. Se llama \u00abCaminantes\u00bb y en la mitad del tema la catamarque\u00f1a recita: \u00abTerritorio amenazado por el capitalismo\/ turismo depredador, Comarca. Verano de fuego, salvar bosque nativo, fuego pol\u00edtico\u201d. \u201cSon palabras que fui tomando a modo de citas de las Mujeres Ind\u00edgenas del Buen Vivir del sur de nuestro pa\u00eds\u201d, cuenta. \u201cHace un par de a\u00f1os, durante la pandemia, hicieron una caminata muy impresionante desde el sur hasta el Congreso para traer un petitorio donde se denunciaba el extractivismo de los bosques y de los r\u00edos en el sur. Tambi\u00e9n los incendios y el fuego pol\u00edtico. As\u00ed que fue muy fuerte cantar esto ahora, porque tiene un presente absoluto, una actualidad total y es mi manera de aportar a las luchas\u201d, completa.<\/p>\n<p>\u201cVengo de Andalgal\u00e1, de un barrio que se llama Huachaschi, y ah\u00ed hace mucho tiempo que sostenemos nuestra denuncia contra el extractivismo \u2013sigue-. Me parece importante tomar estas palabras y que nombren con crudeza en la canci\u00f3n, porque es la parte m\u00e1s cruda y pol\u00edtica del disco. Me parece importante tambi\u00e9n que haya lugar en la m\u00fasica para estas denuncias y estos consejos de pueblos que hace mucho tiempo vienen propiciando la posibilidad de tener otra forma de vivir. En ese recitado se menciona que la espiritualidad tambi\u00e9n es una medicina y un derecho, sac\u00e1ndolo tambi\u00e9n de estos movimientos <i>new age<\/i> que te venden espiritualidad. Los pueblos hace mucho tiempo propician una cultura espiritual ligada a la tierra y nos vienen ense\u00f1ando eso. Y viene a cuenta de hablar tambi\u00e9n de este presente tan dif\u00edcil que estamos viviendo\u201d.<\/p>\n<p><!-- Live Blog Post --><\/div>\n<p><a href=\"https:\/\/www.pagina12.com.ar\/827661-nadia-larcher-necesitaba-conversar-intimamente-con-la-musica\">source<\/a><\/p>\n","protected":false},"excerpt":{"rendered":"<p>Nadia Larcher es una artista que contin\u00faa la tradici\u00f3n de cantoras o int\u00e9rpretes argentinas de&#8230;<\/p>\n","protected":false},"author":0,"featured_media":198627,"comment_status":"open","ping_status":"open","sticky":false,"template":"","format":"standard","meta":{"footnotes":""},"categories":[4],"tags":[],"class_list":["post-198626","post","type-post","status-publish","format-standard","has-post-thumbnail","hentry","category-espectaculos"],"featured_image_urls":{"full":["https:\/\/radiofenix.com.ar\/2023\/wp-content\/uploads\/2025\/05\/wp-header-logo-128.png",960,540,false],"thumbnail":["https:\/\/radiofenix.com.ar\/2023\/wp-content\/uploads\/2025\/05\/wp-header-logo-128-150x150.png",150,150,true],"medium":["https:\/\/radiofenix.com.ar\/2023\/wp-content\/uploads\/2025\/05\/wp-header-logo-128-300x169.png",300,169,true],"medium_large":["https:\/\/radiofenix.com.ar\/2023\/wp-content\/uploads\/2025\/05\/wp-header-logo-128-768x432.png",640,360,true],"large":["https:\/\/radiofenix.com.ar\/2023\/wp-content\/uploads\/2025\/05\/wp-header-logo-128.png",640,360,false],"1536x1536":["https:\/\/radiofenix.com.ar\/2023\/wp-content\/uploads\/2025\/05\/wp-header-logo-128.png",960,540,false],"2048x2048":["https:\/\/radiofenix.com.ar\/2023\/wp-content\/uploads\/2025\/05\/wp-header-logo-128.png",960,540,false],"newsium-slider-full":["https:\/\/radiofenix.com.ar\/2023\/wp-content\/uploads\/2025\/05\/wp-header-logo-128.png",960,540,false],"newsium-featured":["https:\/\/radiofenix.com.ar\/2023\/wp-content\/uploads\/2025\/05\/wp-header-logo-128.png",960,540,false],"newsium-medium":["https:\/\/radiofenix.com.ar\/2023\/wp-content\/uploads\/2025\/05\/wp-header-logo-128-720x475.png",720,475,true]},"author_info":{"info":[""]},"category_info":"<a href=\"https:\/\/radiofenix.com.ar\/2023\/category\/espectaculos\/\" rel=\"category tag\">Espectaculos<\/a>","tag_info":"Espectaculos","comment_count":"0","_links":{"self":[{"href":"https:\/\/radiofenix.com.ar\/2023\/wp-json\/wp\/v2\/posts\/198626","targetHints":{"allow":["GET"]}}],"collection":[{"href":"https:\/\/radiofenix.com.ar\/2023\/wp-json\/wp\/v2\/posts"}],"about":[{"href":"https:\/\/radiofenix.com.ar\/2023\/wp-json\/wp\/v2\/types\/post"}],"replies":[{"embeddable":true,"href":"https:\/\/radiofenix.com.ar\/2023\/wp-json\/wp\/v2\/comments?post=198626"}],"version-history":[{"count":0,"href":"https:\/\/radiofenix.com.ar\/2023\/wp-json\/wp\/v2\/posts\/198626\/revisions"}],"wp:featuredmedia":[{"embeddable":true,"href":"https:\/\/radiofenix.com.ar\/2023\/wp-json\/wp\/v2\/media\/198627"}],"wp:attachment":[{"href":"https:\/\/radiofenix.com.ar\/2023\/wp-json\/wp\/v2\/media?parent=198626"}],"wp:term":[{"taxonomy":"category","embeddable":true,"href":"https:\/\/radiofenix.com.ar\/2023\/wp-json\/wp\/v2\/categories?post=198626"},{"taxonomy":"post_tag","embeddable":true,"href":"https:\/\/radiofenix.com.ar\/2023\/wp-json\/wp\/v2\/tags?post=198626"}],"curies":[{"name":"wp","href":"https:\/\/api.w.org\/{rel}","templated":true}]}}