{"id":198634,"date":"2025-05-23T08:57:22","date_gmt":"2025-05-23T08:57:22","guid":{"rendered":"https:\/\/radiofenix.com.ar\/2023\/venezuela-anuncio-la-detencion-de-un-argentino-un-espanol-y-un-bulgaro-por-conspiracion\/"},"modified":"2025-05-23T08:57:22","modified_gmt":"2025-05-23T08:57:22","slug":"venezuela-anuncio-la-detencion-de-un-argentino-un-espanol-y-un-bulgaro-por-conspiracion","status":"publish","type":"post","link":"https:\/\/radiofenix.com.ar\/2023\/venezuela-anuncio-la-detencion-de-un-argentino-un-espanol-y-un-bulgaro-por-conspiracion\/","title":{"rendered":"Venezuela anunci\u00f3 la detenci\u00f3n de un argentino, un espa\u00f1ol y un b\u00falgaro por conspiraci\u00f3n"},"content":{"rendered":"<div><!-- Body --><\/p>\n<p>El titular de Interior de Venezuela, <b>Diosdado Cabello<\/b>, inform\u00f3 <b>la detenci\u00f3n de un ciudadano argentino, de un espa\u00f1ol y de un b\u00falgaro<\/b> por un supuesto plan conspirativo contra las elecciones regionales y parlamentarias del pr\u00f3ximo domingo.<\/p>\n<p>El ministro, que no dio detalles sobre el operativo ni sobre las identidades de los detenidos, se\u00f1al\u00f3 que el espa\u00f1ol est\u00e1 presuntamente \u00abvinculado a mafias del narcotr\u00e1fico\u00bb. \u00ab<b>Si vienen para ac\u00e1 a conspirar, los vamos a agarrar, s\u00e9panlo\u00bb<\/b>, dijo el funcionario durante su programa semanal transmitido por el canal estatal Venezolana de Televisi\u00f3n (VTV).<\/p>\n<div class=\"iframely-embed medium-embedded-content\" data-html=\"Jmx0O2RpdiZndDsmbHQ7ZGl2IHN0eWxlPSJsZWZ0OiAwOyB3aWR0aDogMTAwJTsgaGVpZ2h0OiAwOyBwb3NpdGlvbjogcmVsYXRpdmU7IHBhZGRpbmctYm90dG9tOiA1Ni4wNDE3JTsiJmd0OyZsdDtpZnJhbWUgc3JjPSJodHRwczovL2lmcmFtZWx5LnBhZ2luYTEyLmNvbS5hci9hcGkvaWZyYW1lP2NsaWNrX3RvX3BsYXk9MSZhbXA7dXJsPWh0dHBzJTNBJTJGJTJGZ2VvLmRhaWx5bW90aW9uLmNvbSUyRnBsYXllciUyRnh0NWVlLmh0bWwlM0Z2aWRlbyUzRHg5anl5MnEmYW1wO2tleT00Njc2YjVmZGMwODMyNTdlYTg3ZjcxNjA4Yzc0ZTlmZSIgc3R5bGU9InRvcDogMDsgbGVmdDogMDsgd2lkdGg6IDEwMCU7IGhlaWdodDogMTAwJTsgcG9zaXRpb246IGFic29sdXRlOyBib3JkZXI6IDA7IiBhbGxvd2Z1bGxzY3JlZW4gc2Nyb2xsaW5nPSJubyIgYWxsb3c9ImVuY3J5cHRlZC1tZWRpYSAqOyImZ3Q7Jmx0Oy9pZnJhbWUmZ3Q7Jmx0Oy9kaXYmZ3Q7Jmx0Oy9kaXYmZ3Q7Jmx0O2RpdiBjbGFzcz0ibWVkaXVtLWluc2VydC1lbWJlZHMtbWV0YSImZ3Q7Jmx0O3NjcmlwdCB0eXBlPSJ0ZXh0L2pzb24iJmd0O3sidXJsIjoiaHR0cHM6Ly9nZW8uZGFpbHltb3Rpb24uY29tL3BsYXllci94dDVlZS5odG1sP3ZpZGVvPXg5anl5MnEiLCJ0eXBlIjoidmlkZW8iLCJ2ZXJzaW9uIjoiMS4wIiwidGl0bGUiOiJWZW5lenVlbGEgZGV0aWVuZSBhIHVuIGVzcGHDsW9sLCB1biBhcmdlbnRpbm8geSBhIHVuIGLDumxnYXJvIHBvciB1bmEgcHJlc3VudGEgY29uc3BpcmFjacOzbiIsImF1dGhvciI6IlDDoWdpbmExMiIsImF1dGhvcl91cmwiOiJodHRwczovL3d3dy5kYWlseW1vdGlvbi5jb20vUGFnaW5hMTIiLCJwcm92aWRlcl9uYW1lIjoiRGFpbHltb3Rpb24iLCJkZXNjcmlwdGlvbiI6IkVsIHRpdHVsYXIgZGUgSW50ZXJpb3IgZGUgVmVuZXp1ZWxhLCBEaW9zZGFkbyBDYWJlbGxvLCBpbmZvcm3DsyBlc3RlIG1pw6lyY29sZXMgZGUgbGEgZGV0ZW5jacOzbiBkZSB1biBjaXVkYWRhbm8gZXNwYcOxb2wsIGRlIHVuIGFyZ2VudGlubyB5IGRlIHVuIGLDumxnYXJvIHBvciB1biBzdXB1ZXN0byBwbGFuIGNvbnNwaXJhdGl2bywgcXVpZW5lcyBzZSBzdW1hbiBhIGxvcyAxNyBleHRyYW5qZXJvcyBlbmNhcmNlbGFkb3MgcmVjaWVudGVtZW50ZSBlbiBlbCBwYcOtcyBjYXJpYmXDsW8gcG9yIHN1IHByZXN1bnRvIHbDrW5jdWxvIGNvbiB1bmEgb3BlcmFjacOzbiBjb250cmEgbGFzIGVsZWNjaW9uZXMgZGVsIHByw7N4aW1vIGRvbWluZ28uIiwidGh1bWJuYWlsX3VybCI6Imh0dHBzOi8vczIuZG1jZG4ubmV0L3YvWVJ2VzIxZUJwcXNrYjQ2ZTQveDcyMCIsInRodW1ibmFpbF93aWR0aCI6MTI4MCwidGh1bWJuYWlsX2hlaWdodCI6NzIwLCJjYWNoZV9hZ2UiOjg2NDAwfSZsdDsvc2NyaXB0Jmd0OyZsdDsvZGl2Jmd0Ow==\">\n                <a data-iframely-url=\"\" href=\"https:\/\/geo.dailymotion.com\/player\/xt5ee.html?video=x9jyy2q\">https:\/\/geo.dailymotion.com\/player\/xt5ee.html?video=x9jyy2q<\/a>\n              <\/div>\n<p>Indic\u00f3 que<b>, hasta el lunes, las autoridades hab\u00edan detenido a 38 personas que acus\u00f3 de ser \u00abmercenarios\u00bb<\/b>, de los cuales 17 son extranjeros y 21 venezolanos, entre ellos algunos que \u00abse hab\u00edan ido\u00bb del pa\u00eds caribe\u00f1o y \u00abestaban regresando\u00bb.<\/p>\n<p><b>Cabello insisti\u00f3 en que estas personas formaban parte de un plan para \u00absabotear, por la v\u00eda violenta, las elecciones\u00bb <\/b>regionales y parlamentarias de este 25 de mayo, con el uso, dijo, de \u00abexplosivos\u00bb, y acus\u00f3 a la l\u00edder opositora Mar\u00eda Corina Machado de estar \u00abdetr\u00e1s de esto\u00bb. Seg\u00fan el funcionario, fueron capturados en altamar y con cargamentos de p\u00f3lvora.<\/p>\n<p><b>Pese a todo, el ministro agreg\u00f3 que las votaciones del domingo ser\u00e1n un \u00ab\u00e9xito\u00bb<\/b>, para las que, agreg\u00f3, la Fuerza Armada Nacional Bolivariana (FANB) despleg\u00f3 a m\u00e1s de 412.000 efectivos militares, con el fin de resguardar las instalaciones y el material electoral.<\/p>\n<p>El pasado lunes, <b>Cabello denunci\u00f3 que el plan antielectoral inclu\u00eda ataques contra embajadas, comandos policiales, hospitales, estaciones de servicio e instalaciones del sistema el\u00e9ctrico<\/b> nacional, as\u00ed como atentados contra \u00abpersonalidades (&#8230;) tanto de la revoluci\u00f3n (el chavismo) como de la oposici\u00f3n\u00bb, sobre todo, candidatos opositores a los venideros comicios.<\/p>\n<p><b>Tambi\u00e9n anunci\u00f3 la suspensi\u00f3n de \u00abtodos los vuelos\u00bb desde Colombia,<\/b> al denunciar la llegada a Venezuela de presuntos mercenarios desde ese pa\u00eds vecino, entre ellos, ciudadanos con nacionalidad colombiana, mexicana y ucraniana.<\/p>\n<p><!-- Live Blog Post --><\/div>\n<p><a href=\"https:\/\/www.pagina12.com.ar\/827841-venezuela-anuncio-la-detencion-de-un-argentino-un-espanol-y-\">source<\/a><\/p>\n","protected":false},"excerpt":{"rendered":"<p>El titular de Interior de Venezuela, Diosdado Cabello, inform\u00f3 la detenci\u00f3n de un ciudadano argentino,&#8230;<\/p>\n","protected":false},"author":0,"featured_media":198635,"comment_status":"open","ping_status":"open","sticky":false,"template":"","format":"standard","meta":{"footnotes":""},"categories":[60],"tags":[],"class_list":["post-198634","post","type-post","status-publish","format-standard","has-post-thumbnail","hentry","category-internacional"],"featured_image_urls":{"full":["https:\/\/radiofenix.com.ar\/2023\/wp-content\/uploads\/2025\/05\/wp-header-logo-132.png",960,540,false],"thumbnail":["https:\/\/radiofenix.com.ar\/2023\/wp-content\/uploads\/2025\/05\/wp-header-logo-132-150x150.png",150,150,true],"medium":["https:\/\/radiofenix.com.ar\/2023\/wp-content\/uploads\/2025\/05\/wp-header-logo-132-300x169.png",300,169,true],"medium_large":["https:\/\/radiofenix.com.ar\/2023\/wp-content\/uploads\/2025\/05\/wp-header-logo-132-768x432.png",640,360,true],"large":["https:\/\/radiofenix.com.ar\/2023\/wp-content\/uploads\/2025\/05\/wp-header-logo-132.png",640,360,false],"1536x1536":["https:\/\/radiofenix.com.ar\/2023\/wp-content\/uploads\/2025\/05\/wp-header-logo-132.png",960,540,false],"2048x2048":["https:\/\/radiofenix.com.ar\/2023\/wp-content\/uploads\/2025\/05\/wp-header-logo-132.png",960,540,false],"newsium-slider-full":["https:\/\/radiofenix.com.ar\/2023\/wp-content\/uploads\/2025\/05\/wp-header-logo-132.png",960,540,false],"newsium-featured":["https:\/\/radiofenix.com.ar\/2023\/wp-content\/uploads\/2025\/05\/wp-header-logo-132.png",960,540,false],"newsium-medium":["https:\/\/radiofenix.com.ar\/2023\/wp-content\/uploads\/2025\/05\/wp-header-logo-132-720x475.png",720,475,true]},"author_info":{"info":[""]},"category_info":"<a href=\"https:\/\/radiofenix.com.ar\/2023\/category\/internacional\/\" rel=\"category tag\">Internacional<\/a>","tag_info":"Internacional","comment_count":"0","_links":{"self":[{"href":"https:\/\/radiofenix.com.ar\/2023\/wp-json\/wp\/v2\/posts\/198634","targetHints":{"allow":["GET"]}}],"collection":[{"href":"https:\/\/radiofenix.com.ar\/2023\/wp-json\/wp\/v2\/posts"}],"about":[{"href":"https:\/\/radiofenix.com.ar\/2023\/wp-json\/wp\/v2\/types\/post"}],"replies":[{"embeddable":true,"href":"https:\/\/radiofenix.com.ar\/2023\/wp-json\/wp\/v2\/comments?post=198634"}],"version-history":[{"count":0,"href":"https:\/\/radiofenix.com.ar\/2023\/wp-json\/wp\/v2\/posts\/198634\/revisions"}],"wp:featuredmedia":[{"embeddable":true,"href":"https:\/\/radiofenix.com.ar\/2023\/wp-json\/wp\/v2\/media\/198635"}],"wp:attachment":[{"href":"https:\/\/radiofenix.com.ar\/2023\/wp-json\/wp\/v2\/media?parent=198634"}],"wp:term":[{"taxonomy":"category","embeddable":true,"href":"https:\/\/radiofenix.com.ar\/2023\/wp-json\/wp\/v2\/categories?post=198634"},{"taxonomy":"post_tag","embeddable":true,"href":"https:\/\/radiofenix.com.ar\/2023\/wp-json\/wp\/v2\/tags?post=198634"}],"curies":[{"name":"wp","href":"https:\/\/api.w.org\/{rel}","templated":true}]}}