{"id":198638,"date":"2025-05-23T08:57:25","date_gmt":"2025-05-23T08:57:25","guid":{"rendered":"https:\/\/radiofenix.com.ar\/2023\/gustavo-maso-es-un-espectaculo-de-sentimientos\/"},"modified":"2025-05-23T08:57:25","modified_gmt":"2025-05-23T08:57:25","slug":"gustavo-maso-es-un-espectaculo-de-sentimientos","status":"publish","type":"post","link":"https:\/\/radiofenix.com.ar\/2023\/gustavo-maso-es-un-espectaculo-de-sentimientos\/","title":{"rendered":"Gustavo Mas\u00f3: &quot;Es un espect\u00e1culo de sentimientos&quot;"},"content":{"rendered":"<div><!-- Body --><\/p>\n<p><b>Gustavo Mas\u00f3 es actor <\/b>y suele desempe\u00f1arse en ese campo; por lo general escribe sus propios materiales y hace poco form\u00f3 parte de <i>Salvajada<\/i>, la exitosa adaptaci\u00f3n teatral de <b>Mauricio Kartun<\/b> basada en el cuento de Horacio Quiroga, \u00abJuan Dari\u00e9n\u00bb, que pudo verse en el <b>Teatro Cervantes.<\/b> Ahora el actor explora una nueva faceta y lanza su disco <i>Lado Gus<\/i>, con canciones escritas e interpretadas por \u00e9l. <b>Este viernes 23 y el 30 de mayo las presentar\u00e1 en el Teatro del Pasillo (Colombres 35) a las 21, <\/b>con un espect\u00e1culo que reunir\u00e1 m\u00fasica, poes\u00eda, humor y reflexiones. \u00abYo soy actor. Cant\u00e9 en algunas obras y en algunos musicales pero no era a lo que me dedicaba. Generalmente escribo mis mon\u00f3logos y participo de otras obras. En las \u00faltimas obras m\u00edas cantaba canciones compuestas por <b>Pablo Echaniz,<\/b> eso siempre estaba dando vueltas por ah\u00ed y cerraba cada historia con una canci\u00f3n\u00bb, cuenta Mas\u00f3.<\/p>\n<p>El a\u00f1o pasado se propuso dejar un registro de todas sus creaciones \u2013ten\u00eda en su cat\u00e1logo personal m\u00e1s de veinte canciones\u2013 y <b>Hern\u00e1n Brucker<\/b> (guitarrista de \u00c1rbol y productor del disco) le dijo: \u00abAc\u00e1 hay una paleta de colores, historias y emociones que dan para hacer un \u00e1lbum\u00bb. A partir de esa mirada de alguien experimentado en el universo musical, Gustavo se entusiasm\u00f3, empez\u00f3 a dimensionar lo que hac\u00eda, tom\u00f3 distancia de la escritura teatral y volvi\u00f3 a una pasi\u00f3n de la infancia: el canto. \u00abLa vida te va llevando hacia otras cosas y dej\u00e9 de cantar, nunca termin\u00e9 de tom\u00e1rmelo en serio. Yo <b>siento que soy un actor que canta\u00bb,<\/b> afirma. El artista lanz\u00f3 <i>Lado Gus<\/i>, que tiene siete canciones escritas e interpretadas por \u00e9l con m\u00fasica de Echaniz, y ahora est\u00e1 preparando el volumen 2 que contar\u00e1 con la colaboraci\u00f3n art\u00edstica de <b>Juan Subir\u00e1<\/b> en dos temas. \u00abEs maravilloso porque se abri\u00f3 otro mundo.<b> Las palabras empezaron a moverse, a bailar y a saltar\u00bb,<\/b> celebra.<\/p>\n<p>Mas\u00f3 adelanta que el espect\u00e1culo (tambi\u00e9n titulado <i>Lado Gus)<\/i> contar\u00e1 con la presentaci\u00f3n de las <b>siete canciones<\/b> del disco y, adem\u00e1s, cada una tendr\u00e1 un preludio e incluir\u00e1 de alg\u00fan modo la participaci\u00f3n del p\u00fablico. \u00abYo hablo con los <b>presenciadores<\/b>, no me gusta el t\u00e9rmino espectadores. Ah\u00ed se va armando una maravillosa paleta de colores y termina siendo<b> un espect\u00e1culo de sentimientos<\/b> porque este disco es sobre el amor. Hay una canci\u00f3n que se titula \u2018La azotea de mi vida\u2019 porque habla del lugar donde estoy yo y ah\u00ed el amor es algo primordial.<b> A partir del amor llueve todo lo dem\u00e1s.<\/b> Y el amor tambi\u00e9n est\u00e1 ligado al humor, trae la reflexi\u00f3n. Todo eso es rebeli\u00f3n\u00bb.<\/p>\n<p><!-- Live Blog Post --><\/div>\n<p><a href=\"https:\/\/www.pagina12.com.ar\/827957-gustavo-maso-es-un-espectaculo-de-sentimientos\">source<\/a><\/p>\n","protected":false},"excerpt":{"rendered":"<p>Gustavo Mas\u00f3 es actor y suele desempe\u00f1arse en ese campo; por lo general escribe sus&#8230;<\/p>\n","protected":false},"author":0,"featured_media":198639,"comment_status":"open","ping_status":"open","sticky":false,"template":"","format":"standard","meta":{"footnotes":""},"categories":[4],"tags":[],"class_list":["post-198638","post","type-post","status-publish","format-standard","has-post-thumbnail","hentry","category-espectaculos"],"featured_image_urls":{"full":["https:\/\/radiofenix.com.ar\/2023\/wp-content\/uploads\/2025\/05\/wp-header-logo-134.png",960,540,false],"thumbnail":["https:\/\/radiofenix.com.ar\/2023\/wp-content\/uploads\/2025\/05\/wp-header-logo-134-150x150.png",150,150,true],"medium":["https:\/\/radiofenix.com.ar\/2023\/wp-content\/uploads\/2025\/05\/wp-header-logo-134-300x169.png",300,169,true],"medium_large":["https:\/\/radiofenix.com.ar\/2023\/wp-content\/uploads\/2025\/05\/wp-header-logo-134-768x432.png",640,360,true],"large":["https:\/\/radiofenix.com.ar\/2023\/wp-content\/uploads\/2025\/05\/wp-header-logo-134.png",640,360,false],"1536x1536":["https:\/\/radiofenix.com.ar\/2023\/wp-content\/uploads\/2025\/05\/wp-header-logo-134.png",960,540,false],"2048x2048":["https:\/\/radiofenix.com.ar\/2023\/wp-content\/uploads\/2025\/05\/wp-header-logo-134.png",960,540,false],"newsium-slider-full":["https:\/\/radiofenix.com.ar\/2023\/wp-content\/uploads\/2025\/05\/wp-header-logo-134.png",960,540,false],"newsium-featured":["https:\/\/radiofenix.com.ar\/2023\/wp-content\/uploads\/2025\/05\/wp-header-logo-134.png",960,540,false],"newsium-medium":["https:\/\/radiofenix.com.ar\/2023\/wp-content\/uploads\/2025\/05\/wp-header-logo-134-720x475.png",720,475,true]},"author_info":{"info":[""]},"category_info":"<a href=\"https:\/\/radiofenix.com.ar\/2023\/category\/espectaculos\/\" rel=\"category tag\">Espectaculos<\/a>","tag_info":"Espectaculos","comment_count":"0","_links":{"self":[{"href":"https:\/\/radiofenix.com.ar\/2023\/wp-json\/wp\/v2\/posts\/198638","targetHints":{"allow":["GET"]}}],"collection":[{"href":"https:\/\/radiofenix.com.ar\/2023\/wp-json\/wp\/v2\/posts"}],"about":[{"href":"https:\/\/radiofenix.com.ar\/2023\/wp-json\/wp\/v2\/types\/post"}],"replies":[{"embeddable":true,"href":"https:\/\/radiofenix.com.ar\/2023\/wp-json\/wp\/v2\/comments?post=198638"}],"version-history":[{"count":0,"href":"https:\/\/radiofenix.com.ar\/2023\/wp-json\/wp\/v2\/posts\/198638\/revisions"}],"wp:featuredmedia":[{"embeddable":true,"href":"https:\/\/radiofenix.com.ar\/2023\/wp-json\/wp\/v2\/media\/198639"}],"wp:attachment":[{"href":"https:\/\/radiofenix.com.ar\/2023\/wp-json\/wp\/v2\/media?parent=198638"}],"wp:term":[{"taxonomy":"category","embeddable":true,"href":"https:\/\/radiofenix.com.ar\/2023\/wp-json\/wp\/v2\/categories?post=198638"},{"taxonomy":"post_tag","embeddable":true,"href":"https:\/\/radiofenix.com.ar\/2023\/wp-json\/wp\/v2\/tags?post=198638"}],"curies":[{"name":"wp","href":"https:\/\/api.w.org\/{rel}","templated":true}]}}