{"id":198644,"date":"2025-05-24T08:58:12","date_gmt":"2025-05-24T08:58:12","guid":{"rendered":"https:\/\/radiofenix.com.ar\/2023\/quiero-representar-a-argentina-sin-importar-el-resultado\/"},"modified":"2025-05-24T08:58:12","modified_gmt":"2025-05-24T08:58:12","slug":"quiero-representar-a-argentina-sin-importar-el-resultado","status":"publish","type":"post","link":"https:\/\/radiofenix.com.ar\/2023\/quiero-representar-a-argentina-sin-importar-el-resultado\/","title":{"rendered":"&quot;Quiero representar a Argentina sin importar el resultado&quot;"},"content":{"rendered":"<div><!-- Body --><\/p>\n<p>Es tricampeona del Desaf\u00edo R\u00edo Pinto. Este a\u00f1o lleg\u00f3 segunda, con un tiempo de 3 h 17 min 56 seg. Sue\u00f1a con representar al pa\u00eds en una competencia internacional de ciclismo. Trabajaba como ingeniera agr\u00f3noma en el Servicio Nacional de Sanidad y Calidad Agroalimentaria (SENASA) hasta  que el ciclismo se cruz\u00f3 en su camino y la pasi\u00f3n por pedalear gan\u00f3 la pulseada. Y\u00e9sica \u201cChiquita\u201d Andr\u00e9s Cantelmi, de 38 a\u00f1os, obtuvo  el segundo puesto en el Desaf\u00edo Rio Pinto, la carrera m\u00e1s importante de Mountain Bike ( MTB)  de Latinoam\u00e9rica, que se realiz\u00f3 en La Cumbre, C\u00f3rdoba, a comienzos de mayo y en  la que tambi\u00e9n particip\u00f3 el entrenador de la selecci\u00f3n argentina de f\u00fatbol, Lionel Scaloni. La deportista, oriunda de General Pico, La Pampa, actualmente dedica su tiempo a entrenarse, a ocuparse de su hija adolescente y a vender cualquier producto que est\u00e9 relacionado con el ciclismo, disciplina que la tiene enfocada  en su pr\u00f3ximo objetivo: el Mundial Cross Country Ol\u00edmpico (XCO) que se disputar\u00e1 en Chile, el a\u00f1o pr\u00f3ximo. \u201cAgradezco mi presente, porque la vida va pasando, hay que tomar decisiones y  arriesgarse. Cuando me dicen dejaste tu profesi\u00f3n que tanto te cost\u00f3 por esto, yo les contesto que esto tambi\u00e9n lleva esfuerzo pero es un sentimiento, una pasi\u00f3n, algo que mi trabajo no me daba. Para m\u00ed, la bici es sin\u00f3nimo de vida\u00bb, cuenta Cantelmi en este di\u00e1logo con P\u00e1gina 12.\u00a0<\/p>\n<p><b>\u2013\u00bfQu\u00e9 alcance tiene el Desaf\u00edo R\u00edo Pinto? <\/b><\/p>\n<p>\u2013Son 86 kil\u00f3metros que se hacen duros para nosotros que vamos al palo todo el tiempo, y ni hablar de las condiciones clim\u00e1ticas. Siempre hace fr\u00edo y esta vez chapoteando  en el barro. La carrera no terminaba m\u00e1s. Pinto te desaf\u00eda energ\u00e9ticamente hasta el final. La cumbre es ventosa s\u00famales las  subidas y bajadas y  la adrenalina.  <\/p>\n<p><b>\u2013\u00bfC\u00f3mo viviste el Desaf\u00edo R\u00edo Pinto? <\/b><\/p>\n<p>\u2013Con mucha pasi\u00f3n. Es una locura. Este a\u00f1o bati\u00f3 r\u00e9cord, hab\u00eda mucha gente participando. Nunca  hab\u00eda corrido con lluvia en este circuito. Fue un gran desaf\u00edo, especialmente para los que por primera vez, participaron. Pero es una experiencia hermosa, no hay que arrepentirse. A Pinto hay que ir a disfrutarlo. La energ\u00eda es muy grande, emociona. <\/p>\n<p>Esta carrera fue creada en 1996 por el Club de Amigos del deporte, la asociaci\u00f3n con  sede en La Cumbre, la localidad que todos los a\u00f1os, recibe a los ciclistas profesionales y amateurs de Argentina y de otros pa\u00edses para realizar el recorrido que incluye adem\u00e1s a otros pueblos aleda\u00f1os como Cuchi Corral, San Marcos Sierra, Capilla del Monte y San Esteban.<\/p>\n<p>En su primera edici\u00f3n, reuni\u00f3 a 136 ciclistas, y cont\u00f3 con un recorrido  de 50 km. Con  el tiempo fue adquiriendo popularidad hasta convertirse  en un fen\u00f3meno deportivo. Este  a\u00f1o super\u00f3 a los anteriores, con una inscripci\u00f3n de 5.500 competidores, un boom que tambi\u00e9n alcanz\u00f3 a m\u00e1s de mil mujeres anotadas para competir. <\/p>\n<p>El primer puesto en la categor\u00eda profesional masculina fue para el entrerriano  Catriel Soto, que en 2 h 49 min  44 seg, logr\u00f3 cruzar la l\u00ednea de llegada mientras que en la femenina, se impuso Carolina P\u00e9rez, de Mar del Plata con un tiempo de 3 h 16 min, 59 segundos, s\u00f3lo 30 segundos antes que Cantelmi. <\/p>\n<p><b>\u2013\u00bfQu\u00e9 te pas\u00f3 con lograr el  segundo puesto? <\/b><\/p>\n<p>\u2013Los deportistas sabemos a qu\u00e9 vamos. Todos nos preparamos para el primer  lugar pero s\u00f3lo uno, llega. Hay muchos factores en una carrera. Puede suceder cualquier cosa. Yo elijo pensar que pierdo con las mejores. Nosotras, en la categor\u00eda profesional nos conocemos desde hace a\u00f1os.Incluso ellas arrancaron antes, mis compa\u00f1eras tienen trayectoria. Y este circuito no requiere tanta t\u00e9cnica y es m\u00e1s rodador. Sab\u00eda   que si nos emparej\u00e1bamos en el  tramo rodante con Carito, la iba a pasar mal, y asi fue. Aguant\u00e9 todo lo que pude, pero ella  iba  fuerte\u2026 es muy grosa. <\/p>\n<p>Cantelmi tiene en su haber, varias copas ganadas desde  que empez\u00f3 a competir en 2016. Logr\u00f3 alzar tres de  Desaf\u00edo Rio Pinto, otras tantas en la carrera Vuelta Altas Cumbres (C\u00f3rdoba), cuatro en  el Campeonato Argentino de Cross Country , dos en la modalidad Rally de Elite y m\u00e1s de una docena de medallas otorgadas por su participaci\u00f3n en otras competiciones. <\/p>\n<p><b>\u2013\u00bfPor qu\u00e9 quer\u00e9s participar en el Campeonato Mundial de XCO? <\/b><\/p>\n<p>\u2013Porque puedo representar a Argentina, es ol\u00edmpico a diferencia del MTB. S\u00e9 que es otra exigencia, por eso hace algunos meses cambi\u00e9 la  rutina. Fue necesario  aumentar la carga, trabajar la  potencia y sistema anaer\u00f3bico. Adem\u00e1s como entrenamiento, aprovecho todas estas carreras que son  buenisimas para medir mi nivel. El recorrido sube y baja entonces hay que tener t\u00e9cnica y resistencia f\u00edsica pero en menor tiempo de competencia. <\/p>\n<p><b>\u2013\u00bfQu\u00e9 significa para vos, representar a tu pais? <\/b><\/p>\n<p>\u2013Es el sue\u00f1o que a\u00fan no cumpl\u00ed, correr con la camiseta argentina. Quiero representar a m\u00ed pais sin importar el resultado. Ser\u00eda  como culminar mi carrera deportiva. <\/p>\n<p><b>\u2013\u00bfTen\u00e9s otros sue\u00f1os por cumplir? <\/b><\/p>\n<p>\u2013Siento que los estoy cumpliendo cuando puedo contagiar las ganas de subirse a una bici. Me sale desde  adentro, compartir todo lo que s\u00e9, m\u00e1s a\u00fan cuando sirve para que la gente se anime. Me aferr\u00e9 tanto al ciclismo que quisiera que todos tuvieran  la misma experiencia. La bici es un cable a tierra, es  tener  un horizonte, un lugar donde ir.\u00a0<\/p>\n<p><!-- Live Blog Post --><\/div>\n<p><a href=\"https:\/\/www.pagina12.com.ar\/828245-quiero-representar-a-argentina-sin-importar-el-resultado\">source<\/a><\/p>\n","protected":false},"excerpt":{"rendered":"<p>Es tricampeona del Desaf\u00edo R\u00edo Pinto. Este a\u00f1o lleg\u00f3 segunda, con un tiempo de 3&#8230;<\/p>\n","protected":false},"author":0,"featured_media":198645,"comment_status":"open","ping_status":"open","sticky":false,"template":"","format":"standard","meta":{"footnotes":""},"categories":[3],"tags":[],"class_list":["post-198644","post","type-post","status-publish","format-standard","has-post-thumbnail","hentry","category-deportes"],"featured_image_urls":{"full":["https:\/\/radiofenix.com.ar\/2023\/wp-content\/uploads\/2025\/05\/wp-header-logo-137.png",960,540,false],"thumbnail":["https:\/\/radiofenix.com.ar\/2023\/wp-content\/uploads\/2025\/05\/wp-header-logo-137-150x150.png",150,150,true],"medium":["https:\/\/radiofenix.com.ar\/2023\/wp-content\/uploads\/2025\/05\/wp-header-logo-137-300x169.png",300,169,true],"medium_large":["https:\/\/radiofenix.com.ar\/2023\/wp-content\/uploads\/2025\/05\/wp-header-logo-137-768x432.png",640,360,true],"large":["https:\/\/radiofenix.com.ar\/2023\/wp-content\/uploads\/2025\/05\/wp-header-logo-137.png",640,360,false],"1536x1536":["https:\/\/radiofenix.com.ar\/2023\/wp-content\/uploads\/2025\/05\/wp-header-logo-137.png",960,540,false],"2048x2048":["https:\/\/radiofenix.com.ar\/2023\/wp-content\/uploads\/2025\/05\/wp-header-logo-137.png",960,540,false],"newsium-slider-full":["https:\/\/radiofenix.com.ar\/2023\/wp-content\/uploads\/2025\/05\/wp-header-logo-137.png",960,540,false],"newsium-featured":["https:\/\/radiofenix.com.ar\/2023\/wp-content\/uploads\/2025\/05\/wp-header-logo-137.png",960,540,false],"newsium-medium":["https:\/\/radiofenix.com.ar\/2023\/wp-content\/uploads\/2025\/05\/wp-header-logo-137-720x475.png",720,475,true]},"author_info":{"info":[""]},"category_info":"<a href=\"https:\/\/radiofenix.com.ar\/2023\/category\/deportes\/\" rel=\"category tag\">Deportes<\/a>","tag_info":"Deportes","comment_count":"0","_links":{"self":[{"href":"https:\/\/radiofenix.com.ar\/2023\/wp-json\/wp\/v2\/posts\/198644","targetHints":{"allow":["GET"]}}],"collection":[{"href":"https:\/\/radiofenix.com.ar\/2023\/wp-json\/wp\/v2\/posts"}],"about":[{"href":"https:\/\/radiofenix.com.ar\/2023\/wp-json\/wp\/v2\/types\/post"}],"replies":[{"embeddable":true,"href":"https:\/\/radiofenix.com.ar\/2023\/wp-json\/wp\/v2\/comments?post=198644"}],"version-history":[{"count":0,"href":"https:\/\/radiofenix.com.ar\/2023\/wp-json\/wp\/v2\/posts\/198644\/revisions"}],"wp:featuredmedia":[{"embeddable":true,"href":"https:\/\/radiofenix.com.ar\/2023\/wp-json\/wp\/v2\/media\/198645"}],"wp:attachment":[{"href":"https:\/\/radiofenix.com.ar\/2023\/wp-json\/wp\/v2\/media?parent=198644"}],"wp:term":[{"taxonomy":"category","embeddable":true,"href":"https:\/\/radiofenix.com.ar\/2023\/wp-json\/wp\/v2\/categories?post=198644"},{"taxonomy":"post_tag","embeddable":true,"href":"https:\/\/radiofenix.com.ar\/2023\/wp-json\/wp\/v2\/tags?post=198644"}],"curies":[{"name":"wp","href":"https:\/\/api.w.org\/{rel}","templated":true}]}}