{"id":198650,"date":"2025-05-24T08:58:17","date_gmt":"2025-05-24T08:58:17","guid":{"rendered":"https:\/\/radiofenix.com.ar\/2023\/haroldo-conti-el-lugar-de-combate\/"},"modified":"2025-05-24T08:58:17","modified_gmt":"2025-05-24T08:58:17","slug":"haroldo-conti-el-lugar-de-combate","status":"publish","type":"post","link":"https:\/\/radiofenix.com.ar\/2023\/haroldo-conti-el-lugar-de-combate\/","title":{"rendered":"Haroldo Conti, el lugar de combate"},"content":{"rendered":"<div><!-- Body --><\/p>\n<p>\u201cEste es mi lugar de combate y de aqu\u00ed no me mover\u00e1n\u201d. Esta frase escrita en lat\u00edn ten\u00eda Haroldo Conti en su escritorio el 5 de mayo de 1976, la fecha en que lo secuestraron y desaparecieron. Tiempo atr\u00e1s, le hab\u00eda escrito a su amigo Roberto Fern\u00e1ndez Retamar: \u201cAcabo de enterarme por una persona de mi amistad, que corri\u00f3 su riesgo para informarme, que en una orden que se distribuye entre los comandos de asalto hay una lista de unas 30 personas a liquidar. Yo figuro entre las primeras\u201d. A pesar de saber el peligro que corr\u00eda, Conti sigui\u00f3 escribiendo y militando hasta su \u00faltimo d\u00eda.<\/p>\n<p>\u201cEste es mi lugar de combate y de aqu\u00ed no me mover\u00e1n\u201d, se lee (\u00bfse le\u00eda?) apenas se ingresa al Centro Cultural de la Memoria Haroldo Conti, cerrado por decisi\u00f3n del gobierno de Javier Milei desde el 31 de diciembre del a\u00f1o pasado cuando adem\u00e1s despidi\u00f3 a m\u00e1s del setenta por ciento de sus trabajadores.<\/p>\n<p>El Conti naci\u00f3 en el a\u00f1o 2008 gracias a una particular conjunci\u00f3n de tres patas. Por un lado, la pol\u00edtica p\u00fablica de memoria, llevada adelante por el gobierno de N\u00e9stor Kirchner, que recogi\u00f3 el legado del movimiento de derechos humanos; en segundo lugar, el impulso creativo del secretario del \u00e1rea de aquel entonces, Eduardo Luis Duhalde, y el escritor, pensador y militante Eduardo Jozami, su primer director; y, por \u00faltimo, trabajadoras y trabajadores con formaci\u00f3n acad\u00e9mica y un alto compromiso, que aun  cuando la voluntad pol\u00edtica result\u00f3 adversa lograron sostenerlo en actividad.<\/p>\n<p>Ubicado estrat\u00e9gicamente dentro del Espacio Memoria y Derechos Humanos (ex ESMA), el trabajo de memoria desarrollado por el Centro Cultural es profundamente pol\u00edtico, al entender que la tragedia de la \u00faltima dictadura argentina s\u00f3lo puede ser comprendida en relaci\u00f3n con el proceso pol\u00edtico anterior y particularmente con lo ocurrido a partir del golpe de 1955.<\/p>\n<p>En este sentido, el pasado lejos de ser considerado un pasado cerrado, muerto, es entendido como un proceso abierto que nos interpela en el presente y contiene una promesa de futuro. Entonces, como el pasado tiene mucho para decirnos sobre los problemas del presente, la vida y obra de Haroldo viene a echar luz como un rel\u00e1mpago en la noche cerrada del negacionismo. Como escribi\u00f3 Walter Benjamin: \u201cNada de lo que alguna vez ocurri\u00f3 puede darse por perdido para la historia\u201d.<\/p>\n<p>El car\u00e1cter plural y abierto del Conti, en donde todas las memorias, excepto las que negaban o hac\u00edan apolog\u00eda de la dictadura, tuvieron lugar; haber sido un espacio de pensamiento cr\u00edtico, creaci\u00f3n y defensa de los derechos humanos; y la apelaci\u00f3n al lenguaje art\u00edstico para reflexionar sobre la memoria y el pasado reciente, han sido caracter\u00edsticas que hicieron del Conti un espacio singular y sin dudas, en ellas mucho tuvo que ver la impronta de Eduardo Jozami, fundador del Centro.<\/p>\n<p>Dar a conocer y difundir la producci\u00f3n intelectual de nuestros escritores y artistas desaparecidos ha sido una de las principales tareas del centro cultural. Una invitaci\u00f3n a leerlos para sumergirse en una \u00e9poca que nos da pistas para comprender los problemas y las carencias de nuestro pa\u00eds en la actualidad. <\/p>\n<p>Para el centro cultural, la figura y la producci\u00f3n literaria de Conti ha sido el motivo de numerosas y diversas actividades. Lecturas de sus textos en la voz de escritores, artistas y periodistas; talleres y cursos sobre su obra; la elaboraci\u00f3n documentos con recursos pedag\u00f3gicos destinado a docentes para trabajar en el aula; y un premio anual a las mejores adaptaciones de su obra al lenguaje de la historieta, entre tantas otras iniciativas.<\/p>\n<p>El inmenso legado de Haroldo Conti es el compromiso pol\u00edtico con su tiempo y con su pueblo; el respeto, a trav\u00e9s de sus personajes, a los marginados, perdedores, so\u00f1adores, peque\u00f1os h\u00e9roes y h\u00e9roes colectivos; su preocupaci\u00f3n sobre el rol de la literatura en un proceso de transformaci\u00f3n social y la responsabilidad del escritor; su coherencia intachable, la cual lo llev\u00f3 a renunciar a la beca Guggenheim. Un legado que se hace profundamente actual en una coyuntura pol\u00edtica donde los derechos humanos y la justicia social est\u00e1n siendo atacados desde lo m\u00e1s alto del poder.<\/p>\n<p>Los numerosos homenajes en torno a la figura de Haroldo Conti, en el marco del centenario de su natalicio, demuestran que los represores de la \u00faltima dictadura no han logrado borrarlo de nuestra memoria colectiva. Frenar el avance de la derecha radical que nos gobierna y evitar el desmantelamiento de las pol\u00edticas de memoria, verdad y justicia depender\u00e1 de nosotros y de nuestra persistencia por continuar en nuestro lugar de combate.<\/p>\n<p><b>* <\/b><i>Ex Director de Proyectos Culturales del Centro Cultural de la Memoria Haroldo Conti e integrante del Centro de Estudios de Memoria e Historia del Tiempo Presente de la Universidad de Tres de Febrero (UNTREF).<\/i><\/p>\n<p><!-- Live Blog Post --><\/div>\n<p><a href=\"https:\/\/www.pagina12.com.ar\/828284-haroldo-conti-el-lugar-de-combate\">source<\/a><\/p>\n","protected":false},"excerpt":{"rendered":"<p>\u201cEste es mi lugar de combate y de aqu\u00ed no me mover\u00e1n\u201d. Esta frase escrita&#8230;<\/p>\n","protected":false},"author":0,"featured_media":198651,"comment_status":"open","ping_status":"open","sticky":false,"template":"","format":"standard","meta":{"footnotes":""},"categories":[4],"tags":[],"class_list":["post-198650","post","type-post","status-publish","format-standard","has-post-thumbnail","hentry","category-espectaculos"],"featured_image_urls":{"full":["https:\/\/radiofenix.com.ar\/2023\/wp-content\/uploads\/2025\/05\/wp-header-logo-140.png",960,540,false],"thumbnail":["https:\/\/radiofenix.com.ar\/2023\/wp-content\/uploads\/2025\/05\/wp-header-logo-140-150x150.png",150,150,true],"medium":["https:\/\/radiofenix.com.ar\/2023\/wp-content\/uploads\/2025\/05\/wp-header-logo-140-300x169.png",300,169,true],"medium_large":["https:\/\/radiofenix.com.ar\/2023\/wp-content\/uploads\/2025\/05\/wp-header-logo-140-768x432.png",640,360,true],"large":["https:\/\/radiofenix.com.ar\/2023\/wp-content\/uploads\/2025\/05\/wp-header-logo-140.png",640,360,false],"1536x1536":["https:\/\/radiofenix.com.ar\/2023\/wp-content\/uploads\/2025\/05\/wp-header-logo-140.png",960,540,false],"2048x2048":["https:\/\/radiofenix.com.ar\/2023\/wp-content\/uploads\/2025\/05\/wp-header-logo-140.png",960,540,false],"newsium-slider-full":["https:\/\/radiofenix.com.ar\/2023\/wp-content\/uploads\/2025\/05\/wp-header-logo-140.png",960,540,false],"newsium-featured":["https:\/\/radiofenix.com.ar\/2023\/wp-content\/uploads\/2025\/05\/wp-header-logo-140.png",960,540,false],"newsium-medium":["https:\/\/radiofenix.com.ar\/2023\/wp-content\/uploads\/2025\/05\/wp-header-logo-140-720x475.png",720,475,true]},"author_info":{"info":[""]},"category_info":"<a href=\"https:\/\/radiofenix.com.ar\/2023\/category\/espectaculos\/\" rel=\"category tag\">Espectaculos<\/a>","tag_info":"Espectaculos","comment_count":"0","_links":{"self":[{"href":"https:\/\/radiofenix.com.ar\/2023\/wp-json\/wp\/v2\/posts\/198650","targetHints":{"allow":["GET"]}}],"collection":[{"href":"https:\/\/radiofenix.com.ar\/2023\/wp-json\/wp\/v2\/posts"}],"about":[{"href":"https:\/\/radiofenix.com.ar\/2023\/wp-json\/wp\/v2\/types\/post"}],"replies":[{"embeddable":true,"href":"https:\/\/radiofenix.com.ar\/2023\/wp-json\/wp\/v2\/comments?post=198650"}],"version-history":[{"count":0,"href":"https:\/\/radiofenix.com.ar\/2023\/wp-json\/wp\/v2\/posts\/198650\/revisions"}],"wp:featuredmedia":[{"embeddable":true,"href":"https:\/\/radiofenix.com.ar\/2023\/wp-json\/wp\/v2\/media\/198651"}],"wp:attachment":[{"href":"https:\/\/radiofenix.com.ar\/2023\/wp-json\/wp\/v2\/media?parent=198650"}],"wp:term":[{"taxonomy":"category","embeddable":true,"href":"https:\/\/radiofenix.com.ar\/2023\/wp-json\/wp\/v2\/categories?post=198650"},{"taxonomy":"post_tag","embeddable":true,"href":"https:\/\/radiofenix.com.ar\/2023\/wp-json\/wp\/v2\/tags?post=198650"}],"curies":[{"name":"wp","href":"https:\/\/api.w.org\/{rel}","templated":true}]}}