{"id":198670,"date":"2025-05-26T08:58:14","date_gmt":"2025-05-26T08:58:14","guid":{"rendered":"https:\/\/radiofenix.com.ar\/2023\/una-activista-mapuche-en-paris\/"},"modified":"2025-05-26T08:58:14","modified_gmt":"2025-05-26T08:58:14","slug":"una-activista-mapuche-en-paris","status":"publish","type":"post","link":"https:\/\/radiofenix.com.ar\/2023\/una-activista-mapuche-en-paris\/","title":{"rendered":"Una activista mapuche en Paris"},"content":{"rendered":"<div><!-- Body --><\/p>\n<p><i>Desde Par\u00eds<\/i><\/p>\n<p>Se respira un aire latino e indoamericano en Par\u00eds.  En el marco de las <b>Semana de la Am\u00e9rica Latina y el Caribe<\/b>, SALC 2025, organizado por la Casa de Am\u00e9rica Latina, MAL por sus siglas en franc\u00e9s, se celebra un foro \u201cTodo sobre Am\u00e9rica Latina\u201d.<\/p>\n<p>En el foro se organizaron este s\u00e1bado 24 de mayo cuatro mesas redondas sobre temas que van de la democracia, la geopol\u00edtica, el medio ambiente hasta el arte comprometido.<b> La Casa de Am\u00e9rica Latina<\/b> es una instituci\u00f3n creada por el gobierno franc\u00e9s en 1946, para favorecer las relaciones y los intercambios comerciales, econ\u00f3micos y pol\u00edticos entre nuestra regi\u00f3n y Francia. <\/p>\n<p>Desde el gobierno de <b><a href=\"https:\/\/www.pagina12.com.ar\/tags\/3557-hollande\">Fran\u00e7ois Hollande<\/a><\/b>\u00a0se cre\u00f3 la herramienta de la SALC, con la idea de relanzar los intercambios entre franceses y la latinoamericanos. El actual presidente de la Casa, el ex embajador en Venezuela,<b> Jean-Marc Lafor\u00eat<\/b>, se\u00f1ala que la MAL es un espacio abierto al debate de diferentes visiones y orientaciones pol\u00edticas.<\/p>\n<p>Durante la primera mesa redonda le preguntamos a los expositores que disertaron sobre la crisis pol\u00edtica y la crisis democr\u00e1tica en Am\u00e9rica Latina, c\u00f3mo ve\u00edan el caso del <i>lawfare<\/i> y en particular el caso de<b> Cristina Fern\u00e1ndez de Kirchner<\/b>, destacado en el libro que circula en Argentina \u201cObjetivo Cristina\u201d, , coordinado por Baltasar Garz\u00f3n, Gisele Ricobom y Silvina Roman, ya que no hab\u00eda sido mencionado por ninguno de los disertantes. <b>Pablo Stefanoni<\/b>, periodista argentino que se encontraba en el panel aleg\u00f3 que era discutible el t\u00e9rmino, aunque reconoci\u00f3 que en Brasil s\u00ed se hab\u00eda aplicado con<b> Lula<\/b>.<\/p>\n<p>En la segunda mesa redonda sobre la geopol\u00edtica se discuti\u00f3 sobre la posibilidad que ten\u00eda Am\u00e9rica Latina para relacionarse de manera independiente con China y Estados Unidos, en medio de la presi\u00f3n que ejerce el gobierno estadounidense sobre los gobiernos latinoamericanos para reducir o eliminar las relaciones con China. En este sentido<b> Alain Rouqui\u00e9<\/b>, ex embajador en diversos pa\u00edses latinoamericanos, presidente honorario de la MAL y autor de numerosos libros sobre an\u00e1lisis pol\u00edtico de Am\u00e9rica Latina, remarc\u00f3 que el principal socio comercial de Brasil es China, y lo grafic\u00f3  con el hecho de que el 70 % de la soja de Brasil tiene como destino el mercado chino. <\/p>\n<p>Pero Rouqui\u00e9 advirti\u00f3 que China impulsa la primarizaci\u00f3n de la econom\u00eda en Am\u00e9rica Latina, dado que promueve el extractivismo en raz\u00f3n de la necesidad de las materias primas para su industria. El diplom\u00e1tico franc\u00e9s destac\u00f3 que<b> China aporta un contrapeso geopol\u00edtico a Estados Unidos <\/b>pero debilita al mismo tiempo la industrializaci\u00f3n latinoamericana. <\/p>\n<p>Rouqui\u00e9 hizo referencia al caso argentino donde<b> Javier Milei<\/b>, quien ha sido durante su campa\u00f1a electoral refractario a la relaci\u00f3n con China en raz\u00f3n del comunismo chino, lo que se plasm\u00f3 en la renuncia de Argentina a ingresar al BRICS, \u201cpero lo quiera o no Milei Argentina entrar\u00e1 m\u00e1s tarde al BRICS\u201d, vaticin\u00f3 Rouqui\u00e9, y que ve como una tendencia irreversible, \u201cporque China necesita el litio, la carne la soja y otras riquezas que posee Argentina\u201d.<\/p>\n<p>Claro que las empresas que explotan los recursos minerales y agropecuarios en Argentina no son s\u00f3lo chinas. Pero Rouqui\u00e9 no mencion\u00f3 los otros jugadores internacionales que compiten por los recursos naturales.<\/p>\n<p><b>Terricidio<\/b><\/p>\n<p>Precisamente las actividades extractivistas son las que denuncia<b> Moira Mill\u00e1n<\/b>, la activista y feminista mapuche, como una de las causas principales del \u201cterricidio\u201d.   <\/p>\n<p>Mill\u00e1n le explic\u00f3 a<b> P\u00e1gina\/12<\/b> en Par\u00eds, que el t\u00e9rmino terricidio, \u201ces una palabra que contiene los genocidios, los epistemicidios, los feminicidios, y todo lo que tiene que ver con la agresi\u00f3n y la eliminaci\u00f3n de la vida\u201d y denuncia que en la actualidad \u201clos gobiernos y empresas terricidas tienen total impunidad para actuar\u201d.<\/p>\n<p>As\u00ed Mill\u00e1n denuncia la relaci\u00f3n entre la actividad de las corporaciones como la empresa israel\u00ed <b>Mekorot<\/b> que gestiona servicios ligados al agua, \u201cque son parte de un servicio de privatizaci\u00f3n del agua en la Patagonia y por lo tanto de los territorios, y esto es el motivo de un escenario tremendamente represivo, y que tiene correlato en el allanamiento a mi casa, al lof <b>Pillan Mahuiza<\/b>, en la provincia de Chubut a 100 kil\u00f3metros de Esquel, o con la detenci\u00f3n de <b>Victoria Nu\u00f1ez Fern\u00e1ndez<\/b> por expresar su solidaridad con los mapuches\u201d. <\/p>\n<p>\u201cTerricidio, sabidur\u00eda ancestral para un mundo alternativo\u201d es el t\u00edtulo del \u00faltimo libro de Mill\u00e1n, que acaba de publicarse en Francia, por la editorial des Femmes, Antoinette Fouque. Este viernes 23 de mayo se realiz\u00f3 la primera presentaci\u00f3n de la obra en Francia, en la sede de la editorial \u201cdes femmes\u201d, coorganizado por la<b> Asamblea de Ciudadanos Argentinos en Francia<\/b>, ACAF. Frente a un auditorio de m\u00e1s de cincuenta personas, se proyect\u00f3 el documental \u201cTerricidio\u201d de la argentina Silvina Stirnemann, seguido de un debate donde participaron la misma Moira Mill\u00e1n y la tambi\u00e9n feminista mapuche Irma Caup\u00e1n. Al final del acto una pareja de m\u00fasicos de folklore argentino, <b>el d\u00fao Geberovich-Klainer<\/b>, ameniz\u00f3 el encuentro. <\/p>\n<p>Mill\u00e1n alerta que su libro \u00abTerricidio\u00bb como material de lectura est\u00e1<b> prohibido en los colegios secundarios\u00a0<\/b>y contrasta la censura que padece en Argentina, con la difusi\u00f3n que alcanza su libro en Francia, Reino Unido, Brasil  o en Estados Unidos, a d\u00f3nde viajar\u00e1 en octubre pr\u00f3ximo para su presentaci\u00f3n.<\/p>\n<p>Mill\u00e1n tiene una agenda cargada durante los d\u00edas que se encuentra en Par\u00eds. Este s\u00e1bado participa de la presentaci\u00f3n de su libro en la marco de la fiesta organizada con  motivo del 25 de mayo por ACAF, el domingo a la ma\u00f1ana se presentar\u00e1 en la sede del MAL, en el marco de la semana de la Am\u00e9rica Latina y el Caribe, y el lunes <b>ser\u00e1 recibida en la Asamblea Nacional<\/b>\u00a0por el diputado de La Francia Insumisa<b> Rodrigo Arenas<\/b> y la diputada ecologista<b> Sandrine Rousseau<\/b>.<\/p>\n<p><!-- Live Blog Post --><\/div>\n<p><a href=\"https:\/\/www.pagina12.com.ar\/828530-una-activista-mapuche-en-paris\">source<\/a><\/p>\n","protected":false},"excerpt":{"rendered":"<p>Desde Par\u00eds Se respira un aire latino e indoamericano en Par\u00eds. En el marco de&#8230;<\/p>\n","protected":false},"author":0,"featured_media":198671,"comment_status":"open","ping_status":"open","sticky":false,"template":"","format":"standard","meta":{"footnotes":""},"categories":[60],"tags":[],"class_list":["post-198670","post","type-post","status-publish","format-standard","has-post-thumbnail","hentry","category-internacional"],"featured_image_urls":{"full":["https:\/\/radiofenix.com.ar\/2023\/wp-content\/uploads\/2025\/05\/wp-header-logo-150.png",960,540,false],"thumbnail":["https:\/\/radiofenix.com.ar\/2023\/wp-content\/uploads\/2025\/05\/wp-header-logo-150-150x150.png",150,150,true],"medium":["https:\/\/radiofenix.com.ar\/2023\/wp-content\/uploads\/2025\/05\/wp-header-logo-150-300x169.png",300,169,true],"medium_large":["https:\/\/radiofenix.com.ar\/2023\/wp-content\/uploads\/2025\/05\/wp-header-logo-150-768x432.png",640,360,true],"large":["https:\/\/radiofenix.com.ar\/2023\/wp-content\/uploads\/2025\/05\/wp-header-logo-150.png",640,360,false],"1536x1536":["https:\/\/radiofenix.com.ar\/2023\/wp-content\/uploads\/2025\/05\/wp-header-logo-150.png",960,540,false],"2048x2048":["https:\/\/radiofenix.com.ar\/2023\/wp-content\/uploads\/2025\/05\/wp-header-logo-150.png",960,540,false],"newsium-slider-full":["https:\/\/radiofenix.com.ar\/2023\/wp-content\/uploads\/2025\/05\/wp-header-logo-150.png",960,540,false],"newsium-featured":["https:\/\/radiofenix.com.ar\/2023\/wp-content\/uploads\/2025\/05\/wp-header-logo-150.png",960,540,false],"newsium-medium":["https:\/\/radiofenix.com.ar\/2023\/wp-content\/uploads\/2025\/05\/wp-header-logo-150-720x475.png",720,475,true]},"author_info":{"info":[""]},"category_info":"<a href=\"https:\/\/radiofenix.com.ar\/2023\/category\/internacional\/\" rel=\"category tag\">Internacional<\/a>","tag_info":"Internacional","comment_count":"0","_links":{"self":[{"href":"https:\/\/radiofenix.com.ar\/2023\/wp-json\/wp\/v2\/posts\/198670","targetHints":{"allow":["GET"]}}],"collection":[{"href":"https:\/\/radiofenix.com.ar\/2023\/wp-json\/wp\/v2\/posts"}],"about":[{"href":"https:\/\/radiofenix.com.ar\/2023\/wp-json\/wp\/v2\/types\/post"}],"replies":[{"embeddable":true,"href":"https:\/\/radiofenix.com.ar\/2023\/wp-json\/wp\/v2\/comments?post=198670"}],"version-history":[{"count":0,"href":"https:\/\/radiofenix.com.ar\/2023\/wp-json\/wp\/v2\/posts\/198670\/revisions"}],"wp:featuredmedia":[{"embeddable":true,"href":"https:\/\/radiofenix.com.ar\/2023\/wp-json\/wp\/v2\/media\/198671"}],"wp:attachment":[{"href":"https:\/\/radiofenix.com.ar\/2023\/wp-json\/wp\/v2\/media?parent=198670"}],"wp:term":[{"taxonomy":"category","embeddable":true,"href":"https:\/\/radiofenix.com.ar\/2023\/wp-json\/wp\/v2\/categories?post=198670"},{"taxonomy":"post_tag","embeddable":true,"href":"https:\/\/radiofenix.com.ar\/2023\/wp-json\/wp\/v2\/tags?post=198670"}],"curies":[{"name":"wp","href":"https:\/\/api.w.org\/{rel}","templated":true}]}}