{"id":198672,"date":"2025-05-26T08:58:16","date_gmt":"2025-05-26T08:58:16","guid":{"rendered":"https:\/\/radiofenix.com.ar\/2023\/manuel-adorni-rechazo-el-reclamo-de-fopea-por-las-restricciones-para-las-acreditaciones-en-casa-rosada\/"},"modified":"2025-05-26T08:58:16","modified_gmt":"2025-05-26T08:58:16","slug":"manuel-adorni-rechazo-el-reclamo-de-fopea-por-las-restricciones-para-las-acreditaciones-en-casa-rosada","status":"publish","type":"post","link":"https:\/\/radiofenix.com.ar\/2023\/manuel-adorni-rechazo-el-reclamo-de-fopea-por-las-restricciones-para-las-acreditaciones-en-casa-rosada\/","title":{"rendered":"Manuel Adorni rechaz\u00f3 el reclamo de FOPEA por las restricciones para las acreditaciones en Casa Rosada"},"content":{"rendered":"<div id=\"\">\n<p>\u00abFOPEA rechaza esta resoluci\u00f3n inconsulta y claramente discriminatoria, y reitera su predisposici\u00f3n a aportar su mirada y la experiencia de los colegas a fin de que se consensue un mecanismo objetivo, plural y equitativo para las acreditaciones\u00bb, sostiene el Foro en sus redes.<\/p>\n<p>El vocero Manuel Adorni, comparti\u00f3 el posteo de FOPEA y respondi\u00f3 lac\u00f3nico: \u00abno\u00bb, rechazando el reclamo y cualquier tipo de revisi\u00f3n de las nuevas normas.<\/p>\n<div contenteditable=\"false\" class=\"embed_cont type_freetext\" rel=\"freetext\" id=\"embed3144_wrap\" data-provider=\"Twitter\">\n<p>Embed &#8211; https:\/\/publish.twitter.com\/oembed?url=https:\/\/x.com\/madorni\/status\/1926086652566384784&amp;partner=&amp;hide_thread=false<span onclick=\"parent.parent.TinyMCETdcuerpo.preview_embed('embed3144')\" class=\"embed_colapse less\" id=\"embed3144_colapse\"\/><span onclick=\"parent.parent.TinyMCETdcuerpo.delete_embed('embed3144')\" class=\"embed_delete less\" id=\"embed3144_delete\"\/><\/p>\n<\/p><\/div>\n<p class=\"\">Uno de los ejes centrales de la normativa es la redefinici\u00f3n del aforo en las salas de prensa Decano Roberto Di Sandro y en las conferencias dentro de la Casa Rosada. El Gobierno justifica este punto en la necesidad de garantizar \u201c<strong>condiciones de seguridad adecuadas, evitar aglomeraciones y permitir un desarrollo ordenado y eficiente de las actividades oficiales<\/strong>\u201d. Si bien no se especific\u00f3 en el texto el n\u00famero exacto de acreditaciones que se otorgar\u00e1n, se anticipa una selecci\u00f3n m\u00e1s estricta.<\/p>\n<p class=\"\">En paralelo, se refuerzan las facultades de la Subsecretar\u00eda de Prensa, que ser\u00e1 la nueva autoridad de aplicaci\u00f3n del r\u00e9gimen. Este organismo podr\u00e1 dictar normas complementarias y ejercer el control sobre el cumplimiento de los requisitos.<\/p>\n<h2 class=\"\"\/>\n<h2 class=\"\">Nuevo c\u00f3digo de vestimenta<\/h2>\n<p class=\"\">La Casa Rosada estableci\u00f3 que el <strong>c\u00f3digo de vestimenta<\/strong> para las conferencias \u00ab<strong>ser\u00e1 formal<\/strong>, en raz\u00f3n de la naturaleza institucional del acto y su trascendencia a nivel nacional e internacional\u00bb.<\/p>\n<p class=\"\">\u201cEste requerimiento responde al protocolo de los actos oficiales cuyo respeto es fundamental para<strong> mantener el decoro y el orden correspondiente<\/strong>. En consecuencia los acreditados y\/o participantes tendr\u00e1n que cumplir con el mismo a fin de preservar las buenas costumbres, el respeto por las instituciones y la importancia del evento\u00bb, sostuvieron.<\/p>\n<p class=\"\">Adem\u00e1s, se refuerzan las facultades de la <strong>Subsecretar\u00eda de Prensa<\/strong>, que ser\u00e1 la nueva autoridad de aplicaci\u00f3n del r\u00e9gimen. Este organismo podr\u00e1 dictar normas complementarias y ejercer el control sobre el cumplimiento de los requisitos.<\/p>\n<p class=\"\">El gobierno de Javier Milei enfatiz\u00f3 que la actualizaci\u00f3n de la normativa busca \u201c<strong>asegurar el pleno ejercicio del derecho de la ciudadan\u00eda a recibir informaci\u00f3n objetiva, plural y de inter\u00e9s p\u00fablico, en condiciones de igualdad y transparencia<\/strong>\u201d.<\/p>\n<div contenteditable=\"false\" class=\"embed_cont type_freetext\" rel=\"freetext\" id=\"embed30_wrap\">\n<p> Embed <span onclick=\"parent.parent.TinyMCETdcuerpo.preview_embed('embed30')\" class=\"embed_colapse less\" id=\"embed30_colapse\"\/> <span onclick=\"parent.parent.TinyMCETdcuerpo.delete_embed('embed30')\" class=\"embed_delete less\" id=\"embed30_delete\"\/><\/p>\n<div id=\"embed30_content\" class=\"embed_content\">\n<div id=\"embed30_embed\">\n<figure class=\"figure\"><a href=\"https:\/\/t.me\/minutounocom\" target=\"_blank\" rel=\"noopener\"><img decoding=\"async\" src=\"https:\/\/media.minutouno.com\/adjuntos\/150\/banners\/039\/099\/0039099175.jpg\" class=\"figure-img img-fluid\" style=\"width:100%;height:auto;\"\/><\/a><\/figure>\n<\/p><\/div>\n<\/div><\/div>\n<\/p><\/div>\n<p><script async src=\"\/\/platform.twitter.com\/widgets.js\" charset=\"utf-8\"><\/script><br \/><a href=\"https:\/\/www.minutouno.com\/politica\/manuel-adorni-rechazo-el-reclamo-fopea-las-restricciones-las-acreditaciones-casa-rosada-n6148879\">source<\/a><\/p>\n","protected":false},"excerpt":{"rendered":"<p>\u00abFOPEA rechaza esta resoluci\u00f3n inconsulta y claramente discriminatoria, y reitera su predisposici\u00f3n a aportar su&#8230;<\/p>\n","protected":false},"author":0,"featured_media":198673,"comment_status":"open","ping_status":"open","sticky":false,"template":"","format":"standard","meta":{"footnotes":""},"categories":[2],"tags":[],"class_list":["post-198672","post","type-post","status-publish","format-standard","has-post-thumbnail","hentry","category-politica"],"featured_image_urls":{"full":["https:\/\/radiofenix.com.ar\/2023\/wp-content\/uploads\/2025\/05\/wp-header-logo-151.png",730,100,false],"thumbnail":["https:\/\/radiofenix.com.ar\/2023\/wp-content\/uploads\/2025\/05\/wp-header-logo-151-150x100.png",150,100,true],"medium":["https:\/\/radiofenix.com.ar\/2023\/wp-content\/uploads\/2025\/05\/wp-header-logo-151-300x41.png",300,41,true],"medium_large":["https:\/\/radiofenix.com.ar\/2023\/wp-content\/uploads\/2025\/05\/wp-header-logo-151.png",640,88,false],"large":["https:\/\/radiofenix.com.ar\/2023\/wp-content\/uploads\/2025\/05\/wp-header-logo-151.png",640,88,false],"1536x1536":["https:\/\/radiofenix.com.ar\/2023\/wp-content\/uploads\/2025\/05\/wp-header-logo-151.png",730,100,false],"2048x2048":["https:\/\/radiofenix.com.ar\/2023\/wp-content\/uploads\/2025\/05\/wp-header-logo-151.png",730,100,false],"newsium-slider-full":["https:\/\/radiofenix.com.ar\/2023\/wp-content\/uploads\/2025\/05\/wp-header-logo-151.png",730,100,false],"newsium-featured":["https:\/\/radiofenix.com.ar\/2023\/wp-content\/uploads\/2025\/05\/wp-header-logo-151.png",730,100,false],"newsium-medium":["https:\/\/radiofenix.com.ar\/2023\/wp-content\/uploads\/2025\/05\/wp-header-logo-151-720x100.png",720,100,true]},"author_info":{"info":[""]},"category_info":"<a href=\"https:\/\/radiofenix.com.ar\/2023\/category\/politica\/\" rel=\"category tag\">Pol\u00edtica<\/a>","tag_info":"Pol\u00edtica","comment_count":"0","_links":{"self":[{"href":"https:\/\/radiofenix.com.ar\/2023\/wp-json\/wp\/v2\/posts\/198672","targetHints":{"allow":["GET"]}}],"collection":[{"href":"https:\/\/radiofenix.com.ar\/2023\/wp-json\/wp\/v2\/posts"}],"about":[{"href":"https:\/\/radiofenix.com.ar\/2023\/wp-json\/wp\/v2\/types\/post"}],"replies":[{"embeddable":true,"href":"https:\/\/radiofenix.com.ar\/2023\/wp-json\/wp\/v2\/comments?post=198672"}],"version-history":[{"count":0,"href":"https:\/\/radiofenix.com.ar\/2023\/wp-json\/wp\/v2\/posts\/198672\/revisions"}],"wp:featuredmedia":[{"embeddable":true,"href":"https:\/\/radiofenix.com.ar\/2023\/wp-json\/wp\/v2\/media\/198673"}],"wp:attachment":[{"href":"https:\/\/radiofenix.com.ar\/2023\/wp-json\/wp\/v2\/media?parent=198672"}],"wp:term":[{"taxonomy":"category","embeddable":true,"href":"https:\/\/radiofenix.com.ar\/2023\/wp-json\/wp\/v2\/categories?post=198672"},{"taxonomy":"post_tag","embeddable":true,"href":"https:\/\/radiofenix.com.ar\/2023\/wp-json\/wp\/v2\/tags?post=198672"}],"curies":[{"name":"wp","href":"https:\/\/api.w.org\/{rel}","templated":true}]}}