{"id":198684,"date":"2025-05-27T08:58:17","date_gmt":"2025-05-27T08:58:17","guid":{"rendered":"https:\/\/radiofenix.com.ar\/2023\/javier-milei-desmintio-crear-el-plan-de-inteligencia-nacional-para-realizar-espionaje-interno\/"},"modified":"2025-05-27T08:58:17","modified_gmt":"2025-05-27T08:58:17","slug":"javier-milei-desmintio-crear-el-plan-de-inteligencia-nacional-para-realizar-espionaje-interno","status":"publish","type":"post","link":"https:\/\/radiofenix.com.ar\/2023\/javier-milei-desmintio-crear-el-plan-de-inteligencia-nacional-para-realizar-espionaje-interno\/","title":{"rendered":"Javier Milei desminti\u00f3 crear el Plan de Inteligencia Nacional para realizar espionaje interno"},"content":{"rendered":"<div id=\"\">\n<p data-sourcepos=\"9:1-9:260\">A trav\u00e9s de un comunicado difundido por la <strong>Oficina del Presidente<\/strong>, la Casa Rosada enfatiz\u00f3 que este es \u00abel primer Gobierno en d\u00e9cadas que ha tomado la <strong>decisi\u00f3n pol\u00edtica de no utilizar la SIDE para perseguir opositores, periodistas o adversarios pol\u00edticos<\/strong>\u00ab.<\/p>\n<p data-sourcepos=\"15:1-15:265\">En el mismo texto, se aclar\u00f3 que el presidente Javier Milei ha ordenado la reconstrucci\u00f3n del <strong>Sistema de Inteligencia Nacional<\/strong>, argumentando que este hab\u00eda sido \u00abdestruido por las anteriores administraciones en su af\u00e1n de saldar internas pol\u00edticas de sus recursos\u00bb.<\/p>\n<p data-sourcepos=\"17:1-17:501\">Respecto a las versiones period\u00edsticas sobre el Plan de Inteligencia Nacional, el Gobierno precis\u00f3 que se trata de un \u00abdocumento secreto\u00bb cuyo objetivo es establecer \u00ablos lineamientos del Sistema de Inteligencia para <strong>promover los intereses estrat\u00e9gicos de la Argentina<\/strong>\u00ab.<\/p>\n<p data-sourcepos=\"17:1-17:501\">Asimismo, se asegur\u00f3 que el acceso a esta informaci\u00f3n est\u00e1 restringido \u00fanicamente al Presidente, la Secretar\u00eda de Inteligencia y la Comisi\u00f3n Bicameral Permanente de Fiscalizaci\u00f3n de los Organismos de Inteligencia del Congreso.<\/p>\n<div contenteditable=\"false\" class=\"embed_cont type_imagen\" id=\"8079321-Libre-5457111_wrap\">\n<p> image.png <span onclick=\"parent.parent.TinyMCETdcuerpo.preview_embed('8079321-Libre-5457111')\" class=\"embed_colapse less\" id=\"8079321-Libre-5457111_colapse\"\/>  <span onclick=\"parent.parent.TinyMCETdcuerpo.delete_embed('8079321-Libre-5457111')\" class=\"embed_delete less\" id=\"8079321-Libre-5457111_delete\"\/><\/p>\n<div id=\"8079321-Libre-5457111_content\" class=\"embed_content\"><img decoding=\"async\" src=\"https:\/\/media.minutouno.com\/p\/6ebe02a805f981c435a4ab9f14c3ca80\/adjuntos\/150\/imagenes\/042\/450\/0042450640\/610x0\/smart\/imagepng.png\" alt=\"\" title=\"\" width=\"610\" height=\"undefined\" id=\"8079321-Libre-5457111_embed\"\/><\/div>\n<\/p><\/div>\n<h2 data-sourcepos=\"17:1-17:501\">El comunicado completo del Gobierno sobre el Sistema de Inteligencia Nacional<\/h2>\n<p><em>\u00abLa Oficina del Presidente desmiente las versiones period\u00edsticas publicadas en medios sobre los supuestos objetivos del Plan de Inteligencia Nacional.<\/em><\/p>\n<p><em> Este es el primer gobierno en d\u00e9cadas que ha tomado la decisi\u00f3n pol\u00edtica de no utilizar la SIDE para perseguir opositores, periodistas o adversarios pol\u00edticos. <\/em><\/p>\n<p><em> El Presidente Javier Milei orden\u00f3 reconstruir el Sistema de Inteligencia Nacional, destruido por las anteriores administraciones en su af\u00e1n de saldar internas pol\u00edticas abusando de sus recursos. <\/em><\/p>\n<p><em> El Plan de Inteligencia Nacional es un documento secreto que establece los lineamientos del Sistema de Inteligencia para promover los intereses estrat\u00e9gicos de la Argentina. Al mismo solo tienen acceso el Presidente, la Secretar\u00eda de Inteligencia y la Comisi\u00f3n Bicameral Permanente de Fiscalizaci\u00f3n de los Organismos de Inteligencia del Congreso de la Naci\u00f3n.\u00bb<\/em>.<\/p>\n<div contenteditable=\"false\" class=\"embed_cont type_freetext\" rel=\"freetext\" id=\"embed43_wrap\">\n<p> Embed <span onclick=\"parent.parent.TinyMCETdcuerpo.preview_embed('embed43')\" class=\"embed_colapse less\" id=\"embed43_colapse\"\/>  <span onclick=\"parent.parent.TinyMCETdcuerpo.delete_embed('embed43')\" class=\"embed_delete less\" id=\"embed43_delete\"\/><\/p>\n<div id=\"embed43_content\" class=\"embed_content\">\n<div id=\"embed43_embed\">\n<figure class=\"figure\"><a href=\"https:\/\/t.me\/minutounocom\" target=\"_blank\"><img decoding=\"async\" src=\"https:\/\/media.minutouno.com\/adjuntos\/150\/banners\/039\/099\/0039099175.jpg\" class=\"figure-img img-fluid\" style=\"width:100%;height:auto;\"\/><\/a><\/figure>\n<\/p><\/div>\n<\/div><\/div>\n<\/div>\n<p><a href=\"https:\/\/www.minutouno.com\/politica\/javier-milei-desmintio-crear-el-plan-inteligencia-nacional-realizar-espionaje-interno-n6149145\">source<\/a><\/p>\n","protected":false},"excerpt":{"rendered":"<p>A trav\u00e9s de un comunicado difundido por la Oficina del Presidente, la Casa Rosada enfatiz\u00f3&#8230;<\/p>\n","protected":false},"author":0,"featured_media":198685,"comment_status":"open","ping_status":"open","sticky":false,"template":"","format":"standard","meta":{"footnotes":""},"categories":[2],"tags":[],"class_list":["post-198684","post","type-post","status-publish","format-standard","has-post-thumbnail","hentry","category-politica"],"featured_image_urls":{"full":["https:\/\/radiofenix.com.ar\/2023\/wp-content\/uploads\/2025\/05\/wp-header-logo-157.png",610,865,false],"thumbnail":["https:\/\/radiofenix.com.ar\/2023\/wp-content\/uploads\/2025\/05\/wp-header-logo-157-150x150.png",150,150,true],"medium":["https:\/\/radiofenix.com.ar\/2023\/wp-content\/uploads\/2025\/05\/wp-header-logo-157-212x300.png",212,300,true],"medium_large":["https:\/\/radiofenix.com.ar\/2023\/wp-content\/uploads\/2025\/05\/wp-header-logo-157.png",610,865,false],"large":["https:\/\/radiofenix.com.ar\/2023\/wp-content\/uploads\/2025\/05\/wp-header-logo-157.png",610,865,false],"1536x1536":["https:\/\/radiofenix.com.ar\/2023\/wp-content\/uploads\/2025\/05\/wp-header-logo-157.png",610,865,false],"2048x2048":["https:\/\/radiofenix.com.ar\/2023\/wp-content\/uploads\/2025\/05\/wp-header-logo-157.png",610,865,false],"newsium-slider-full":["https:\/\/radiofenix.com.ar\/2023\/wp-content\/uploads\/2025\/05\/wp-header-logo-157-610x845.png",610,845,true],"newsium-featured":["https:\/\/radiofenix.com.ar\/2023\/wp-content\/uploads\/2025\/05\/wp-header-logo-157.png",610,865,false],"newsium-medium":["https:\/\/radiofenix.com.ar\/2023\/wp-content\/uploads\/2025\/05\/wp-header-logo-157-610x475.png",610,475,true]},"author_info":{"info":[""]},"category_info":"<a href=\"https:\/\/radiofenix.com.ar\/2023\/category\/politica\/\" rel=\"category tag\">Pol\u00edtica<\/a>","tag_info":"Pol\u00edtica","comment_count":"0","_links":{"self":[{"href":"https:\/\/radiofenix.com.ar\/2023\/wp-json\/wp\/v2\/posts\/198684","targetHints":{"allow":["GET"]}}],"collection":[{"href":"https:\/\/radiofenix.com.ar\/2023\/wp-json\/wp\/v2\/posts"}],"about":[{"href":"https:\/\/radiofenix.com.ar\/2023\/wp-json\/wp\/v2\/types\/post"}],"replies":[{"embeddable":true,"href":"https:\/\/radiofenix.com.ar\/2023\/wp-json\/wp\/v2\/comments?post=198684"}],"version-history":[{"count":0,"href":"https:\/\/radiofenix.com.ar\/2023\/wp-json\/wp\/v2\/posts\/198684\/revisions"}],"wp:featuredmedia":[{"embeddable":true,"href":"https:\/\/radiofenix.com.ar\/2023\/wp-json\/wp\/v2\/media\/198685"}],"wp:attachment":[{"href":"https:\/\/radiofenix.com.ar\/2023\/wp-json\/wp\/v2\/media?parent=198684"}],"wp:term":[{"taxonomy":"category","embeddable":true,"href":"https:\/\/radiofenix.com.ar\/2023\/wp-json\/wp\/v2\/categories?post=198684"},{"taxonomy":"post_tag","embeddable":true,"href":"https:\/\/radiofenix.com.ar\/2023\/wp-json\/wp\/v2\/tags?post=198684"}],"curies":[{"name":"wp","href":"https:\/\/api.w.org\/{rel}","templated":true}]}}