{"id":198686,"date":"2025-05-27T08:58:18","date_gmt":"2025-05-27T08:58:18","guid":{"rendered":"https:\/\/radiofenix.com.ar\/2023\/comienzan-las-jornadas-documentales-adn\/"},"modified":"2025-05-27T08:58:18","modified_gmt":"2025-05-27T08:58:18","slug":"comienzan-las-jornadas-documentales-adn","status":"publish","type":"post","link":"https:\/\/radiofenix.com.ar\/2023\/comienzan-las-jornadas-documentales-adn\/","title":{"rendered":"Comienzan las Jornadas Documentales ADN"},"content":{"rendered":"<div><!-- Body --><\/p>\n<p>Resistir haciendo cine es la idea de la <b>Asociaci\u00f3n de Directores y Productores de Cine Documental Independiente de Argentina<\/b> <b>(ADN)<\/b>, que <b>desde este martes 27 hasta el 31 de mayo<\/b> realizar\u00e1 las <b>Jornadas Documentales ADN<\/b>. Y ser\u00e1 en un contexto muy adverso para el cine argentino, producto del vaciamiento del Incaa, y del ataque permanente y sistem\u00e1tico del gobierno nacional contra la cultura en todas sus manifestaciones y al cine, en particular. Esta vez no se podr\u00e1 hacer en el cine Gaumont. Por lo tanto, habr\u00e1 distintas proyecciones, de las cuales tres son preestrenos que podr\u00e1n verse en <b>distintas sedes de la provincia de Buenos Aires<\/b>.<\/p>\n<p>El inicio de las Jornadas se realizar\u00e1 el <b>D\u00eda del Documentalista<\/b>, honrando la memoria de Raymundo Gleyzer, en la Universidad Nacional de Quilmes, con diversas actividades y proyecciones que se replicar\u00e1n en el Centro Universitario de Chivilcoy y en la Maestr\u00eda en Periodismo Documental de la Universidad de Tres de Febrero. Las Jornadas tambi\u00e9n se llevar\u00e1n a cabo en el Cine Municipal Eco Select de La Plata, el Auditorio de la UNTREF, el Cine York de Olivos, los auditorios de la Facultad de Artes y el Planetario de la Universidad Nacional de La Plata, la Universidad de San Isidro, Facultad de arte de la UNICEN y la Especializaci\u00f3n en Pedagog\u00edas de la imagen en la Universidad Nacional de Hurlingham.<\/p>\n<p>El documentalista <b>Gustavo Alonso <\/b>ofici\u00f3 de programador del ciclo. \u00abHist\u00f3ricamente, ADN hizo la Semana ADN en el Gaumont. Eso ya el a\u00f1o pasado no se hab\u00eda podido hacer. Quedan un c\u00famulo de pel\u00edculas por estrenar y algunas en lo que va del a\u00f1o se estrenaron, pero pudimos hacerlo gracias al Instituto Cultural de la Provincia de Buenos Aires, con un apoyo que tiene a festivales provinciales\u00bb, cuenta Alonso. \u00abEntonces , decidimos descentralizar, de alg\u00fan modo, y articular con universidades, con carreras de Comunicaci\u00f3n, de producci\u00f3n audiovisual, de animaci\u00f3n, en algunos casos. Es como ir al p\u00fablico destinatario y tambi\u00e9n afectado por las pol\u00edticas que tienen que ver, en general, con la formaci\u00f3n. Desde ah\u00ed se fue armando. Entonces, lo que era aquella Semana de preestrenos son solo algunos estrenos puntuales. En mi caso, por ejemplo, libero la pel\u00edcula en YouTube del 27 al 31 de mayo. En otros casos, es una \u00fanica funci\u00f3n y en otros los propios espacios decidieron qu\u00e9 documental era interesante para ir a proyectar en ese espacio\u00bb, agrega Alonso, que <b>presenta <i>Un l\u00e1piz sagrado<\/i>, en calidad de preestreno<\/b>.<\/p>\n<h3>Dibujante de trazos hondos<\/h3>\n<p><i>Un l\u00e1piz sagrado<\/i> es la tercera parte de una trilog\u00eda que comenz\u00f3 con <i>El cielo otra vez<\/i>, film sobre la suelta de c\u00f3ndores nacidos en cautiverio, donde Gusti, uno de los ilustradores m\u00e1s importantes de Am\u00e9rica latina, dibujaba all\u00ed, y le dio a Alonso sus dibujos para el afiche, con el que ganaron el concurso a Mejor afiche en el Festival de Mar de Plata. \u00abEntonces, un a\u00f1o despu\u00e9s nos encontramos con \u00e9l que ven\u00eda a la Feria del Libro, le dimos su diploma en agradecimiento. Y en la Feria del Libro presentaba <i>Mallko y pap\u00e1<\/i>, un libro sobre su condici\u00f3n de padre de un hijo con S\u00edndrome de Down. Y ah\u00ed le propusimos hacer el corto documental animado <i>Mi otro hijo<\/i>\u00ab, cuenta Alonso.<\/p>\n<div class=\"medium-insert-embeds\">\n<figure>\n<div class=\"medium-insert-embed\">\n<div align=\"center\">\n<figure role=\"group\" class=\"caption caption-drupal-entity\"><figcaption>Un l\u00e1piz sagrado, de Gustavo Alonso<\/figcaption><\/figure>\n<\/div>\n<\/div>\n<\/figure>\n<p>\u00a0<\/p>\n<\/div>\n<h3>\u00a0<\/h3>\n<p>\u00abEra una pel\u00edcula sobre la no aceptaci\u00f3n y c\u00f3mo tiene que construir esa aceptaci\u00f3n. Empezamos a establecer un v\u00ednculo que ten\u00eda que ver con eso. Nos fue muy bien con el corto, fue multipremiado, y en el camino descubrimos que cada vez que \u00e9l iba a la Feria del Libro de Guadalajara o que iba a Managua, o a Quito a firmar ejemplares, en realidad se insertaba en la selva de Chiapas o en Nicaragua porque ten\u00eda un otra dimensi\u00f3n m\u00e1s porque hab\u00eda sido elegido Hombre medicina: \u00e9l es <b>cham\u00e1n<\/b>\u00ab, relata Alonso. \u00abEntonces era como una especie de agente secreto, donde el mundo editorial tan rico y tan capitalista que le reconoce toda su obra lo ten\u00eda como un hippie en algo que \u00e9l no terminaba de contar, hasta que una abuela en M\u00e9xico le diijo: &#8216;Ten\u00e9s que sincerarte, no pod\u00e9s tener un pie en cada una de las dimensiones, ten\u00e9s que juntar tu dimensi\u00f3n espiritual con tu dimensi\u00f3n urbanita&#8217;, como dice \u00e9l\u00bb.<\/p>\n<p>All\u00ed apareci\u00f3 la posibilidad de hacer el documental <i>Un l\u00e1piz sagrado,<\/i> sobre el recorrido de <b>Gusti, un dibujante compulsivo que recorre todo el mundo<\/b>, que se inserta en las comunidades, que reivindica las tradiciones de los pueblos originarios. \u00abY parte grande del documental est\u00e1 animado porque tambi\u00e9n nos interesaba esta idea de que la animaci\u00f3n y el documental son como los hermanitos pobres de la ficci\u00f3n. Nos gustaba tambi\u00e9n la idea de tratar de entrelazar\u00bb, concluye Alonso.\u00a0<\/p>\n<h3>Malvinas siempre estuvo cerca<\/h3>\n<p>Invitada por ADN, <b>Gabriela Naso<\/b> presentar\u00e1 <i><b>Las voces del silencio<\/b><\/i>, que tuvo su estreno un d\u00eda antes de un nuevo aniversario del comienzo de la <b>guerra de Malvinas<\/b>. A 43 a\u00f1os de los hechos, el film cuenta la historia de un grupo de<b> excombatientes <\/b>que, tras denunciar los tormentos, abusos y amenazas sufridos a manos de sus superiores en la guerra, enfrenta las trabas del sistema judicial argentino que impiden el juzgamiento de los responsables. Y a 18 a\u00f1os del inicio del proceso judicial, el documental rescata las experiencias personales de los excombatientes Antonio Orellana, David Zambrino, Ernesto Alonso, Gerardo Roschge, Gerardo Vega, Hugo Robert, Miguel Anderfuhrn, Oscar Rojas y Silvio Katz, y las hilvana con la b\u00fasqueda colectiva de justicia.<\/p>\n<div class=\"medium-insert-embeds\">\n<figure>\n<div class=\"medium-insert-embed\">\n<div align=\"center\">\n<figure role=\"group\" class=\"caption caption-drupal-entity\"><figcaption>Las voces del silencio, de Gabriela Naso.<\/figcaption><\/figure>\n<\/div>\n<\/div>\n<\/figure>\n<p>\u00a0<\/p>\n<\/div>\n<p>\u00a0<\/p>\n<p>\u00abHab\u00eda escenas aisladas en lo referente a las <b>torturas <\/b>en Malvinas en las narrativas audiovisuales: en <i>Iluminados por el fuego<\/i>, <i>Los chicos de la guerra<\/i>, vemos estaqueos, pero ninguna se met\u00eda de lleno. En general, las narrativas audiovisuales sobre Malvinas abordan la guerra en t\u00e9rminos de gesta heroica, reproduciendo el discurso de las Fuerzas Armadas de la dictadura, que son quienes crean esta narrativa, o las secuelas del conflicto b\u00e9lico en la poblaci\u00f3n de exsoldados conscriptos, pero ninguna abordaba de lleno los tormentos y la b\u00fasqueda de justicia\u00bb, relata Naso, que es periodista y documentalista, y se especializa en temas de derechos humanos y Malvinas.<\/p>\n<h3>La buena educaci\u00f3n\u00a0<\/h3>\n<p><b>Carlos Castro<\/b>, director del estupendo documental <i>Regreso a Coronel Vallejos &#8211;<\/i>sobre el universo de Manuel Puig-, presenta ahora <i><b>\u00c9ramos tan flacos<\/b><\/i>, en calidad de preestreno. \u00abNace a partir de una sistematizaci\u00f3n de un archivo de c\u00e1mara VHS que empec\u00e9 a hacer en el a\u00f1o 2019 y lo profundic\u00e9 en pandemia. Empec\u00e9 a digitalizar VHS. Y me parec\u00eda que ah\u00ed hab\u00eda para <b>contar la historia personal<\/b>, que es mi historia, la de un estudiante que llegaba a La Plata, que es una ciudad universitaria. Descubr\u00ed una c\u00e1mara VHS que prestaba un amigo y empezaba a grabar y, a partir de ah\u00ed, la idea era narrar c\u00f3mo era la vida cotidiana de un estudiante que comienza a militar en el contexto de la Ley de Educaci\u00f3n Superior\u00bb, cuenta Castro.<\/p>\n<div class=\"medium-insert-embeds\">\n<figure>\n<div class=\"medium-insert-embed\">\n<div align=\"center\">\n<figure role=\"group\" class=\"caption caption-drupal-entity\"><figcaption>\u00c9ramos tan flacos, de Carlos Castro.<\/figcaption><\/figure>\n<\/div>\n<\/div>\n<\/figure>\n<p>\u00a0<\/p>\n<\/div>\n<p>\u00a0<\/p>\n<p>As\u00ed fue naciendo y fusionando esa c\u00e1mara con otros compa\u00f1eros que tienen sus c\u00e1maras y se mezclan con las c\u00e1maras de la <b>Direcci\u00f3n de Inteligencia de la Polic\u00eda de la Provincia de Buenos Aires<\/b> (DIPPBA), que tiene actualmente la Comisi\u00f3n Provincial por la Memoria. La DIPPBA fue creada en 1956 con el nombre de Central de Inteligencia y disuelta en 1998, en el contexto de una reforma de la polic\u00eda bonaerense. Desde su creaci\u00f3n, tuvo una constante tarea vinculada a la producci\u00f3n de informaci\u00f3n y la acci\u00f3n de inteligencia, elemento que la convirti\u00f3 en <b>un eslab\u00f3n fundamental del terrorismo de Estado en la provincia de Buenos Aires<\/b>. Castro agrega que la DIPPBA \u00abiba siguiendo los pasos del movimiento estudiantil organizado en los a\u00f1os &#8217;90\u00bb. A Castro le toca presentar su pel\u00edcula justo en un momento en el cual hay un ataque feroz tambi\u00e9n a la educaci\u00f3n p\u00fablica y a las universidades.\u00a0<\/p>\n<p>La pel\u00edcula se exhibi\u00f3 en el Festival de Derechos Humanos de San Sebasti\u00e1n, y adem\u00e1s de participar en las Jornadas ADN, tambi\u00e9n formar\u00e1 parte del Festival de Derechos Humanos de Buenos Aires, el Festival de R\u00edo Grande y \u00abesperemos que siga un circuito de algunos otros festivales, pero tambi\u00e9n estoy abierto a que se pase en las universidades, y en eventos p\u00fablicos\u00bb, se\u00f1ala Castro.\u00a0<\/p>\n<h3>El nacimiento de una utop\u00eda<\/h3>\n<p>En el a\u00f1o 2006, el Congreso de la Naci\u00f3n sancion\u00f3 la Ley de Educaci\u00f3n Nacional 26.206. En 2008, <b>Alejandro Vagnenkos<\/b> registr\u00f3 el nacimiento de una utop\u00eda: la fundaci\u00f3n del primer colegio p\u00fablico de ense\u00f1anza secundaria en el pueblo santiague\u00f1o de Tintina. Quince a\u00f1os despu\u00e9s, el documentalista volvi\u00f3&#8230;. Ahora presenta <i><b>26.206Tintina<\/b><\/i>, en calidad de preestreno. \u00abFui a filmar un proyecto educativo de la primera escuela secundaria en Tintina, una poblaci\u00f3n que queda a 120 km de Santiago del Estero, que se dio a partir que es la 26.206, por eso la pel\u00edcula se llama <i>26.206 Tintina<\/i>. Es una ley aprobada en el Congreso que ven\u00eda a reemplazar la de los 90. Una ley en la cual fue un\u00e1nime la votaci\u00f3n y que dio posibilidad a que exista el primer colegio p\u00fablico secundario en Tintina\u00bb, recuerda el director.<\/p>\n<p>\u00abYo fui a filmar en el 2008\u00bb, contin\u00faa. \u00abTrabajaba en el Ministerio de Educaci\u00f3n, dirig\u00eda una unidad de producci\u00f3n audiovisual que hac\u00edamos cosas para Encuentro. Entonces, fue ir a mostrar una experiencia que nos parec\u00eda interesante, como tantas otras que filmamos en diferentes lugares del pa\u00eds\u00bb, relata Vagnenkos, que siempre se hab\u00eda quedado con ganas de registtrar nuevamente, pero a\u00f1os despu\u00e9s, alguna de las m\u00e1s de veinte experiencias que hab\u00eda filmado con su equipo en distintos lugares del pa\u00eds, a partir de la ley que tiene a la educaci\u00f3n secundaria como obligatoria en sus puntos importantes junto a Educaci\u00f3n Sexual Integral, jornada extendida, sala de cuatro a\u00f1os, entre otras cuestiones.\u00a0<\/p>\n<div class=\"medium-insert-embeds\">\n<figure>\n<div class=\"medium-insert-embed\">\n<div align=\"center\">\n<figure role=\"group\" class=\"caption caption-drupal-entity\"><figcaption>26.206Tintina, de\u00a0Alejandro Vagnenkos.<\/figcaption><\/figure>\n<\/div>\n<\/div>\n<\/figure>\n<p>\u00a0<\/p>\n<\/div>\n<p>\u00a0<\/p>\n<p>As\u00ed que en 2023 volvi\u00f3 a Tintina. \u00abY contamos esta historia 15 a\u00f1os despu\u00e9s: qu\u00e9 hab\u00eda pasado con los directivos, qu\u00e9 hab\u00eda pasado con los pibes, qu\u00e9 hab\u00eda pasado con la comunidad y sobre todo con la inserci\u00f3n de esta escuela all\u00ed en Tintina\u00bb, subraya el director. \u00abY me encontr\u00e9 con un mont\u00f3n de cosas. Algunos primeros programas del Ministerio de Educaci\u00f3n de aquel tiempo que ten\u00edan que ver con la terminalidad, vi hoy que la gente m\u00e1s grande puede terminar la escuela secundaria y, sobre todo, se garantiza el derecho a que termine la escuela secundaria, que sus hijos hoy est\u00e9n estudiando y sobre todo con algo que tiene que ver con la idea de futuro. Hoy en Tintina hay un futuro posible de desarrollo profesional que no lo hab\u00eda hace 15 o 20 a\u00f1os. No hab\u00eda escuela secundaria p\u00fablica, los pibes, sobre todo del campo, los que viven en sectores m\u00e1s alejados de la ciudad no ten\u00edan ninguna perspectiva de futuro que no sea seguir trabajando en los lugares donde ellos trabajaban con sus familias\u00bb,\u00a0 comenta Vagnenkos.\u00a0<\/p>\n<h3>Los otros documentales\u00a0<\/h3>\n<p>Uno de los films que integran las Jornadas ADN es <i><b>Fragmentos rebelados<\/b><\/i>, del recordado <b>David \u00abCoco\u00bb Blaustein<\/b>, en el que el cine y la pol\u00edtica est\u00e1n entrelazados ya no en una pel\u00edcula sino en la vida de una misma persona. Es que al poner el foco en la figura del cineasta desaparecido<b> Enrique Ju\u00e1rez<\/b>, Blaustein tambi\u00e9n lo hizo en la experiencia de una generaci\u00f3n para la cual el cine y la pol\u00edtica estrecharon sus manos. El film aborda la vida de Ju\u00e1rez desde tres aspectos: el familiar, el cinematogr\u00e1fico y el pol\u00edtico.\u00a0<\/p>\n<p><b><i>La hija del no<\/i>, de Silvia Hermosa<\/b>, enfoca en las calles de Esquel, Chubut, donde a trav\u00e9s de la movilizaci\u00f3n permanente, las mujeres que comenzaron a generar conciencia all\u00e1 por el 2002 siguen enfrentando a los embates de los empresarios de la mega miner\u00eda transnacional contra las monta\u00f1as patag\u00f3nicas. Este film se propone narrar la historia de las docentes de la universidad p\u00fablica argentina que se dieron el trabajo de\u00a0 investigar y denunciar el impacto ambiental, de desarmar el discurso extractivista mentiroso y generar la movilizaci\u00f3n por el voto popular en el plebiscito del a\u00f1o 2003 que determin\u00f3 que la ciudadan\u00eda de <b>Esquel <\/b>expresara un rotundo <b>\u201cNo a la Miner\u00eda a cielo abierto\u201d<\/b>.<\/p>\n<div class=\"medium-insert-embeds\">\n<figure>\n<div class=\"medium-insert-embed\">\n<div align=\"center\">\n<figure role=\"group\" class=\"caption caption-drupal-entity\"><figcaption>Fragmentos rebelados, de David \u00abCoco\u00bb Blaustein.<\/figcaption><\/figure>\n<\/div>\n<\/div><figcaption>\u00a0<\/figcaption><\/figure>\n<p>\u00a0<\/p>\n<\/div>\n<p>\u00a0<\/p>\n<p><i><b>El sonido de antes<\/b><\/i>, dirigido por <b>Yael Szmulewicz<\/b>, posa su mirada en <b>Patricio Crom<\/b>, un coleccionista de guitarras antiguas. Al encontrarse con una vieja guitarra boca de estrella -como la que usaba Gardel-, se propone recuperar su sonido original. Para ello convoca a guitarristas y especialistas en sistemas de grabaci\u00f3n ac\u00fastica y luther\u00eda, que lo ayudan a tratar de encontrar el sonido de antes.<\/p>\n<p><b>Nicol\u00e1s Prividera <\/b>presentar\u00e1 <i><b>Cartas a una se\u00f1orita en Par\u00eds<\/b><\/i>. Una carta sobre la persistencia de los fantasmas, lo inaprensible del pasado y sus huellas en el presente. Una ciudad en dos tiempos, con 50 a\u00f1os de diferencia. Im\u00e1genes y palabras que se mezclan y superponen, mientras la memoria recorre cementerios, museos, ausencias. Y de pronto algo estalla.<\/p>\n<p><i><b>Grete, la mirada oblicua<\/b><\/i>, dirigida por<b> Matilde Michanie y Pablo Zubizarreta<\/b>, enfoca en <b>Grete Stern<\/b>, que elige ser fot\u00f3grafa. Despu\u00e9s tambi\u00e9n elige ser argentina y entrelaza ambas elecciones para dejar un archivo \u00fanico, original y privilegiado de im\u00e1genes de nuestro pa\u00eds. Esas fotograf\u00edas tienen hoy el valor de un registro perdurable destinado a comprender el mundo en el que vivimos y los mundos internos que nos atraviesan.<\/p>\n<p><!-- Live Blog Post --><\/div>\n<p><a href=\"https:\/\/www.pagina12.com.ar\/828869-comienzan-las-jornadas-documentales-adn\">source<\/a><\/p>\n","protected":false},"excerpt":{"rendered":"<p>Resistir haciendo cine es la idea de la Asociaci\u00f3n de Directores y Productores de Cine&#8230;<\/p>\n","protected":false},"author":0,"featured_media":198687,"comment_status":"open","ping_status":"open","sticky":false,"template":"","format":"standard","meta":{"footnotes":""},"categories":[4],"tags":[],"class_list":["post-198686","post","type-post","status-publish","format-standard","has-post-thumbnail","hentry","category-espectaculos"],"featured_image_urls":{"full":["https:\/\/radiofenix.com.ar\/2023\/wp-content\/uploads\/2025\/05\/wp-header-logo-158.png",960,540,false],"thumbnail":["https:\/\/radiofenix.com.ar\/2023\/wp-content\/uploads\/2025\/05\/wp-header-logo-158-150x150.png",150,150,true],"medium":["https:\/\/radiofenix.com.ar\/2023\/wp-content\/uploads\/2025\/05\/wp-header-logo-158-300x169.png",300,169,true],"medium_large":["https:\/\/radiofenix.com.ar\/2023\/wp-content\/uploads\/2025\/05\/wp-header-logo-158-768x432.png",640,360,true],"large":["https:\/\/radiofenix.com.ar\/2023\/wp-content\/uploads\/2025\/05\/wp-header-logo-158.png",640,360,false],"1536x1536":["https:\/\/radiofenix.com.ar\/2023\/wp-content\/uploads\/2025\/05\/wp-header-logo-158.png",960,540,false],"2048x2048":["https:\/\/radiofenix.com.ar\/2023\/wp-content\/uploads\/2025\/05\/wp-header-logo-158.png",960,540,false],"newsium-slider-full":["https:\/\/radiofenix.com.ar\/2023\/wp-content\/uploads\/2025\/05\/wp-header-logo-158.png",960,540,false],"newsium-featured":["https:\/\/radiofenix.com.ar\/2023\/wp-content\/uploads\/2025\/05\/wp-header-logo-158.png",960,540,false],"newsium-medium":["https:\/\/radiofenix.com.ar\/2023\/wp-content\/uploads\/2025\/05\/wp-header-logo-158-720x475.png",720,475,true]},"author_info":{"info":[""]},"category_info":"<a href=\"https:\/\/radiofenix.com.ar\/2023\/category\/espectaculos\/\" rel=\"category tag\">Espectaculos<\/a>","tag_info":"Espectaculos","comment_count":"0","_links":{"self":[{"href":"https:\/\/radiofenix.com.ar\/2023\/wp-json\/wp\/v2\/posts\/198686","targetHints":{"allow":["GET"]}}],"collection":[{"href":"https:\/\/radiofenix.com.ar\/2023\/wp-json\/wp\/v2\/posts"}],"about":[{"href":"https:\/\/radiofenix.com.ar\/2023\/wp-json\/wp\/v2\/types\/post"}],"replies":[{"embeddable":true,"href":"https:\/\/radiofenix.com.ar\/2023\/wp-json\/wp\/v2\/comments?post=198686"}],"version-history":[{"count":0,"href":"https:\/\/radiofenix.com.ar\/2023\/wp-json\/wp\/v2\/posts\/198686\/revisions"}],"wp:featuredmedia":[{"embeddable":true,"href":"https:\/\/radiofenix.com.ar\/2023\/wp-json\/wp\/v2\/media\/198687"}],"wp:attachment":[{"href":"https:\/\/radiofenix.com.ar\/2023\/wp-json\/wp\/v2\/media?parent=198686"}],"wp:term":[{"taxonomy":"category","embeddable":true,"href":"https:\/\/radiofenix.com.ar\/2023\/wp-json\/wp\/v2\/categories?post=198686"},{"taxonomy":"post_tag","embeddable":true,"href":"https:\/\/radiofenix.com.ar\/2023\/wp-json\/wp\/v2\/tags?post=198686"}],"curies":[{"name":"wp","href":"https:\/\/api.w.org\/{rel}","templated":true}]}}