{"id":198690,"date":"2025-05-28T08:58:08","date_gmt":"2025-05-28T08:58:08","guid":{"rendered":"https:\/\/radiofenix.com.ar\/2023\/un-paraplejico-vuelve-a-caminar-gracias-a-la-neuroestimulacion-de-la-medula\/"},"modified":"2025-05-28T08:58:08","modified_gmt":"2025-05-28T08:58:08","slug":"un-paraplejico-vuelve-a-caminar-gracias-a-la-neuroestimulacion-de-la-medula","status":"publish","type":"post","link":"https:\/\/radiofenix.com.ar\/2023\/un-paraplejico-vuelve-a-caminar-gracias-a-la-neuroestimulacion-de-la-medula\/","title":{"rendered":"Un parapl\u00e9jico vuelve a caminar gracias a la neuroestimulaci\u00f3n de la m\u00e9dula\u00a0"},"content":{"rendered":"<div><!-- Body --><\/p>\n<p>Un hombre de 33 a\u00f1os que hab\u00eda quedado <b>parapl\u00e9jico por una lesi\u00f3n medular traum\u00e1tica<\/b> consigui\u00f3<b> volver a caminar<\/b>, con ayuda de un <b>andador <\/b>y un<b> dispositivo ortop\u00e9dico<\/b>, gracias a una <b>terapia de neuroestimulaci\u00f3n medular y rehabilitaci\u00f3n<\/b>.<\/p>\n<p>El caso se explica en un estudio que publica <i>Cell Med<\/i> firmado por cient\u00edficos italianos y es el <b>primero en el mundo <\/b>que documenta la <b>recuperaci\u00f3n de la marcha gracias a la estimulaci\u00f3n el\u00e9ctrica epidural de un paciente con ese tipo de lesi\u00f3n.<\/b><\/p>\n<p>El hombre sufri\u00f3 hace cuatro a\u00f1os una lesi\u00f3n de la m\u00e9dula a nivel de las v\u00e9rtebras T11 y T12, que afectaba tambi\u00e9n al cono medular (parte terminal de la m\u00e9dula espinal), lo que le caus\u00f3 un grave d\u00e9ficit motor debido a <b>da\u00f1os tanto en el sistema nervioso central como en el perif\u00e9rico.<\/b><\/p>\n<p>El equipo de investigadores liderado por el Hospital San Rafael de la ciudad de Mil\u00e1n implant\u00f3 al paciente un neuroestimulador medular en el espacio epidural y aplic\u00f3 protocolos espec\u00edficos de estimulaci\u00f3n y rehabilitaci\u00f3n, lo que mejor\u00f3 significativamente la fuerza muscular, la marcha y el control motor.<\/p>\n<p>Cuando le dieron el alta, tras el tratamiento, era capaz de caminar 58 metros en seis minutos y completar la prueba de los 10 metros en poco m\u00e1s de 40 segundos.<\/p>\n<p>Seis meses m\u00e1s tarde, ya caminaba un kil\u00f3metro con la \u00fanica ayuda de un andador y unas \u00f3rtesis (dispositivo ortop\u00e9dico) en las piernas, lo que es calificado como \u201cel hito m\u00e1s incre\u00edble\u201d, por parte del equipo, inform\u00f3 el Hospital San Rafael.  <\/p>\n<p>El neurocirujano y primer firmante del art\u00edculo, Luigi Albano, dijo que con la estimulaci\u00f3n el\u00e9ctrica epidural asistida por rehabilitaci\u00f3n <b>se pudieron restablecer las funciones motoras de \u201clas extremidades inferiores<\/b> en un paciente que sufr\u00eda paraplejia (\u2026)  permiti\u00e9ndole lograr la posici\u00f3n erguida y caminar distancias cortas\u201d.<\/p>\n<p>Adem\u00e1s de la recuperaci\u00f3n motora, la estimulaci\u00f3n produjo \u201cuna mejora cl\u00ednicamente relevante del dolor neurop\u00e1tico y de la calidad de vida general del paciente\u00bb, agreg\u00f3 el investigador del Hospital San Rafael. <\/p>\n<p>Los resultados de este estudio, seg\u00fan Pietro Mortini, otro del los firmantes, \u201cofrecen <b>nuevas esperanzas a los pacientes con lesiones medulares graves<\/b> que han experimentado un largo periodo de inmovilidad\u201d, al ofrecerles la posibilidad \u201cde recuperaciones impensables hasta hace poco\u201d.<\/p>\n<p> Los traumatismos del cono medular suelen ser causados por <b>accidentes de tr\u00e1nsito<\/b>, <b>ca\u00eddas <\/b>o <b>sucesos violento<\/b>s y representan <b>m\u00e1s del 50 % de las lesiones<\/b> que afectan a la uni\u00f3n entre la m\u00e9dula y las ra\u00edces espinales. Debido a las zonas que afectan son de los m\u00e1s dif\u00edciles de tratar y las opciones son limitadas.<\/p>\n<p>El cuadro cl\u00ednico puede variar de un paciente a otro, pero en la mayor\u00eda de los casos hay d\u00e9ficits motores y sensoriales graves y persistentes que <b>afectan profundamente a la calidad de vida y la autonom\u00eda.<\/b><\/p>\n<p>El equipo implant\u00f3 al paciente entre las v\u00e9rtebras T11 y L1 un sistema de estimulaci\u00f3n de la m\u00e9dula espinal con 32 electrodos, que permiti\u00f3 reactivar algunos circuitos nerviosos residuales, en particular los esenciales para recuperar la postura y la marcha.<\/p>\n<p>Despu\u00e9s, se someti\u00f3 a un innovador programa de rehabilitaci\u00f3n que integraba ejercicios en un entorno de realidad virtual, utilizando retroalimentaci\u00f3n sensorial y motora, precis\u00f3 el  hospital.<\/p>\n<p>En tres meses, el paciente mostr\u00f3 una mejora de la movilidad de las extremidades inferiores y del control postural del tronco en posici\u00f3n sentada. Todo un proceso que le llev\u00f3 a caminar un kil\u00f3metro. <\/p>\n<p>Este tratamiento demuestra \u201clo crucial que es el trabajo en equipo entre fisioterapeutas, fisiatras, neur\u00f3logos, neurocirujanos e ingenieros\u201d, en opini\u00f3n de Sandro Iannaccone, tambi\u00e9n firmante del estudio.<\/p>\n<p>Seg\u00fan el investigador, solo gracias a una estrecha colaboraci\u00f3n y a un enfoque multidisciplinar, que integra t\u00e9cnicas avanzadas de neuromodulaci\u00f3n con una rehabilitaci\u00f3n tecnol\u00f3gica y personalizada, \u201cha sido posible lograr resultados tan significativos en la recuperaci\u00f3n motora del paciente\u201d.\u00a0<\/p>\n<p><!-- Live Blog Post --><\/div>\n<p><a href=\"https:\/\/www.pagina12.com.ar\/829186-un-paraplejico-vuelve-a-caminar-gracias-a-la-neuroestimulaci\">source<\/a><\/p>\n","protected":false},"excerpt":{"rendered":"<p>Un hombre de 33 a\u00f1os que hab\u00eda quedado parapl\u00e9jico por una lesi\u00f3n medular traum\u00e1tica consigui\u00f3&#8230;<\/p>\n","protected":false},"author":0,"featured_media":198691,"comment_status":"open","ping_status":"open","sticky":false,"template":"","format":"standard","meta":{"footnotes":""},"categories":[7],"tags":[],"class_list":["post-198690","post","type-post","status-publish","format-standard","has-post-thumbnail","hentry","category-sociedad"],"featured_image_urls":{"full":["https:\/\/radiofenix.com.ar\/2023\/wp-content\/uploads\/2025\/05\/wp-header-logo-160.png",960,540,false],"thumbnail":["https:\/\/radiofenix.com.ar\/2023\/wp-content\/uploads\/2025\/05\/wp-header-logo-160-150x150.png",150,150,true],"medium":["https:\/\/radiofenix.com.ar\/2023\/wp-content\/uploads\/2025\/05\/wp-header-logo-160-300x169.png",300,169,true],"medium_large":["https:\/\/radiofenix.com.ar\/2023\/wp-content\/uploads\/2025\/05\/wp-header-logo-160-768x432.png",640,360,true],"large":["https:\/\/radiofenix.com.ar\/2023\/wp-content\/uploads\/2025\/05\/wp-header-logo-160.png",640,360,false],"1536x1536":["https:\/\/radiofenix.com.ar\/2023\/wp-content\/uploads\/2025\/05\/wp-header-logo-160.png",960,540,false],"2048x2048":["https:\/\/radiofenix.com.ar\/2023\/wp-content\/uploads\/2025\/05\/wp-header-logo-160.png",960,540,false],"newsium-slider-full":["https:\/\/radiofenix.com.ar\/2023\/wp-content\/uploads\/2025\/05\/wp-header-logo-160.png",960,540,false],"newsium-featured":["https:\/\/radiofenix.com.ar\/2023\/wp-content\/uploads\/2025\/05\/wp-header-logo-160.png",960,540,false],"newsium-medium":["https:\/\/radiofenix.com.ar\/2023\/wp-content\/uploads\/2025\/05\/wp-header-logo-160-720x475.png",720,475,true]},"author_info":{"info":[""]},"category_info":"<a href=\"https:\/\/radiofenix.com.ar\/2023\/category\/sociedad\/\" rel=\"category tag\">Sociedad<\/a>","tag_info":"Sociedad","comment_count":"0","_links":{"self":[{"href":"https:\/\/radiofenix.com.ar\/2023\/wp-json\/wp\/v2\/posts\/198690","targetHints":{"allow":["GET"]}}],"collection":[{"href":"https:\/\/radiofenix.com.ar\/2023\/wp-json\/wp\/v2\/posts"}],"about":[{"href":"https:\/\/radiofenix.com.ar\/2023\/wp-json\/wp\/v2\/types\/post"}],"replies":[{"embeddable":true,"href":"https:\/\/radiofenix.com.ar\/2023\/wp-json\/wp\/v2\/comments?post=198690"}],"version-history":[{"count":0,"href":"https:\/\/radiofenix.com.ar\/2023\/wp-json\/wp\/v2\/posts\/198690\/revisions"}],"wp:featuredmedia":[{"embeddable":true,"href":"https:\/\/radiofenix.com.ar\/2023\/wp-json\/wp\/v2\/media\/198691"}],"wp:attachment":[{"href":"https:\/\/radiofenix.com.ar\/2023\/wp-json\/wp\/v2\/media?parent=198690"}],"wp:term":[{"taxonomy":"category","embeddable":true,"href":"https:\/\/radiofenix.com.ar\/2023\/wp-json\/wp\/v2\/categories?post=198690"},{"taxonomy":"post_tag","embeddable":true,"href":"https:\/\/radiofenix.com.ar\/2023\/wp-json\/wp\/v2\/tags?post=198690"}],"curies":[{"name":"wp","href":"https:\/\/api.w.org\/{rel}","templated":true}]}}