{"id":198708,"date":"2025-05-29T08:58:17","date_gmt":"2025-05-29T08:58:17","guid":{"rendered":"https:\/\/radiofenix.com.ar\/2023\/interna-libertaria-los-biografos-de-milei-y-lilia-lemoine-le-apuntaron-con-todo-a-victoria-villarruel\/"},"modified":"2025-05-29T08:58:17","modified_gmt":"2025-05-29T08:58:17","slug":"interna-libertaria-los-biografos-de-milei-y-lilia-lemoine-le-apuntaron-con-todo-a-victoria-villarruel","status":"publish","type":"post","link":"https:\/\/radiofenix.com.ar\/2023\/interna-libertaria-los-biografos-de-milei-y-lilia-lemoine-le-apuntaron-con-todo-a-victoria-villarruel\/","title":{"rendered":"Interna libertaria: los bi\u00f3grafos de Milei y Lilia Lemoine le apuntaron con todo a Victoria Villarruel"},"content":{"rendered":"<div id=\"\">\n<p>Como si eso no alcanzara, redobl\u00f3 la apuesta apuntando contra el periodista espa\u00f1ol <strong>Javier Garc\u00eda<\/strong> <strong>Negre,<\/strong> del sitio La Derecha Diario: <strong>\u201cHay que ser muy cipayo para apoyar a un extranjero denigrando a un argentino; hoy soy yo, con el silencio c\u00f3mplice de quienes debieran ponerle la correa a este caniche\u201d.<\/strong><\/p>\n<div contenteditable=\"false\" class=\"embed_cont type_freetext\" rel=\"freetext\" id=\"embed2996_wrap\" data-provider=\"Twitter\" style=\"opacity:1;height:auto;\">\n<p> Embed &#8211; https:\/\/publish.twitter.com\/oembed?url=https:\/\/x.com\/VickyVillarruel\/status\/1927161256756089132?ref_src=twsrc%5Etfw%7Ctwcamp%5Etweetembed%7Ctwterm%5E1927161256756089132%7Ctwgr%5E0a3b9788cbe5f2d5c8e876bf8f1109832b831422%7Ctwcon%5Es1_&amp;ref_url=https%3A%2F%2Fwww.c5n.com%2Fpolitica%2Fdura-arremetida-los-biografos-milei-y-lilia-lemoine-contra-victoria-villarruel-n202296&amp;partner=&amp;hide_thread=false<span onclick=\"parent.parent.TinyMCETdcuerpo.preview_embed('embed2996')\" class=\"embed_colapse less\" id=\"embed2996_colapse\"\/><span onclick=\"parent.parent.TinyMCETdcuerpo.delete_embed('embed2996')\" class=\"embed_delete less\" id=\"embed2996_delete\"\/><\/p>\n<div id=\"embed2996_content\" class=\"embed_content\">\n<div id=\"embed2996_embed\">\n<blockquote data-td-script-src=\"https:\/\/platform.twitter.com\/widgets.js\" class=\"twitter-tweet\">\n<p dir=\"ltr\" lang=\"es\"> La casta ataca. La casta y los periodistas ensobrados van por los ciudadanos que ingresamos a la pol\u00edtica y no transamos, no metemos parientes, no traicionamos y tenemos honor. Tantos comentarios y ninguna prueba. Va a estar sucia la campa\u00f1a aunque no participe en ella.<\/p>\n<p> \u2014 Victoria Villarruel (@VickyVillarruel) <a href=\"https:\/\/twitter.com\/VickyVillarruel\/status\/1927161256756089132?ref_src=twsrc%5Etfw\">May 27, 2025<\/a><\/p><\/blockquote>\n<\/div><\/div>\n<\/p><\/div>\n<p>La respuesta no tard\u00f3 en llegar. <strong>Nicol\u00e1s M\u00e1rquez, <\/strong>que coescribi\u00f3 junto a Ducl\u00f3s la biograf\u00eda de Milei, sali\u00f3 al cruce con dureza: \u201c<span class=\"saysCMSEmphasis\" id=\"saysCMSEmphasisgxl0a0eodw\">El nacionalismo es un estadio primitivo, infante, primario y b\u00e1sico del pensamiento pol\u00edtico. No tiene nada que ver con un leg\u00edtimo sentimiento de patriotismo. Es una concepci\u00f3n burda, colectivista y antiliberal\u201d<\/span>, dispar\u00f3.<\/p>\n<p>Y fue a\u00fan m\u00e1s lejos con una comparaci\u00f3n provocadora: <span class=\"saysCMSEmphasis\" id=\"saysCMSEmphasis7rmpscs5uri\">\u201cOcultarse detr\u00e1s de la bandera puede evidenciar que ni siquiera haya ese pensamiento burdo nacionalista, sino que todo sea una excusa para cubrirse el culo. Como cuando se usa la bandera de pareo\u201d<\/span>, lanz\u00f3. Luego, en tono burl\u00f3n, remat\u00f3: <strong>\u201cM\u00e1s que pareo se necesita una carpa de circo\u201d.<\/strong><\/p>\n<p>A esa chicana se sum\u00f3 r\u00e1pidamente Lemoine, quien cit\u00f3 ese \u00faltimo tuit con un seco \u201cBuen d\u00eda\u201d y desliz\u00f3 otra iron\u00eda apuntando directamente contra Villarruel y la diputada Marcela Pagano: <span class=\"saysCMSEmphasis\" id=\"saysCMSEmphasiss93d94jmpng\">\u201cDe aqu\u00ed en m\u00e1s todas las cuentas an\u00f3nimas que repliquen mentiras para difamar gente se llaman Marcela y todas las que traten a otra mujer de trola por ser linda se llaman Victoria\u201d.<\/span><\/p>\n<p>Desde el otro lado del oc\u00e9ano, <strong>Garc\u00eda Negre<\/strong> tambi\u00e9n respondi\u00f3: <span class=\"saysCMSEmphasis\" id=\"saysCMSEmphasisgpdiq5j5su4\">\u201cEsta Villarruel se cree que todos somos como ella, madre m\u00eda. Conspirar contra Javier Milei y rodearse de \u2018monos con pistolas\u2019 le sali\u00f3 caro\u201d<\/span>. Y cerr\u00f3 con una cr\u00edtica demoledora:<span class=\"saysCMSEmphasis\" id=\"saysCMSEmphasisep97vlroixb\"> \u201cQu\u00e9 manera m\u00e1s torpe de caer en la irrelevancia pol\u00edtica. Su respuesta es el bloqueo\u201d<\/span>.<\/p>\n<p>Lejos de los discursos de unidad con los que se intent\u00f3 presentar a La Libertad Avanza durante la campa\u00f1a, los cruces entre sus figuras m\u00e1s conocidas ya son moneda corriente. Mientras Milei intenta sostener la narrativa del enemigo com\u00fan, sus aliados se cruzan entre s\u00ed con una violencia verbal que no para de crecer. Y que empieza a dejar heridas dif\u00edciles de disimular.<\/p>\n<div contenteditable=\"false\" class=\"embed_cont type_freetext\" rel=\"freetext\" id=\"embed28_wrap\">\n<p> Embed <span onclick=\"parent.parent.TinyMCETdcuerpo.preview_embed('embed28')\" class=\"embed_colapse less\" id=\"embed28_colapse\"\/>  <span onclick=\"parent.parent.TinyMCETdcuerpo.delete_embed('embed28')\" class=\"embed_delete less\" id=\"embed28_delete\"\/><\/p>\n<div id=\"embed28_content\" class=\"embed_content\">\n<div id=\"embed28_embed\">\n<figure class=\"figure\"><a href=\"https:\/\/t.me\/minutounocom\" target=\"_blank\" rel=\"noopener\"><img decoding=\"async\" src=\"https:\/\/media.minutouno.com\/adjuntos\/150\/banners\/039\/099\/0039099175.jpg\" class=\"figure-img img-fluid\" style=\"width:100%;height:auto;\"\/><\/a><\/figure>\n<\/p><\/div>\n<\/div><\/div>\n<\/div>\n<p><a href=\"https:\/\/www.minutouno.com\/politica\/interna-libertaria-los-biografos-milei-y-lilia-lemoine-le-apuntaron-todo-victoria-villarruel-n6149897\">source<\/a><\/p>\n","protected":false},"excerpt":{"rendered":"<p>Como si eso no alcanzara, redobl\u00f3 la apuesta apuntando contra el periodista espa\u00f1ol Javier Garc\u00eda&#8230;<\/p>\n","protected":false},"author":0,"featured_media":198709,"comment_status":"open","ping_status":"open","sticky":false,"template":"","format":"standard","meta":{"footnotes":""},"categories":[2],"tags":[],"class_list":["post-198708","post","type-post","status-publish","format-standard","has-post-thumbnail","hentry","category-politica"],"featured_image_urls":{"full":["https:\/\/radiofenix.com.ar\/2023\/wp-content\/uploads\/2025\/05\/wp-header-logo-169.png",730,100,false],"thumbnail":["https:\/\/radiofenix.com.ar\/2023\/wp-content\/uploads\/2025\/05\/wp-header-logo-169-150x100.png",150,100,true],"medium":["https:\/\/radiofenix.com.ar\/2023\/wp-content\/uploads\/2025\/05\/wp-header-logo-169-300x41.png",300,41,true],"medium_large":["https:\/\/radiofenix.com.ar\/2023\/wp-content\/uploads\/2025\/05\/wp-header-logo-169.png",640,88,false],"large":["https:\/\/radiofenix.com.ar\/2023\/wp-content\/uploads\/2025\/05\/wp-header-logo-169.png",640,88,false],"1536x1536":["https:\/\/radiofenix.com.ar\/2023\/wp-content\/uploads\/2025\/05\/wp-header-logo-169.png",730,100,false],"2048x2048":["https:\/\/radiofenix.com.ar\/2023\/wp-content\/uploads\/2025\/05\/wp-header-logo-169.png",730,100,false],"newsium-slider-full":["https:\/\/radiofenix.com.ar\/2023\/wp-content\/uploads\/2025\/05\/wp-header-logo-169.png",730,100,false],"newsium-featured":["https:\/\/radiofenix.com.ar\/2023\/wp-content\/uploads\/2025\/05\/wp-header-logo-169.png",730,100,false],"newsium-medium":["https:\/\/radiofenix.com.ar\/2023\/wp-content\/uploads\/2025\/05\/wp-header-logo-169-720x100.png",720,100,true]},"author_info":{"info":[""]},"category_info":"<a href=\"https:\/\/radiofenix.com.ar\/2023\/category\/politica\/\" rel=\"category tag\">Pol\u00edtica<\/a>","tag_info":"Pol\u00edtica","comment_count":"0","_links":{"self":[{"href":"https:\/\/radiofenix.com.ar\/2023\/wp-json\/wp\/v2\/posts\/198708","targetHints":{"allow":["GET"]}}],"collection":[{"href":"https:\/\/radiofenix.com.ar\/2023\/wp-json\/wp\/v2\/posts"}],"about":[{"href":"https:\/\/radiofenix.com.ar\/2023\/wp-json\/wp\/v2\/types\/post"}],"replies":[{"embeddable":true,"href":"https:\/\/radiofenix.com.ar\/2023\/wp-json\/wp\/v2\/comments?post=198708"}],"version-history":[{"count":0,"href":"https:\/\/radiofenix.com.ar\/2023\/wp-json\/wp\/v2\/posts\/198708\/revisions"}],"wp:featuredmedia":[{"embeddable":true,"href":"https:\/\/radiofenix.com.ar\/2023\/wp-json\/wp\/v2\/media\/198709"}],"wp:attachment":[{"href":"https:\/\/radiofenix.com.ar\/2023\/wp-json\/wp\/v2\/media?parent=198708"}],"wp:term":[{"taxonomy":"category","embeddable":true,"href":"https:\/\/radiofenix.com.ar\/2023\/wp-json\/wp\/v2\/categories?post=198708"},{"taxonomy":"post_tag","embeddable":true,"href":"https:\/\/radiofenix.com.ar\/2023\/wp-json\/wp\/v2\/tags?post=198708"}],"curies":[{"name":"wp","href":"https:\/\/api.w.org\/{rel}","templated":true}]}}