{"id":198716,"date":"2025-05-30T08:58:21","date_gmt":"2025-05-30T08:58:21","guid":{"rendered":"https:\/\/radiofenix.com.ar\/2023\/por-que-el-tenista-richard-gasquet-fue-tendencia\/"},"modified":"2025-05-30T08:58:21","modified_gmt":"2025-05-30T08:58:21","slug":"por-que-el-tenista-richard-gasquet-fue-tendencia","status":"publish","type":"post","link":"https:\/\/radiofenix.com.ar\/2023\/por-que-el-tenista-richard-gasquet-fue-tendencia\/","title":{"rendered":"\u00bfPor qu\u00e9 el tenista Richard Gasquet fue tendencia?"},"content":{"rendered":"<div><!-- Body --><\/p>\n<p>El tenista franc\u00e9s <b>Richard Gasquet<\/b> se convirti\u00f3 este jueves en <b>tendencia <\/b>en redes sociales y tambi\u00e9n en buscadores como <b>Google<\/b>. \u00bfA qu\u00e9 se debe la reacci\u00f3n de los usuarios?<\/p>\n<p>Es que el habilidoso jugador <b>disput\u00f3 su \u00faltimo partido en el circuito de tenis profesional<\/b> al caer con el n\u00famero 1 del mundo, el italiano <b>Jannik Sinner<\/b>, por la segunda ronda de <b>Roland Garros<\/b>.<\/p>\n<div class=\"iframely-embed medium-embedded-content\" data-html=\"Jmx0O2RpdiZndDsmbHQ7ZGl2IHN0eWxlPSJsZWZ0OiAwOyB3aWR0aDogMTAwJTsgaGVpZ2h0OiAwOyBwb3NpdGlvbjogcmVsYXRpdmU7IHBhZGRpbmctYm90dG9tOiA1Ni40NTgzJTsiJmd0OyZsdDtpZnJhbWUgc3JjPSJodHRwczovL2lmcmFtZWx5LnBhZ2luYTEyLmNvbS5hci9hcGkvaWZyYW1lP2NsaWNrX3RvX3BsYXk9MSZhbXA7dXJsPWh0dHBzJTNBJTJGJTJGZ2VvLmRhaWx5bW90aW9uLmNvbSUyRnBsYXllciUyRnh0NWVlLmh0bWwlM0Z2aWRlbyUzRHg5a2gzbG0mYW1wO2tleT00Njc2YjVmZGMwODMyNTdlYTg3ZjcxNjA4Yzc0ZTlmZSIgc3R5bGU9InRvcDogMDsgbGVmdDogMDsgd2lkdGg6IDEwMCU7IGhlaWdodDogMTAwJTsgcG9zaXRpb246IGFic29sdXRlOyBib3JkZXI6IDA7IiBhbGxvd2Z1bGxzY3JlZW4gc2Nyb2xsaW5nPSJubyIgYWxsb3c9ImVuY3J5cHRlZC1tZWRpYSAqOyImZ3Q7Jmx0Oy9pZnJhbWUmZ3Q7Jmx0Oy9kaXYmZ3Q7Jmx0Oy9kaXYmZ3Q7Jmx0O2RpdiBjbGFzcz0ibWVkaXVtLWluc2VydC1lbWJlZHMtbWV0YSImZ3Q7Jmx0O3NjcmlwdCB0eXBlPSJ0ZXh0L2pzb24iJmd0O3sidXJsIjoiaHR0cHM6Ly9nZW8uZGFpbHltb3Rpb24uY29tL3BsYXllci94dDVlZS5odG1sP3ZpZGVvPXg5a2gzbG0iLCJ0eXBlIjoidmlkZW8iLCJ2ZXJzaW9uIjoiMS4wIiwidGl0bGUiOiJSaWNoYXJkIEdhc3F1ZXQgcGVyZGnDsyBjb24gSmFubmlrIFNpbm5lciB5IHNlIHJldGlyw7MgZGVsIHRlbmlzIiwiYXV0aG9yIjoiUMOhZ2luYTEyIiwiYXV0aG9yX3VybCI6Imh0dHBzOi8vd3d3LmRhaWx5bW90aW9uLmNvbS9QYWdpbmExMiIsInByb3ZpZGVyX25hbWUiOiJEYWlseW1vdGlvbiIsImRlc2NyaXB0aW9uIjoiVmVyIFJpY2hhcmQgR2FzcXVldCBwZXJkacOzIGNvbiBKYW5uaWsgU2lubmVyIHkgc2UgcmV0aXLDsyBkZWwgdGVuaXMgLSBQw6FnaW5hMTIgZW4gRGFpbHltb3Rpb24iLCJ0aHVtYm5haWxfdXJsIjoiaHR0cHM6Ly9zMi5kbWNkbi5uZXQvdi9ZVjhIdzFlRUYtZ0tVWUFUci94NzIwIiwidGh1bWJuYWlsX3dpZHRoIjoxMjgwLCJ0aHVtYm5haWxfaGVpZ2h0Ijo3MjAsImNhY2hlX2FnZSI6ODY0MDB9Jmx0Oy9zY3JpcHQmZ3Q7Jmx0Oy9kaXYmZ3Q7\">\n                <a data-iframely-url=\"\" href=\"https:\/\/geo.dailymotion.com\/player\/xt5ee.html?video=x9kh3lm\">https:\/\/geo.dailymotion.com\/player\/xt5ee.html?video=x9kh3lm<\/a>\n              <\/div>\n<p>Gasquet, con 16 t\u00edtulos ATP y tres semifinales de Grand Slam en su palmar\u00e9s, estuvo presente por 22\u00ba ocasi\u00f3n en el cuadro final del Abierto de Francia.<\/p>\n<h2>Qu\u00e9 es lo que m\u00e1s se busc\u00f3 en Google sobre Richard Gasquet<\/h2>\n<h3>Gasquet edad<\/h3>\n<p>El franc\u00e9s, due\u00f1o de <b>16 t\u00edtulos ATP y ganador de la Copa Davis con su pa\u00eds en 2017<\/b>, colg\u00f3 su raqueta a los <b>39 a\u00f1os<\/b>. Adem\u00e1s, el jugador galo lleg\u00f3 a ocupar el n\u00famero 7 del r\u00e1nking mundial. Profesional desde 2002, con 610 victorias en 23 a\u00f1os de carrera, Gasquet fue semifinalista en Wimbledon en 2007 y 2015, y en el US Open de 2013.<\/p>\n<h3>Gasquet vs Sinner<\/h3>\n<p><b>Sinner, que va en busca de su cuarto t\u00edtulo de Grand Slam, se impuso a Gasquet por 6-3, 6-0 y 6-4 <\/b>luego de una hora y 57 minutos de juego, ante un p\u00fablico que se rindi\u00f3 en el estadio Philippe Chatrier ante uno de los mejores jugadores franceses de la historia.<\/p>\n<h3>Djokovic<\/h3>\n<p>El serbio fue una de las b\u00fasquedas vinculadas a Gasquet ya que tambi\u00e9n disput\u00f3 su encuentro por la segunda ronda de Roland Garros. <b>Novak avanz\u00f3 a la tercera fase tras superar al franc\u00e9s Corentin Moutet<\/b> en tres sets corridos por 6-3, 6-2 y 7-6(1).<\/p>\n<p><!-- Live Blog Post --><\/div>\n<p><a href=\"https:\/\/www.pagina12.com.ar\/829830-por-que-el-tenista-richard-gasquet-fue-tendencia\">source<\/a><\/p>\n","protected":false},"excerpt":{"rendered":"<p>El tenista franc\u00e9s Richard Gasquet se convirti\u00f3 este jueves en tendencia en redes sociales y&#8230;<\/p>\n","protected":false},"author":0,"featured_media":198717,"comment_status":"open","ping_status":"open","sticky":false,"template":"","format":"standard","meta":{"footnotes":""},"categories":[3],"tags":[],"class_list":["post-198716","post","type-post","status-publish","format-standard","has-post-thumbnail","hentry","category-deportes"],"featured_image_urls":{"full":["https:\/\/radiofenix.com.ar\/2023\/wp-content\/uploads\/2025\/05\/wp-header-logo-173.png",960,540,false],"thumbnail":["https:\/\/radiofenix.com.ar\/2023\/wp-content\/uploads\/2025\/05\/wp-header-logo-173-150x150.png",150,150,true],"medium":["https:\/\/radiofenix.com.ar\/2023\/wp-content\/uploads\/2025\/05\/wp-header-logo-173-300x169.png",300,169,true],"medium_large":["https:\/\/radiofenix.com.ar\/2023\/wp-content\/uploads\/2025\/05\/wp-header-logo-173-768x432.png",640,360,true],"large":["https:\/\/radiofenix.com.ar\/2023\/wp-content\/uploads\/2025\/05\/wp-header-logo-173.png",640,360,false],"1536x1536":["https:\/\/radiofenix.com.ar\/2023\/wp-content\/uploads\/2025\/05\/wp-header-logo-173.png",960,540,false],"2048x2048":["https:\/\/radiofenix.com.ar\/2023\/wp-content\/uploads\/2025\/05\/wp-header-logo-173.png",960,540,false],"newsium-slider-full":["https:\/\/radiofenix.com.ar\/2023\/wp-content\/uploads\/2025\/05\/wp-header-logo-173.png",960,540,false],"newsium-featured":["https:\/\/radiofenix.com.ar\/2023\/wp-content\/uploads\/2025\/05\/wp-header-logo-173.png",960,540,false],"newsium-medium":["https:\/\/radiofenix.com.ar\/2023\/wp-content\/uploads\/2025\/05\/wp-header-logo-173-720x475.png",720,475,true]},"author_info":{"info":[""]},"category_info":"<a href=\"https:\/\/radiofenix.com.ar\/2023\/category\/deportes\/\" rel=\"category tag\">Deportes<\/a>","tag_info":"Deportes","comment_count":"0","_links":{"self":[{"href":"https:\/\/radiofenix.com.ar\/2023\/wp-json\/wp\/v2\/posts\/198716","targetHints":{"allow":["GET"]}}],"collection":[{"href":"https:\/\/radiofenix.com.ar\/2023\/wp-json\/wp\/v2\/posts"}],"about":[{"href":"https:\/\/radiofenix.com.ar\/2023\/wp-json\/wp\/v2\/types\/post"}],"replies":[{"embeddable":true,"href":"https:\/\/radiofenix.com.ar\/2023\/wp-json\/wp\/v2\/comments?post=198716"}],"version-history":[{"count":0,"href":"https:\/\/radiofenix.com.ar\/2023\/wp-json\/wp\/v2\/posts\/198716\/revisions"}],"wp:featuredmedia":[{"embeddable":true,"href":"https:\/\/radiofenix.com.ar\/2023\/wp-json\/wp\/v2\/media\/198717"}],"wp:attachment":[{"href":"https:\/\/radiofenix.com.ar\/2023\/wp-json\/wp\/v2\/media?parent=198716"}],"wp:term":[{"taxonomy":"category","embeddable":true,"href":"https:\/\/radiofenix.com.ar\/2023\/wp-json\/wp\/v2\/categories?post=198716"},{"taxonomy":"post_tag","embeddable":true,"href":"https:\/\/radiofenix.com.ar\/2023\/wp-json\/wp\/v2\/tags?post=198716"}],"curies":[{"name":"wp","href":"https:\/\/api.w.org\/{rel}","templated":true}]}}